{"id":907,"date":"2018-09-16T17:59:32","date_gmt":"2018-09-16T15:59:32","guid":{"rendered":"https:\/\/sp9kjm.com\/index.php\/2018\/09\/16\/czarek-sp9cv-sk-2\/"},"modified":"2018-09-16T17:59:32","modified_gmt":"2018-09-16T15:59:32","slug":"czarek-sp9cv-sk-2","status":"publish","type":"post","link":"https:\/\/sp9kjm.com\/index.php\/2018\/09\/16\/czarek-sp9cv-sk-2\/","title":{"rendered":"Czarek SP9CV SK"},"content":{"rendered":"<p><img loading=\"lazy\" decoding=\"async\" mce_src=\"https:\/\/sp9kjm.com\/wp-content\/uploads\/2018\/09\/sp9cv.jpg\" src=\"https:\/\/sp9kjm.com\/wp-content\/uploads\/2018\/09\/sp9cv.jpg\" width=\"150\" height=\"211\" mce_style=\"float: left;\" style=\"float: left;\"><\/p>\n<p><span style=\"white-space:pre\" mce_style=\"white-space:pre\">\t<\/span>Z \u017calem informuj\u0119, \u017ce&nbsp;Cezary Motycz\u0144ski  SP9CV,&nbsp;nestor kr\u00f3tkofalarstwa w Cz\u0119stochowie, odszed\u0142 do krainy wiecznych DX-\u00f3w.&nbsp;Uroczysto\u015b\u0107 \u017ca\u0142obna po\u017cegnalna w dniu 19 wrze\u015bnia 2018 r. (\u015broda) o godz. 12:00 w Kaplicy Cmentarza Komunalnego w Cz\u0119stochowie (ul. Radomska 117). Czarek by\u0142 doskona\u0142ym nadawc\u0105, bardzo uczynnym i kole\u017ce\u0144skim. Cz\u0119sto bywa\u0142 na gie\u0142dach i spotkaniach integracyjnych w klubie SP9KRT w Piekarach \u015al\u0105skich w latach 90 \u2013 tych i p\u00f3\u017aniejszych. Zawsze s\u0142u\u017cy\u0142 rad\u0105 i pomoc\u0105 innym kolegom. B\u0119dzie mam Go brakowa\u0142o. Niech odpoczywa w pokoju. Cze\u015b\u0107 Jego pami\u0119ci.<\/p>\n<p><\/p>\n<p> Info : Tadeusz SP9HQJ<\/p>\n","protected":false},"excerpt":{"rendered":"<p>Z \u017calem informuj\u0119, \u017ce&nbsp;Cezary Motycz\u0144ski SP9CV,&nbsp;nestor kr\u00f3tkofalarstwa w Cz\u0119stochowie, odszed\u0142 do krainy wiecznych DX-\u00f3w.&nbsp;Uroczysto\u015b\u0107 \u017ca\u0142obna po\u017cegnalna w dniu 19 wrze\u015bnia 2018 r. (\u015broda) o godz. 12:00 w Kaplicy Cmentarza Komunalnego w Cz\u0119stochowie (ul. Radomska 117). Czarek by\u0142 doskona\u0142ym nadawc\u0105, bardzo &hellip; <a href=\"https:\/\/sp9kjm.com\/index.php\/2018\/09\/16\/czarek-sp9cv-sk-2\/\">Czytaj dalej <span class=\"meta-nav\">&rarr;<\/span><\/a><\/p>\n","protected":false},"author":5,"featured_media":898,"comment_status":"closed","ping_status":"closed","sticky":false,"template":"","format":"standard","meta":{"c2c-post-author-ip":"","footnotes":""},"categories":[38],"tags":[],"class_list":["post-907","post","type-post","status-publish","format-standard","has-post-thumbnail","hentry","category-latest-news"],"_links":{"self":[{"href":"https:\/\/sp9kjm.com\/index.php\/wp-json\/wp\/v2\/posts\/907","targetHints":{"allow":["GET"]}}],"collection":[{"href":"https:\/\/sp9kjm.com\/index.php\/wp-json\/wp\/v2\/posts"}],"about":[{"href":"https:\/\/sp9kjm.com\/index.php\/wp-json\/wp\/v2\/types\/post"}],"author":[{"embeddable":true,"href":"https:\/\/sp9kjm.com\/index.php\/wp-json\/wp\/v2\/users\/5"}],"replies":[{"embeddable":true,"href":"https:\/\/sp9kjm.com\/index.php\/wp-json\/wp\/v2\/comments?post=907"}],"version-history":[{"count":0,"href":"https:\/\/sp9kjm.com\/index.php\/wp-json\/wp\/v2\/posts\/907\/revisions"}],"wp:featuredmedia":[{"embeddable":true,"href":"https:\/\/sp9kjm.com\/index.php\/wp-json\/wp\/v2\/media\/898"}],"wp:attachment":[{"href":"https:\/\/sp9kjm.com\/index.php\/wp-json\/wp\/v2\/media?parent=907"}],"wp:term":[{"taxonomy":"category","embeddable":true,"href":"https:\/\/sp9kjm.com\/index.php\/wp-json\/wp\/v2\/categories?post=907"},{"taxonomy":"post_tag","embeddable":true,"href":"https:\/\/sp9kjm.com\/index.php\/wp-json\/wp\/v2\/tags?post=907"}],"curies":[{"name":"wp","href":"https:\/\/api.w.org\/{rel}","templated":true}]}}