{"id":830,"date":"2016-08-10T00:00:00","date_gmt":"2016-08-09T22:00:00","guid":{"rendered":"https:\/\/sp9kjm.com\/index.php\/2016\/08\/10\/odznaczeni-krotkofalowcy\/"},"modified":"2016-08-10T00:00:00","modified_gmt":"2016-08-09T22:00:00","slug":"odznaczeni-krotkofalowcy","status":"publish","type":"post","link":"https:\/\/sp9kjm.com\/index.php\/2016\/08\/10\/odznaczeni-krotkofalowcy\/","title":{"rendered":"Odznaczeni Kr\u00f3tkofalowcy"},"content":{"rendered":"<p><img loading=\"lazy\" decoding=\"async\" src=\"https:\/\/sp9kjm.com\/wp-content\/uploads\/2016\/08\/1.jpg\" mce_src=\"https:\/\/sp9kjm.com\/wp-content\/uploads\/2016\/08\/1.jpg\" style=\"float: left; margin: 5px;\" mce_style=\"float: left; margin: 5px;\" height=\"180\" width=\"280\">10 sierpnia br. w Domu Kultury \u201eChemik\u201d w Siemianowicach \u015al. odby\u0142a si\u0119 uroczysto\u015b\u0107 odznaczenia 4 zas\u0142u\u017conych dzia\u0142aczy \u2013 kr\u00f3tkofalowc\u00f3w, zrzeszonych w \u015al\u0105skim Oddziale Terenowym Polskiego Zwi\u0105zku Kr\u00f3tkofalowc\u00f3w w Katowicach z siedzib\u0105 w Siemianowicach \u015al. W uroczysto\u015bci tej wzi\u0119\u0142a udzia\u0142 Zast\u0119pca Prezydenta Miasta Siemianowic \u015al. ds. spo\u0142ecznych Anna Zasada \u2013 Chorab, dyrektor Domu Kultury \u201eChemik\u201d Zbigniew Krupski, dyrektor \u015al\u0105skiego Zarz\u0105du Wojew\u00f3dzkiego Ligi Obrony Kraju w Katowicach pp\u0142k rezerwy Ryszard Kasprzyk, prezes \u015al\u0105skiego Oddzia\u0142u Terenowego PZK w Katowicach z siedzib\u0105 w Siemianowicach \u015al. Marek Nieznalski SP9HTY oraz przedstawiciele klubu SP9KJM w Siemianowicach \u015al. i klubu SP9KDU w Tarnowskich G\u00f3rach. W uroczysto\u015bci tej wzi\u0105\u0142 r\u00f3wnie\u017c udzia\u0142 przedstawiciel Prezydium Zarz\u0105du G\u0142\u00f3wnego PZK &#8211; wiceprezes do spraw sportowych Tadeusz Pami\u0119ta SP9HQJ.<\/p>\n<\/p>\n<p> <!--more--> <\/p>\n<p>Z\u0142ot\u0105 Odznak\u0119 Honorow\u0105 PZK otrzymali :<\/p>\n<p>&nbsp;&nbsp;&nbsp; Eugeniusz Kurzeja SP9IIA \u2013 wieloletni dzia\u0142acz i aktualny prezes siemianowickiego Klubu \u0141\u0105czno\u015bci SP9KJM, animator wielu ambitnych przedsi\u0119wzi\u0119\u0107 na rzecz klubu i lokalnego, siemianowickiego \u015brodowiska.<br \/>&nbsp;&nbsp;&nbsp; Henryk Bartoszek SP9AVZ \u2013 wieloletni dzia\u0142acz klubu SP9KDU w Tarnowskich G\u00f3rach, by\u0142y oddzia\u0142owy QSL Manager, operator klubowy i szkoleniowiec.<br \/>&nbsp;&nbsp;&nbsp; Jacek Kawa SP9JCN \u2013 wieloletni prezes \u015al\u0105skiego Oddzia\u0142u Terenowego PZK w Katowicach, specjalista technik komputerowych.<br \/>&nbsp;&nbsp;&nbsp; Robert Prorok SQ9FMU \u2013 dzia\u0142acz tarnog\u00f3rskiego klubu SP9KDU, wieloletni dzia\u0142acz \u015al\u0105skiego Oddzia\u0142u Terenowego PZK w Katowicach.<\/p>\n<p>Gwoli informacji nale\u017cy doda\u0107, \u017ce w czasie XXII Krajowego Zjazdu Delegat\u00f3w PZK w Burzeninie k. Sieradza, 22 maja br. Eugeniusz Kurzeja odznaczony zosta\u0142 r\u00f3wnie\u017c godno\u015bci\u0105 Zas\u0142u\u017conego Cz\u0142onka PZK.<\/p>\n<p>Wr\u0119czenia odznacze\u0144 dokona\u0142 Tadeusz Pami\u0119ta SP9HQJ w towarzystwie Anny Zasady \u2013 Chorab, Ryszarda Kasprzyka i Marka Nieznalskiego. Ponadto zas\u0142u\u017ceni dzia\u0142acze otrzymali z r\u0105k prezesa \u015al\u0105skiego Oddzia\u0142u Terenowego PZK Marka Nieznalskiego SP9HTY okoliczno\u015bciowe puchary.<\/p>\n<p>O\u017cywiona dyskusja przy kawie, herbacie i ciastkach koncentrowa\u0142a si\u0119 wok\u00f3\u0142 istotnych problem\u00f3w dotycz\u0105cych \u015brodowiska kr\u00f3tkofalarskiego, w tym g\u0142\u00f3wnie na sprawie o\u017cywienia dzia\u0142a\u0144 o charakterze operatorskim i sportowo \u2013obronnym tego \u015brodowiska, w dzia\u0142aniach na rzecz lokalnej spo\u0142eczno\u015bci.<\/p>\n<p>Przedstawiciel ZG PZK Tadeusz Pami\u0119ta SP9HQJ zaproponowa\u0142 podj\u0119cie dalszych dzia\u0142a\u0144 zmierzaj\u0105cych do poszerzenia kr\u00f3tkofalarskich szereg\u00f3w poprzez dotarcie do szk\u00f3\u0142 \u015brednich, a zw\u0142aszcza do klas mundurowych siemianowickiego Liceum im. Jana \u015aniadeckiego i Zespo\u0142u Szk\u00f3\u0142 \u201eMeritum\u201d propaguj\u0105c r\u00f3\u017cne aspekty uprawiania kr\u00f3tkofalarskiego hobby, zwracaj\u0105c szczeg\u00f3ln\u0105 uwag\u0119 na korzy\u015bci, jakie mog\u0105 osi\u0105ga\u0107 m\u0142odzi ludzie np. doskonalenie j\u0119zyk\u00f3w obcych \u2013 rodzaj bezp\u0142atnych korepetycji w czasie korespondencji radiowych na radiostacji klubowej z korespondentami zagranicznymi, doskonalenie technik komputerowych przy zastosowaniu technik cyfrowych w kr\u00f3tkofalarstwie, czy te\u017c sport\u00f3w obronnych np. radioorientacja sportowa, \u201e\u0142owy na lisa\u201d, strzelanie, rzuty granatem.<\/p>\n<p>Spraw\u0119 sport\u00f3w obronnych podj\u0105\u0142 przedstawiciel ZW LOK pp\u0142k Ryszard Kasprzyk stwierdzaj\u0105c, \u017ce organizacja LOK \u2013 owska otwarta na jest na wszelkie tego typu propozycje i udzieli daleko id\u0105cego wsparcia w tym zakresie. Warto przy okazji doda\u0107, \u017ce ZW LOK w porozumieniu z siemianowickim klubem \u0142\u0105czno\u015bci SP9KJM od lat by\u0142 organizatorem wojew\u00f3dzkich i centralnych zawod\u00f3w wieloboju \u0142\u0105czno\u015bci i radioorientacji sportowej.<\/p>\n<p>Zast\u0119pca Prezydenta Miasta Siemianowic \u015al. Anna Zasada \u2013 Chorab, dzi\u0119kuj\u0105c wyr\u00f3\u017cnionym dzia\u0142aczom stwierdzi\u0142a, \u017ce nie mia\u0142a \u015bwiadomo\u015bci istnienia tego typu pasjonat\u00f3w dzia\u0142aj\u0105cych w najbli\u017cszym otoczeniu, a kt\u00f3rych pasj\u0105 jest radio i r\u00f3\u017cne jego oblicza. Odnosz\u0105c si\u0119 do osi\u0105gni\u0119\u0107 \u015brodowiska kr\u00f3tkofalowc\u00f3w zadeklarowa\u0142a daleko id\u0105c\u0105 pomoc siemianowickiemu klubowi SP9KJM w dzia\u0142aniach maj\u0105cych na celu zaktywizowanie m\u0142odzie\u017cy szk\u00f3\u0142 \u015brednich do wzbudzenia zainteresowania problematyk\u0105 kr\u00f3tkofalarsk\u0105.<\/p>\n<p>Organizatorzy spotkania zaprezentowali 2 albumy z kartami QSL potwierdzaj\u0105cymi \u0142\u0105czno\u015bci z korespondentami ze wszystkich kontynent\u00f3w, jak te\u017c ciekawy okoliczno\u015bciowy gad\u017cet, wr\u0119czany najbardziej zas\u0142u\u017conym dzia\u0142aczom.<\/p>\n<p>Przy okazji sugestia dla m\u0142odych os\u00f3b \u2013 g\u0142\u00f3wnie uczni\u00f3w szk\u00f3\u0142 \u015brednich zainteresowanych problematyk\u0105 kr\u00f3tkofalarsk\u0105 : informacji na temat kr\u00f3tkofalarstwa jest wiele w internecie. Polecamy obejrzenie m. in. nast\u0119puj\u0105cych stron internetowych :<br \/><a href=\"https:\/\/pzk.org.pl\/news.php\" mce_href=\"https:\/\/pzk.org.pl\/news.php\" target=\"_blank\" rel=\"noopener noreferrer\"><br \/>https:\/\/pzk.org.pl\/news.php<\/a><\/p>\n<p><a href=\"http:\/\/pzk.katowice.pl\/news.php\" mce_href=\"http:\/\/pzk.katowice.pl\/news.php\" target=\"_blank\" rel=\"noopener noreferrer\">http:\/\/pzk.katowice.pl\/news.php<\/a><\/p>\n<p><a href=\"https:\/\/sp9kjm.com\" mce_href=\"https:\/\/sp9kjm.com\" target=\"_blank\" rel=\"noopener noreferrer\">https:\/\/sp9kjm.com<\/a><\/p>\n<p><a target=\"_blank\" mce_href=\"http:\/\/www.sp9pks.pl\/news.php\" href=\"http:\/\/www.sp9pks.pl\/news.php\" rel=\"noopener noreferrer\">http:\/\/www.sp9pks.pl\/news.php<\/a><a target=\"_blank\" rel=\"noopener noreferrer\"><br \/><\/a><br \/>To zaledwie kilka z wielu stron internetowych, na kt\u00f3rych mo\u017cna zapozna\u0107 si\u0119 ze specyfik\u0105 kr\u00f3tkofalarskiego hobby. Dla os\u00f3b zainteresowanych \u0142\u0105czno\u015bciami z kosmiczn\u0105 stacj\u0105&nbsp; orbitaln\u0105 polecamy stron\u0119 http:\/\/www.arisspolska.info<\/p>\n<p>Wszystkich zainteresowanych kr\u00f3tkofalarstwem zapraszamy do odwiedzenia siemianowickiego Klubu \u0141\u0105czno\u015bci SP9KJM w Siemianowicach \u015al., kt\u00f3rego siedziba mie\u015bci si\u0119 w Domu Kultury \u201eChemik\u201d przy ul. Niepodleg\u0142o\u015bci 51w Siemianowicach \u015al. Telefon do DK \u201eChemik\u201d i klubu: 32 2282090, 692 130 334. Adres internetowy: klub@sp9kjm.pl<\/p>\n<p><i><b>autor: Tadeusz Pami\u0119ta &#8211; SP9HQJ<\/b><\/i><\/p>\n<p>{vsig}odznaczeni2016{\/vsig}<\/p>\n","protected":false},"excerpt":{"rendered":"<p>10 sierpnia br. w Domu Kultury \u201eChemik\u201d w Siemianowicach \u015al. odby\u0142a si\u0119 uroczysto\u015b\u0107 odznaczenia 4 zas\u0142u\u017conych dzia\u0142aczy \u2013 kr\u00f3tkofalowc\u00f3w, zrzeszonych w \u015al\u0105skim Oddziale Terenowym Polskiego Zwi\u0105zku Kr\u00f3tkofalowc\u00f3w w Katowicach z siedzib\u0105 w Siemianowicach \u015al. W uroczysto\u015bci tej wzi\u0119\u0142a udzia\u0142 Zast\u0119pca &hellip; <a href=\"https:\/\/sp9kjm.com\/index.php\/2016\/08\/10\/odznaczeni-krotkofalowcy\/\">Czytaj dalej <span class=\"meta-nav\">&rarr;<\/span><\/a><\/p>\n","protected":false},"author":5,"featured_media":828,"comment_status":"closed","ping_status":"closed","sticky":false,"template":"","format":"standard","meta":{"c2c-post-author-ip":"","footnotes":""},"categories":[38],"tags":[],"class_list":["post-830","post","type-post","status-publish","format-standard","has-post-thumbnail","hentry","category-latest-news"],"_links":{"self":[{"href":"https:\/\/sp9kjm.com\/index.php\/wp-json\/wp\/v2\/posts\/830","targetHints":{"allow":["GET"]}}],"collection":[{"href":"https:\/\/sp9kjm.com\/index.php\/wp-json\/wp\/v2\/posts"}],"about":[{"href":"https:\/\/sp9kjm.com\/index.php\/wp-json\/wp\/v2\/types\/post"}],"author":[{"embeddable":true,"href":"https:\/\/sp9kjm.com\/index.php\/wp-json\/wp\/v2\/users\/5"}],"replies":[{"embeddable":true,"href":"https:\/\/sp9kjm.com\/index.php\/wp-json\/wp\/v2\/comments?post=830"}],"version-history":[{"count":0,"href":"https:\/\/sp9kjm.com\/index.php\/wp-json\/wp\/v2\/posts\/830\/revisions"}],"wp:featuredmedia":[{"embeddable":true,"href":"https:\/\/sp9kjm.com\/index.php\/wp-json\/wp\/v2\/media\/828"}],"wp:attachment":[{"href":"https:\/\/sp9kjm.com\/index.php\/wp-json\/wp\/v2\/media?parent=830"}],"wp:term":[{"taxonomy":"category","embeddable":true,"href":"https:\/\/sp9kjm.com\/index.php\/wp-json\/wp\/v2\/categories?post=830"},{"taxonomy":"post_tag","embeddable":true,"href":"https:\/\/sp9kjm.com\/index.php\/wp-json\/wp\/v2\/tags?post=830"}],"curies":[{"name":"wp","href":"https:\/\/api.w.org\/{rel}","templated":true}]}}