{"id":818,"date":"2016-05-07T00:00:00","date_gmt":"2016-05-06T22:00:00","guid":{"rendered":"https:\/\/sp9kjm.com\/index.php\/2016\/05\/07\/plenerowe-spotkanie-integracyjne-lublinieckiego-klubu-sp9pew-pod-nazw-wiosna-2016\/"},"modified":"2016-05-07T00:00:00","modified_gmt":"2016-05-06T22:00:00","slug":"plenerowe-spotkanie-integracyjne-lublinieckiego-klubu-sp9pew-pod-nazw-wiosna-2016","status":"publish","type":"post","link":"https:\/\/sp9kjm.com\/index.php\/2016\/05\/07\/plenerowe-spotkanie-integracyjne-lublinieckiego-klubu-sp9pew-pod-nazw-wiosna-2016\/","title":{"rendered":"Plenerowe spotkanie integracyjne lublinieckiego klubu SP9PEW  pod nazw\u0105 \u201eWiosna 2016\u201d"},"content":{"rendered":"<p><img loading=\"lazy\" decoding=\"async\" src=\"https:\/\/sp9kjm.com\/wp-content\/uploads\/2016\/05\/1.jpg\" mce_src=\"https:\/\/sp9kjm.com\/wp-content\/uploads\/2016\/05\/1.jpg\" style=\"float: left;\" mce_style=\"float: left;\" height=\"180\" width=\"280\">W ostatni\u0105 sobot\u0119, tj. 7 maja 2016 roku o godzinie 10.00 na polanie nale\u017c\u0105cej do Nadle\u015bnictwa Lubliniec na obrze\u017cach Lubli\u0144ca, z inicjatywy aktywist\u00f3w lublinieckiego klubu SP9PEW i przy wsparciu finansowym \u015al\u0105skiego Oddzia\u0142u Terenowego PZK w Katowicach, odby\u0142o si\u0119 kolejne spotkanie integracyjne pod nazw\u0105 \u201eWiosna 2016\u201d, w kt\u00f3rym uczestniczy\u0142o oko\u0142o 40 os\u00f3b \u2013 znanych kr\u00f3tkofalowc\u00f3w z p\u00f3\u0142nocnej cz\u0119\u015bci okr\u0119gu SP9. <\/p>\n<p> <!--more--> <\/p>\n<p>W spotkaniu uczestniczy\u0142o r\u00f3wnie\u017c kilka XYLs. Spotkanie prowadzi\u0142 Stanis\u0142aw SP9UNK, a dzielnie wspierali Go cz\u0142onkowie zarz\u0105du klubu z prezesem Eugeniuszem SP9CWF, Eligiuszem SP9LLS i Mariuszem SP9TDX, a tak\u017ce z Piotrem SP9GZP. W spotkaniu wzi\u0119li udzia\u0142 dwaj przedstawiciele \u015al\u0105skiego OT 06 PZK w Katowicach tj. prezes Oddzia\u0142u Marek SP9HTY i cz\u0142onek Zarz\u0105du i jednocze\u015bnie oddzia\u0142owy QSL Manager Artur SQ9BDB. W spotkaniu tym wzi\u0119\u0142a r\u00f3wnie\u017c silna reprezentacja z tarnog\u00f3rskiego klubu SP9KDU w osobach : Leszka SP9WZR, Henryka SP9AVZ, J\u00f3zefa SQ9FMR, a tak\u017ce dwaj przedstawiciele siemianowickiego klubu SP9KJM w osobach : Tadeusza SP9HQJ ( wyst\u0119puj\u0105cego r\u00f3wnie\u017c w charakterze przedstawiciela Prezydium ZG PZK ) oraz Romualda SP9UVQ. Nie zabrak\u0142o r\u00f3wnie\u017c przedstawicieli oleskiego klubu SP9KDA tj. Andrzeja SP9EKF z ma\u0142\u017conk\u0105, a tak\u017ce przedstawiciela piekarskiego klubu SP9ZPS Zbyszka SQ9CXC. W\u015br\u00f3d uczestnik\u00f3w spotkania by\u0142 r\u00f3wnie\u017c powszechnie znany na \u015al\u0105sku tw\u00f3rca i opiekun kilku \u015bl\u0105skich przemiennik\u00f3w radiowych Jarek SQ9NFI wraz z ma\u0142\u017conk\u0105.<\/p>\n<p>&nbsp;&nbsp;&nbsp;&nbsp; Po cz\u0119\u015bci oficjalnej ka\u017cdy z uczestnik\u00f3w otrzyma\u0142 okoliczno\u015bciowy prezent mi\u0119dzy innymi w postaci materia\u0142\u00f3w promocyjnych ziemi\u0119 lublinieck\u0105. Gospodarze zadbali nie tylko o straw\u0119 duchow\u0105, ale r\u00f3wnie\u017c o straw\u0119 cielesn\u0105 w postaci kie\u0142basek z grilla, chleb z \u201et\u0142ustym\u201d ( tak to si\u0119 nazywa na \u015al\u0105sku ) tj.&nbsp; smalcem domowej roboty, og\u00f3rkiem oraz napojami. W czasie trwania spotkania pracowa\u0142a radiostacja klubowa z wykorzystaniem anteny Delta Loop zamontowanej na podno\u015bniku hydraulicznym i ka\u017cdy z uczestnik\u00f3w spotkania mia\u0142 okazj\u0119 do przeprowadzenia symbolicznej \u0142\u0105czno\u015bci. W godzinach popo\u0142udniowych uczestnicy spotkania mieli mo\u017cliwo\u015b\u0107&nbsp; wykazania si\u0119 sprawno\u015bci\u0105 w zakresie strzelania z wiatr\u00f3wek, a najlepsi strzelcy otrzymali okoliczno\u015bciowe dyplomy za sprawne oko.<\/p>\n<p>&nbsp;&nbsp;&nbsp;&nbsp; Warto przypomnie\u0107 fakt, i\u017c w roku 2015 \u015brodowisko kr\u00f3tkofalowc\u00f3w lublinieckich wyst\u0105pi\u0142o z do\u015b\u0107 ciekaw\u0105 inicjatyw\u0105, a mianowicie : 20 lutego 2015 roku w Zespole Szk\u00f3\u0142 nr 1 w Lubli\u0144cu odby\u0142a si\u0119 debata pod nazw\u0105 \u201e Komunikacja w warunkach kryzysowych\u201d, kt\u00f3rej organizatorem by\u0142 m\u0142. insp. Piotr Sikorski SP9GZP, pe\u0142ni\u0105cy obowi\u0105zki zast\u0119pcy komendanta Komendy Powiatowej Policji w Lubli\u0144cu, a jednocze\u015bnie cz\u0142onek Klubu Kr\u00f3tkofalowc\u00f3w Ziemi Lublinieckiej SP9PEW. Debata ta zorganizowana zosta\u0142a w porozumieniu z Wydzia\u0142em Zarz\u0105dzania Kryzysowego Starostwa Powiatowego w Lubli\u0144cu, a w spotkaniu wzi\u0119li udzia\u0142 przedstawiciele lokalnego samorz\u0105du, s\u0142u\u017cb mundurowych, uczniowie klas mundurowych miejscowej szko\u0142y oraz przedstawiciele kr\u00f3tkofalowc\u00f3w z prezesem PZK Jerzym Jakubowskim SP7CBG i sekretarzem ZG PZK Tadeuszem SP9HQJ oraz prezesem \u015al\u0105skiego OT PZK w Katowicach Markiem SP9HTY na czele. Nadrz\u0119dny cel tego spotkania i przedmiot dyskusji to wspieranie lokalnych struktur i kom\u00f3rek kryzysowych na terenie powiatu lublinieckiego w zapewnieniu alternatywnej \u0142\u0105czno\u015bci przez \u015brodowisko kr\u00f3tkofalowc\u00f3w na wypadek zagro\u017cenia powszechnego. Wi\u0119cej informacji na ten temat ukaza\u0142o si\u0119 z Komunikacie Prezydium ZG PZK w lutym 2015 roku.<br \/>&nbsp;&nbsp;&nbsp;&nbsp; W trakcie plenerowego spotkania, w toku prowadzonych rozm\u00f3w i dyskusji pad\u0142a propozycja, aby tego typu spotkania sta\u0142y si\u0119 sta\u0142ym punktem w rocznym kalendarzu spotka\u0144 \u2013 podobnie jak spotkania integracyjne w Koniakowie, czy na Czantorii. Inicjatywa ta spotka\u0142a si\u0119 z przychylnym stanowiskiem przedstawicieli lublinieckiego klubu SP9PEW oraz&nbsp; przedstawicieli zarz\u0105du \u015al\u0105skiego Oddzia\u0142u Terenowego PZK w Katowicach. Je\u015bli zatem ta formu\u0142a spotkania integracyjnego zostanie nag\u0142o\u015bniona i przyjmie si\u0119, to jest szansa na coroczne spotkania integracyjne w coraz wi\u0119kszym sk\u0142adzie. Ju\u017c teraz nale\u017ca\u0142oby pomy\u015ble\u0107 o urozmaiceniu programu spotkania \u2013 podobnie jak na spotkaniach w ramach \u0141O\u015a.<\/p>\n<p>&nbsp;&nbsp;&nbsp;&nbsp; Jako przedstawiciel Prezydium ZG PZK, w co prawd\u0119 mniejszym gronie, poinformowa\u0142em zebranych o aktualnej sytuacji w PZK, w tym o przygotowaniach do najbli\u017cszego Krajowego Zjazdu delegat\u00f3w PZK oraz o potrzebie dostosowania zapis\u00f3w aktualnego statutu PZK do wymog\u00f3w znowelizowanej ustawy o stowarzyszeniach. Omawiaj\u0105c tocz\u0105c\u0105 si\u0119 dyskusj\u0119 na forach dyskusyjnych co do ustalenia czy PZK ma by\u0107 stowarzyszeniem os\u00f3b prawnych czy te\u017c fizycznych, albo os\u00f3b prawnych i fizycznych poinformowa\u0142em zebranych o plusach i minusach ka\u017cdego rozstrzygni\u0119cia. Odnios\u0142em si\u0119 r\u00f3wnie\u017c do lansowanej ostatnio tezy o nabywaniu osobowo\u015bci prawnej przez kluby podleg\u0142e oddzia\u0142om \u2013 i tu r\u00f3wnie\u017c wy\u0142uszczy\u0142em istot\u0119 rzeczy. Stwierdzi\u0142em, \u017ce podobnie jak \u015brodowisko lubelskiego OT PZK oraz klubowicze z gliwickiego klubu SP9KAG, wi\u0119kszo\u015b\u0107 uczestnik\u00f3w lublinieckiego spotkania opowiedzia\u0142a si\u0119 za status quo. Dyskutanci odcinali si\u0119 od niekt\u00f3rych \u017cenuj\u0105cych komentarzy na forum dyskusyjnym portalu SP7PKI tworz\u0105cych tzw. czarny PR dla PZK.<br \/>Dalsze informacje i zdj\u0119cia na temat tego spotkania znajduj\u0105 si\u0119 na stronie OT 06 PZK w Katowicach, w czerwcowym wydaniu MK QTC oraz w lipcowym wydaniu \u201e\u015awiata Radio\u201d.<\/p>\n<p><b>Tadeusz SP9HQJ \u2013 sekretarz PZK<\/b><\/p>\n<p>{vsig}lubliniec2016{\/vsig} &nbsp;&nbsp;&nbsp; <\/p>\n","protected":false},"excerpt":{"rendered":"<p>W ostatni\u0105 sobot\u0119, tj. 7 maja 2016 roku o godzinie 10.00 na polanie nale\u017c\u0105cej do Nadle\u015bnictwa Lubliniec na obrze\u017cach Lubli\u0144ca, z inicjatywy aktywist\u00f3w lublinieckiego klubu SP9PEW i przy wsparciu finansowym \u015al\u0105skiego Oddzia\u0142u Terenowego PZK w Katowicach, odby\u0142o si\u0119 kolejne spotkanie &hellip; <a href=\"https:\/\/sp9kjm.com\/index.php\/2016\/05\/07\/plenerowe-spotkanie-integracyjne-lublinieckiego-klubu-sp9pew-pod-nazw-wiosna-2016\/\">Czytaj dalej <span class=\"meta-nav\">&rarr;<\/span><\/a><\/p>\n","protected":false},"author":5,"featured_media":816,"comment_status":"closed","ping_status":"closed","sticky":false,"template":"","format":"standard","meta":{"c2c-post-author-ip":"","footnotes":""},"categories":[38],"tags":[],"class_list":["post-818","post","type-post","status-publish","format-standard","has-post-thumbnail","hentry","category-latest-news"],"_links":{"self":[{"href":"https:\/\/sp9kjm.com\/index.php\/wp-json\/wp\/v2\/posts\/818","targetHints":{"allow":["GET"]}}],"collection":[{"href":"https:\/\/sp9kjm.com\/index.php\/wp-json\/wp\/v2\/posts"}],"about":[{"href":"https:\/\/sp9kjm.com\/index.php\/wp-json\/wp\/v2\/types\/post"}],"author":[{"embeddable":true,"href":"https:\/\/sp9kjm.com\/index.php\/wp-json\/wp\/v2\/users\/5"}],"replies":[{"embeddable":true,"href":"https:\/\/sp9kjm.com\/index.php\/wp-json\/wp\/v2\/comments?post=818"}],"version-history":[{"count":0,"href":"https:\/\/sp9kjm.com\/index.php\/wp-json\/wp\/v2\/posts\/818\/revisions"}],"wp:featuredmedia":[{"embeddable":true,"href":"https:\/\/sp9kjm.com\/index.php\/wp-json\/wp\/v2\/media\/816"}],"wp:attachment":[{"href":"https:\/\/sp9kjm.com\/index.php\/wp-json\/wp\/v2\/media?parent=818"}],"wp:term":[{"taxonomy":"category","embeddable":true,"href":"https:\/\/sp9kjm.com\/index.php\/wp-json\/wp\/v2\/categories?post=818"},{"taxonomy":"post_tag","embeddable":true,"href":"https:\/\/sp9kjm.com\/index.php\/wp-json\/wp\/v2\/tags?post=818"}],"curies":[{"name":"wp","href":"https:\/\/api.w.org\/{rel}","templated":true}]}}