{"id":712,"date":"2012-05-20T07:01:34","date_gmt":"2012-05-20T05:01:34","guid":{"rendered":"https:\/\/sp9kjm.com\/index.php\/2012\/05\/20\/zjazd2012\/"},"modified":"2012-05-20T07:01:34","modified_gmt":"2012-05-20T05:01:34","slug":"zjazd2012","status":"publish","type":"post","link":"https:\/\/sp9kjm.com\/index.php\/2012\/05\/20\/zjazd2012\/","title":{"rendered":"Siemianowiccy kr\u00f3tkofalowcy we w\u0142adzach centralnych PZK"},"content":{"rendered":"<p><img loading=\"lazy\" decoding=\"async\" src=\"https:\/\/sp9kjm.com\/wp-content\/uploads\/2012\/05\/1.jpg\" mce_src=\"https:\/\/sp9kjm.com\/wp-content\/uploads\/2012\/05\/1.jpg\" style=\"float: left; margin: 5px;\" mce_style=\"float: left; margin: 5px;\" height=\"132\" width=\"262\">&nbsp;W dniach 19 \u2013 20 maja br. w \u0141owiczu odby\u0142y si\u0119 obrady XXI Krajowego Zjazdu Delegat\u00f3w Polskiego Zwi\u0105zku Kr\u00f3tkofalowc\u00f3w, w kt\u00f3rych wzi\u0119\u0142o udzia\u0142 60 delegat\u00f3w z oddzia\u0142\u00f3w terenowych PZK. W czasie Zjazdu wybrano nowe osoby do w\u0142adz na nast\u0119pn\u0105, czteroletni\u0105 kadencj\u0119 tj. do Prezydium Zarz\u0105du G\u0142\u00f3wnego PZK i G\u0142\u00f3wnej Komisji Rewizyjnej PZK oraz wypracowano kierunki dzia\u0142ania PZK na lata 2012 \u2013 2016.<br \/> <!--more--> &nbsp;&nbsp;&nbsp;&nbsp; W obradach tych wzi\u0119\u0142o r\u00f3wnie\u017c udzia\u0142 trzech delegat\u00f3w \u015al\u0105skiego Oddzia\u0142u Terenowego PZK w Siemianowicach \u015al. tj. Andrzej Marzec SP9NWE \u2013 prezes Oddzia\u0142u, Henryk Jeg\u0142a SP9FHZ \u2013 przewodnicz\u0105cy Oddzia\u0142owej Komisji Rewizyjnej OT PZK w Siemianowicach \u015al.<br \/>&nbsp;oraz Arkadiusz Czerkawski SQ9CI \u2013 wiceprezes OT PZK, a tak\u017ce Tadeusz Pami\u0119ta SP9HQJ \u2013 dotychczasowy sekretarz generalny PZK.<\/p>\n<p>&nbsp;&nbsp;&nbsp;&nbsp; W wyniku wybor\u00f3w do w\u0142adz centralnych PZK, z terenu Siemianowic \u015al., wybrano Tadeusza Pami\u0119t\u0119 SP9HQJ \u2013 dotychczasowego sekretarza generalnego Zarz\u0105du G\u0142\u00f3wnego PZK i sekretarza siemianowickiego Klubu \u0141\u0105czno\u015bci SP9KJM, kt\u00f3ry w obecnej kadencji nadal pe\u0142ni\u0142 b\u0119dzie t\u0119 sam\u0105 funkcj\u0119. Do Jego obowi\u0105zk\u00f3w nale\u017ce\u0107 b\u0119d\u0105 mi\u0119dzy innymi sprawy zwi\u0105zane z komunikacj\u0105 zewn\u0119trzn\u0105 i wewn\u0119trzn\u0105 PZK, w tym z I Regionem IARU ( International Amateur Radio Union maj\u0105c\u0105 sw\u0105 siedzib\u0119 w Genewie ), ITU ( International Telecommunication Union ), public relations, wsp\u00f3\u0142praca z administracj\u0105 rz\u0105dow\u0105 i samorz\u0105dow\u0105 na wielu odcinkach, a tak\u017ce wiele innych zada\u0144.<\/p>\n<p>&nbsp;&nbsp;&nbsp;&nbsp; Henryk Jeg\u0142a SP9FHZ zosta\u0142 wybrany na stanowisko przewodnicz\u0105cego G\u0142\u00f3wnej Komisji Rewizyjnej PZK i do Jego podstawowych obowi\u0105zk\u00f3w, w ramach GKR PZK jako kolegialnego cia\u0142a kontrolnego, nale\u017ce\u0107 b\u0119dzie g\u0142\u00f3wnie nadz\u00f3r nad \u015bcis\u0142ym przestrzeganiem prawa i procedur przez wszystkie statutowe organy PZK w kraju i reagowanie na wszelkie nieprawid\u0142owo\u015bci.<\/p>\n<p>&nbsp;&nbsp;&nbsp;&nbsp; Arkadiusz Krzykawski SQ9CI \u2013 dotychczasowy wiceprezes Zarz\u0105du Oddzia\u0142u&nbsp; i cz\u0142onek Zarz\u0105du siemianowickiego Klubu \u0141\u0105czno\u015bci SP9KJM, wybrany zosta\u0142 na stanowisko zast\u0119pcy&nbsp; cz\u0142onka G\u0142\u00f3wnej Komisji Rewizyjnej PZK. Jego zakres obowi\u0105zk\u00f3w zostanie ustalony z chwil\u0105 uzyskania statusu cz\u0142onka GKR PZK.<\/p>\n<p><b>Opracowa\u0142 : Tadeusz Pami\u0119ta SP9HQJ.<\/b><\/p>\n<p>{vsig}Zjazd2012{\/vsig}<br mce_bogus=\"1\"><\/p>\n","protected":false},"excerpt":{"rendered":"<p>&nbsp;W dniach 19 \u2013 20 maja br. w \u0141owiczu odby\u0142y si\u0119 obrady XXI Krajowego Zjazdu Delegat\u00f3w Polskiego Zwi\u0105zku Kr\u00f3tkofalowc\u00f3w, w kt\u00f3rych wzi\u0119\u0142o udzia\u0142 60 delegat\u00f3w z oddzia\u0142\u00f3w terenowych PZK. W czasie Zjazdu wybrano nowe osoby do w\u0142adz na nast\u0119pn\u0105, czteroletni\u0105 &hellip; <a href=\"https:\/\/sp9kjm.com\/index.php\/2012\/05\/20\/zjazd2012\/\">Czytaj dalej <span class=\"meta-nav\">&rarr;<\/span><\/a><\/p>\n","protected":false},"author":5,"featured_media":710,"comment_status":"closed","ping_status":"closed","sticky":false,"template":"","format":"standard","meta":{"c2c-post-author-ip":"","footnotes":""},"categories":[38],"tags":[],"class_list":["post-712","post","type-post","status-publish","format-standard","has-post-thumbnail","hentry","category-latest-news"],"_links":{"self":[{"href":"https:\/\/sp9kjm.com\/index.php\/wp-json\/wp\/v2\/posts\/712","targetHints":{"allow":["GET"]}}],"collection":[{"href":"https:\/\/sp9kjm.com\/index.php\/wp-json\/wp\/v2\/posts"}],"about":[{"href":"https:\/\/sp9kjm.com\/index.php\/wp-json\/wp\/v2\/types\/post"}],"author":[{"embeddable":true,"href":"https:\/\/sp9kjm.com\/index.php\/wp-json\/wp\/v2\/users\/5"}],"replies":[{"embeddable":true,"href":"https:\/\/sp9kjm.com\/index.php\/wp-json\/wp\/v2\/comments?post=712"}],"version-history":[{"count":0,"href":"https:\/\/sp9kjm.com\/index.php\/wp-json\/wp\/v2\/posts\/712\/revisions"}],"wp:featuredmedia":[{"embeddable":true,"href":"https:\/\/sp9kjm.com\/index.php\/wp-json\/wp\/v2\/media\/710"}],"wp:attachment":[{"href":"https:\/\/sp9kjm.com\/index.php\/wp-json\/wp\/v2\/media?parent=712"}],"wp:term":[{"taxonomy":"category","embeddable":true,"href":"https:\/\/sp9kjm.com\/index.php\/wp-json\/wp\/v2\/categories?post=712"},{"taxonomy":"post_tag","embeddable":true,"href":"https:\/\/sp9kjm.com\/index.php\/wp-json\/wp\/v2\/tags?post=712"}],"curies":[{"name":"wp","href":"https:\/\/api.w.org\/{rel}","templated":true}]}}