{"id":6947,"date":"2025-05-14T21:29:38","date_gmt":"2025-05-14T19:29:38","guid":{"rendered":"https:\/\/sp9kjm.com\/?p=6947"},"modified":"2025-05-14T21:31:48","modified_gmt":"2025-05-14T19:31:48","slug":"spotkanie-klubowe-07-05-2025","status":"publish","type":"post","link":"https:\/\/sp9kjm.com\/index.php\/2025\/05\/14\/spotkanie-klubowe-07-05-2025\/","title":{"rendered":"Spotkanie klubowe 08.05.2025"},"content":{"rendered":"\n<p>Kolejny tydzie\u0144 za nami i kolejna aktywacja naszego klubu!<br>Nasz zesp\u00f3\u0142 ponownie spotka\u0142 si\u0119 przy Kopcu Wyzwolenia w Piekarach \u015al\u0105skich. <br><br><\/p>\n\n\n\n<figure class=\"wp-block-image size-full\"><img loading=\"lazy\" decoding=\"async\" width=\"2048\" height=\"1153\" src=\"https:\/\/sp9kjm.com\/wp-content\/uploads\/2025\/05\/Zdjecie-WhatsApp-2025-05-08-o-18.38.00_bfaacaf5.jpg\" alt=\"\" class=\"wp-image-6948\" srcset=\"https:\/\/sp9kjm.com\/wp-content\/uploads\/2025\/05\/Zdjecie-WhatsApp-2025-05-08-o-18.38.00_bfaacaf5.jpg 2048w, https:\/\/sp9kjm.com\/wp-content\/uploads\/2025\/05\/Zdjecie-WhatsApp-2025-05-08-o-18.38.00_bfaacaf5-768x432.jpg 768w, https:\/\/sp9kjm.com\/wp-content\/uploads\/2025\/05\/Zdjecie-WhatsApp-2025-05-08-o-18.38.00_bfaacaf5-1536x865.jpg 1536w, https:\/\/sp9kjm.com\/wp-content\/uploads\/2025\/05\/Zdjecie-WhatsApp-2025-05-08-o-18.38.00_bfaacaf5-500x281.jpg 500w\" sizes=\"auto, (max-width: 2048px) 100vw, 2048px\" \/><\/figure>\n\n\n\n<!--more-->\n\n\n\n<p>Spotkanie otworzy\u0142 Krzysztof SP9XE i Bernard SQ9SZ. Bernard b\u0119d\u0105c pasjonatem QRP szybko przyst\u0105pi\u0142 do test\u00f3w kolejnej ultralekkiej anteny anteny terenowej. <br><br>Chwil\u0119 p\u00f3\u017aniej dotar\u0142 Mateusz SQ9MLZ, kt\u00f3ry postanowi\u0142 roz\u0142o\u017cy\u0107 p\u00f3\u0142falow\u0105 anten\u0119 wykonan\u0105 z masztu aluminiowego. <br><\/p>\n\n\n\n<figure class=\"wp-block-image size-full\"><img loading=\"lazy\" decoding=\"async\" width=\"2048\" height=\"1153\" src=\"https:\/\/sp9kjm.com\/wp-content\/uploads\/2025\/05\/Zdjecie-WhatsApp-2025-05-08-o-18.38.04_01ad9611.jpg\" alt=\"\" class=\"wp-image-6949\" srcset=\"https:\/\/sp9kjm.com\/wp-content\/uploads\/2025\/05\/Zdjecie-WhatsApp-2025-05-08-o-18.38.04_01ad9611.jpg 2048w, https:\/\/sp9kjm.com\/wp-content\/uploads\/2025\/05\/Zdjecie-WhatsApp-2025-05-08-o-18.38.04_01ad9611-768x432.jpg 768w, https:\/\/sp9kjm.com\/wp-content\/uploads\/2025\/05\/Zdjecie-WhatsApp-2025-05-08-o-18.38.04_01ad9611-1536x865.jpg 1536w, https:\/\/sp9kjm.com\/wp-content\/uploads\/2025\/05\/Zdjecie-WhatsApp-2025-05-08-o-18.38.04_01ad9611-500x281.jpg 500w\" sizes=\"auto, (max-width: 2048px) 100vw, 2048px\" \/><\/figure>\n\n\n\n<figure class=\"wp-block-image size-full\"><img loading=\"lazy\" decoding=\"async\" width=\"2000\" height=\"1126\" src=\"https:\/\/sp9kjm.com\/wp-content\/uploads\/2025\/05\/Zdjecie-WhatsApp-2025-05-08-o-18.38.04_6ba23ff0.jpg\" alt=\"\" class=\"wp-image-6950\" srcset=\"https:\/\/sp9kjm.com\/wp-content\/uploads\/2025\/05\/Zdjecie-WhatsApp-2025-05-08-o-18.38.04_6ba23ff0.jpg 2000w, https:\/\/sp9kjm.com\/wp-content\/uploads\/2025\/05\/Zdjecie-WhatsApp-2025-05-08-o-18.38.04_6ba23ff0-768x432.jpg 768w, https:\/\/sp9kjm.com\/wp-content\/uploads\/2025\/05\/Zdjecie-WhatsApp-2025-05-08-o-18.38.04_6ba23ff0-1536x865.jpg 1536w, https:\/\/sp9kjm.com\/wp-content\/uploads\/2025\/05\/Zdjecie-WhatsApp-2025-05-08-o-18.38.04_6ba23ff0-500x282.jpg 500w\" sizes=\"auto, (max-width: 2000px) 100vw, 2000px\" \/><\/figure>\n\n\n\n<p>Mniej wi\u0119cej w tym samym czasie odwiedzi\u0142 nas Maciej SP9MIV, kt\u00f3ry przywi\u00f3z\u0142 modu\u0142 DigiRig zbudowany przez Krzysztofa. Panowie szybko przyst\u0105pili do sprawdzania co by\u0142o problemem z komunikacj\u0105 pomi\u0119dzy radiem a laptopem. Chwil\u0119 p\u00f3\u017aniej uda\u0142o si\u0119 ustali\u0107, \u017ce przyczyn\u0105 by\u0142 wadliwy kabel. <br><br>W mi\u0119dzyczasie na nasze spotkanie wpad\u0142 kolejny odzwiedzaj\u0105cy &#8211; Artur SQ9ACZ. Wraz z Krzysztofem udali si\u0119 na \u0142\u0105k\u0119 obok kopca testowa\u0107 zasi\u0119g do r\u00f3\u017cnych przemiennik\u00f3w. Wyniki by\u0142y bardzo zadowalaj\u0105ce zar\u00f3wno w pa\u015bmie 2m jak i 70cm. <br><br>Po powrocie z test\u00f3w wszyscy zebrani przeszli do ochoczej rozmowy na wszelakie tematy zwi\u0105zane z naszym hobby, co jak zwykle oczywi\u015bcie przerodzi\u0142o si\u0119 w pogaw\u0119dk\u0119 przeplatan\u0105 \u017cartami, anegdotkami i trafnymi spostrze\u017ceniami dotycz\u0105cymi r\u00f3\u017cnych aspekt\u00f3w kr\u00f3tkofalarstwa. <br><br>W tym czasie te\u017c przyby\u0142 Artur SP9AG wraz z synem aby do\u0142\u0105czy\u0107 do klubowego spotkania. <br><\/p>\n\n\n\n<figure class=\"wp-block-image size-full\"><img loading=\"lazy\" decoding=\"async\" width=\"2000\" height=\"1126\" src=\"https:\/\/sp9kjm.com\/wp-content\/uploads\/2025\/05\/Zdjecie-WhatsApp-2025-05-08-o-18.38.04_839e02e0.jpg\" alt=\"\" class=\"wp-image-6951\" srcset=\"https:\/\/sp9kjm.com\/wp-content\/uploads\/2025\/05\/Zdjecie-WhatsApp-2025-05-08-o-18.38.04_839e02e0.jpg 2000w, https:\/\/sp9kjm.com\/wp-content\/uploads\/2025\/05\/Zdjecie-WhatsApp-2025-05-08-o-18.38.04_839e02e0-768x432.jpg 768w, https:\/\/sp9kjm.com\/wp-content\/uploads\/2025\/05\/Zdjecie-WhatsApp-2025-05-08-o-18.38.04_839e02e0-1536x865.jpg 1536w, https:\/\/sp9kjm.com\/wp-content\/uploads\/2025\/05\/Zdjecie-WhatsApp-2025-05-08-o-18.38.04_839e02e0-500x282.jpg 500w\" sizes=\"auto, (max-width: 2000px) 100vw, 2000px\" \/><\/figure>\n\n\n\n<p>Chwil\u0119 po Arturze przyby\u0142 tak\u017ce Roman SP9LDE i do\u0142\u0105czy\u0142 do grona rozm\u00f3wc\u00f3w, tym samym frekwencja na spotkaniu wynosi\u0142a 8 os\u00f3b. Majowa pogoda dopisywa\u0142a dzi\u0119ki czemu spotkanie trwa\u0142o a\u017c do godziny 19:00 kiedy to ostatni uczestnicy rozjechali si\u0119 do dom\u00f3w. <br><br>Serdecznie dzi\u0119kujemy Maciejowi SP9MIV, Arturowi SQ9ACZ oraz Romanowi SP9LDE za odwiedziny i udzia\u0142 w naszej klubowej aktywno\u015bci terenowej. Jak zawsze zapraszamy ponownie wszystkich ch\u0119tnych na nasze spotkania klubowe!<\/p>\n","protected":false},"excerpt":{"rendered":"<p>Kolejny tydzie\u0144 za nami i kolejna aktywacja naszego klubu!Nasz zesp\u00f3\u0142 ponownie spotka\u0142 si\u0119 przy Kopcu Wyzwolenia w Piekarach \u015al\u0105skich.<\/p>\n","protected":false},"author":5,"featured_media":0,"comment_status":"closed","ping_status":"closed","sticky":false,"template":"","format":"standard","meta":{"c2c-post-author-ip":"88.156.111.67","footnotes":""},"categories":[1],"tags":[],"class_list":["post-6947","post","type-post","status-publish","format-standard","hentry","category-bez-kategorii"],"_links":{"self":[{"href":"https:\/\/sp9kjm.com\/index.php\/wp-json\/wp\/v2\/posts\/6947","targetHints":{"allow":["GET"]}}],"collection":[{"href":"https:\/\/sp9kjm.com\/index.php\/wp-json\/wp\/v2\/posts"}],"about":[{"href":"https:\/\/sp9kjm.com\/index.php\/wp-json\/wp\/v2\/types\/post"}],"author":[{"embeddable":true,"href":"https:\/\/sp9kjm.com\/index.php\/wp-json\/wp\/v2\/users\/5"}],"replies":[{"embeddable":true,"href":"https:\/\/sp9kjm.com\/index.php\/wp-json\/wp\/v2\/comments?post=6947"}],"version-history":[{"count":2,"href":"https:\/\/sp9kjm.com\/index.php\/wp-json\/wp\/v2\/posts\/6947\/revisions"}],"predecessor-version":[{"id":6953,"href":"https:\/\/sp9kjm.com\/index.php\/wp-json\/wp\/v2\/posts\/6947\/revisions\/6953"}],"wp:attachment":[{"href":"https:\/\/sp9kjm.com\/index.php\/wp-json\/wp\/v2\/media?parent=6947"}],"wp:term":[{"taxonomy":"category","embeddable":true,"href":"https:\/\/sp9kjm.com\/index.php\/wp-json\/wp\/v2\/categories?post=6947"},{"taxonomy":"post_tag","embeddable":true,"href":"https:\/\/sp9kjm.com\/index.php\/wp-json\/wp\/v2\/tags?post=6947"}],"curies":[{"name":"wp","href":"https:\/\/api.w.org\/{rel}","templated":true}]}}