{"id":665,"date":"2011-04-05T08:30:20","date_gmt":"2011-04-05T06:30:20","guid":{"rendered":"https:\/\/sp9kjm.com\/index.php\/2011\/04\/05\/lokliceum\/"},"modified":"2011-04-05T08:30:20","modified_gmt":"2011-04-05T06:30:20","slug":"lokliceum","status":"publish","type":"post","link":"https:\/\/sp9kjm.com\/index.php\/2011\/04\/05\/lokliceum\/","title":{"rendered":"Ko\u0142o Ligi Obrony Kraju przy I Liceum w Siemianowicach"},"content":{"rendered":"<p><img loading=\"lazy\" decoding=\"async\" src=\"https:\/\/sp9kjm.com\/wp-content\/uploads\/2011\/04\/1.JPG\" mce_src=\"https:\/\/sp9kjm.com\/wp-content\/uploads\/2011\/04\/1.JPG\" style=\"float: left; margin: 5px;\" mce_style=\"float: left; margin: 5px;\" height=\"127\" width=\"169\">W I LO im Jana \u015aniadeckiego, z inicjatywy klas policyjnych, zosta\u0142o utworzone ko\u0142o LOK, kt\u00f3rego prezesem wybrano, ucz\u0105cego wychowania policyjnego, komisarza Artura Bana\u015bkiewicza.<\/p>\n<p><\/p>\n<p><\/p>\n<p><\/p>\n<p> <!--more--> <\/p>\n<p>W ramach zaj\u0119\u0107 uczniowie uczestniczyli mi\u0119dzy innymi w pokazie sprz\u0119tu do radiolokacji, jednak g\u0142\u00f3wnym celem s\u0105 treningi strzeleckie, odbywaj\u0105ce si\u0119 na strzelnicy zorganizowanej w szkole. Na udzia\u0142 w treningu skusi\u0142a si\u0119 nawet dyrektor Bo\u017cena Czyrwik. Zwie\u0144czeniem intensywnych \u0107wicze\u0144 b\u0119dzie mi\u0119dzyszkolny konkurs strzelecki. Pomocn\u0105 d\u0142oni\u0105 w zaj\u0119ciach strzeleckich oraz pokazie radioorientacji sportowej&nbsp; okaza\u0142 si\u0119 Klub \u0141\u0105czno\u015bci SP9KJM w Siemianowicach \u015al\u0105skich. Aktywi\u015bci Klubu \u0141\u0105czno\u015bci cyklicznie prowadzi zaj\u0119cia strzeleckie, zaj\u0119cia z radiolokacji amatorskiej przygotowuj\u0105c m\u0142odzie\u017c Liceum do r\u00f3\u017cnych zawod\u00f3w W\/w dyscyplinach sportowych gdzie zawodnicy mieli mo\u017cliwo\u015b\u0107 brania&nbsp; udzia\u0142u w zawodach strzeleckich no szczeblu wojew\u00f3dzkim zdobywaj\u0105c miejsca w pierwszej dziesi\u0105tce.<br \/>{vsig}lokliceum{\/vsig}<\/p>\n<p><\/p>\n","protected":false},"excerpt":{"rendered":"<p>W I LO im Jana \u015aniadeckiego, z inicjatywy klas policyjnych, zosta\u0142o utworzone ko\u0142o LOK, kt\u00f3rego prezesem wybrano, ucz\u0105cego wychowania policyjnego, komisarza Artura Bana\u015bkiewicza.<\/p>\n","protected":false},"author":5,"featured_media":664,"comment_status":"closed","ping_status":"closed","sticky":false,"template":"","format":"standard","meta":{"c2c-post-author-ip":"","footnotes":""},"categories":[38],"tags":[],"class_list":["post-665","post","type-post","status-publish","format-standard","has-post-thumbnail","hentry","category-latest-news"],"_links":{"self":[{"href":"https:\/\/sp9kjm.com\/index.php\/wp-json\/wp\/v2\/posts\/665","targetHints":{"allow":["GET"]}}],"collection":[{"href":"https:\/\/sp9kjm.com\/index.php\/wp-json\/wp\/v2\/posts"}],"about":[{"href":"https:\/\/sp9kjm.com\/index.php\/wp-json\/wp\/v2\/types\/post"}],"author":[{"embeddable":true,"href":"https:\/\/sp9kjm.com\/index.php\/wp-json\/wp\/v2\/users\/5"}],"replies":[{"embeddable":true,"href":"https:\/\/sp9kjm.com\/index.php\/wp-json\/wp\/v2\/comments?post=665"}],"version-history":[{"count":0,"href":"https:\/\/sp9kjm.com\/index.php\/wp-json\/wp\/v2\/posts\/665\/revisions"}],"wp:featuredmedia":[{"embeddable":true,"href":"https:\/\/sp9kjm.com\/index.php\/wp-json\/wp\/v2\/media\/664"}],"wp:attachment":[{"href":"https:\/\/sp9kjm.com\/index.php\/wp-json\/wp\/v2\/media?parent=665"}],"wp:term":[{"taxonomy":"category","embeddable":true,"href":"https:\/\/sp9kjm.com\/index.php\/wp-json\/wp\/v2\/categories?post=665"},{"taxonomy":"post_tag","embeddable":true,"href":"https:\/\/sp9kjm.com\/index.php\/wp-json\/wp\/v2\/tags?post=665"}],"curies":[{"name":"wp","href":"https:\/\/api.w.org\/{rel}","templated":true}]}}