{"id":653,"date":"2010-10-08T00:00:00","date_gmt":"2010-10-07T22:00:00","guid":{"rendered":"https:\/\/sp9kjm.com\/index.php\/2010\/10\/08\/spotkanie-w-gliczarowie-gornym-k-zakopanego\/"},"modified":"2010-10-08T00:00:00","modified_gmt":"2010-10-07T22:00:00","slug":"spotkanie-w-gliczarowie-gornym-k-zakopanego","status":"publish","type":"post","link":"https:\/\/sp9kjm.com\/index.php\/2010\/10\/08\/spotkanie-w-gliczarowie-gornym-k-zakopanego\/","title":{"rendered":"Spotkanie w Gliczarowie G\u00f3rnym k. Zakopanego"},"content":{"rendered":"<p><img decoding=\"async\" style=\"float: left; margin: 5px;\" mce_style=\"float: left; margin: 5px;\" src=\"https:\/\/sp9kjm.com\/wp-content\/uploads\/2010\/10\/gilgor2010.JPG\" mce_src=\"https:\/\/sp9kjm.com\/wp-content\/uploads\/2010\/10\/gilgor2010.JPG\">&nbsp;&nbsp;&nbsp;&nbsp; W dniach 31 lipca ? 1 sierpnia 2010 r. w Gliczarowie G\u00f3rnym k. Zakopanego odby\u0142 si\u0119 XI Zlot Kr\u00f3tkofalowc\u00f3w, kt\u00f3rego organizatorem by\u0142o Ma\u0142opolskie Stowarzyszenie Kr\u00f3tkofalowc\u00f3w, natomiast gospodarzem by\u0142 ks. Szczepan Gacek SP9VRJ. Zgodnie z programem, w sobot\u0119 31 lipca odby\u0142 si\u0119 egzamin pa\u0144stwowy na \u015bwiadectwo uzdolnienia, do kt\u00f3rego przyst\u0105pi\u0142o kilkana\u015bcie os\u00f3b. Przez ca\u0142y czas czynna by\u0142a wystawa sprz\u0119tu kr\u00f3tkofalarskiego zorganizowana przez Krakowsk\u0105 Grup\u0119 Ekspedycji Radiowych. Na wystawie zgromadzono mi\u0119dzy innymi urz\u0105dzenia nadawczo ? odbiorcze, kt\u00f3re by\u0142y podpi\u0119te do anten i mo\u017cna by\u0142o na nich nie tylko s\u0142ucha\u0107, ale i pracowa\u0107. Dawa\u0142o to mo\u017cliwo\u015b\u0107 sprawdzenia w tych samych warunkach prac\u0119 r\u00f3\u017cnych urz\u0105dze\u0144. Prezentacja cieszy\u0142a si\u0119 du\u017cym zainteresowaniem. Po og\u0142oszeniu wynik\u00f3w egzaminu i obiedzie mieli\u015bmy okazj\u0119 ogl\u0105dn\u0105\u0107 audiowizualne programy przygotowane przez Kol. Piotra SP9BWJ oraz Tomka SP9ITP. <\/p>\n<p> <!--more--> <\/p>\n<p>&nbsp;&nbsp;&nbsp;&nbsp; Tematem prezentacji Piotra SP9BWJ by\u0142y urz\u0105dzenia nadawczo ? odbiorcze obejmuj\u0105ce okres od pocz\u0105tk\u00f3w kr\u00f3tkofalarstwa tj. od 1924 r. a\u017c do lat 70 ? tych ubieg\u0142ego stulecia.&nbsp; By\u0142o to nawi\u0105zanie do przygotowanej wystawy. Nast\u0119pnie ogl\u0105dn\u0119li\u015bmy program przygotowany przez Krakowsk\u0105 Grup\u0119 Ekspedycji Radiowych SP9PKG, za\u015b w roli prezentera wyst\u0105pi\u0142 Tomek SP9ITP. <\/p>\n<p>&nbsp;&nbsp;&nbsp;&nbsp; W pokazanych filmach by\u0142o wspomnienie o Ludwiku SP9ADV oraz fantastyczny film opowiadaj\u0105cy o powstaniu klubu oraz kilkunastu wybranych wyprawach w r\u00f3\u017cne regiony Polski a w szczeg\u00f3lno\u015bci odwiedzane zamki. Nast\u0119pnie og\u0142oszone zosta\u0142y wyniki zawod\u00f3w: SP YL Contest oraz zawody QRP im. Janusza Twardzickiego SP9DT. Na zako\u0144czenie tej cz\u0119\u015bci programu przygotowana zosta\u0142a niespodzianka dla cz\u0142onk\u00f3w n\/Oddzia\u0142u. Wszyscy, kt\u00f3rzy byli cz\u0142onkami na koniec 2009 r. , otrzymali pami\u0105tkowe dyplomy z okazji 80 ? tej rocznicy powstania Krakowskiego Klubu Kr\u00f3tkofalowc\u00f3w, kt\u00f3r\u0105 to rocznic\u0119 obchodzili\u015bmy w ubieg\u0142y roku. Program pierwszego dnia zako\u0144czy\u0142 si\u0119 wsp\u00f3lnym grilowaniem.<\/p>\n<p>&nbsp;&nbsp;&nbsp;&nbsp; W niedziel\u0119, po mszy \u015bwi\u0119tej odprawionej przez ks. Szczepana zrobione zosta\u0142o na pami\u0105tk\u0119 wsp\u00f3lne zdj\u0119cie, za\u015b przy obiedzie przygrywa\u0142a nam ?&nbsp; kapela g\u00f3ralska. Swoje go\u015bcinne progi otwar\u0142 Gliczar\u00f3w G\u00f3rny dla wszystkich kr\u00f3tkofalowc\u00f3w i ich rodzin oraz sympatyk\u00f3w kr\u00f3tkofalarstwa, kt\u00f3rzy zawitali w tym roku. Przyjechali koledzy nie tylko z Ma\u0142opolski, ale i innych wojew\u00f3dztw, a wi\u0119c z SP9, SP8, SP7, SP6 i SP5. Byli ? starzy znajomi? oraz nowi go\u015bcie. By\u0142y wspomnienia, wymiana do\u015bwiadcze\u0144 i zwyk\u0142e rozmowy.<\/p>\n<p>&nbsp;&nbsp;&nbsp;&nbsp; Mieli\u015bmy r\u00f3wnie\u017c przyjemno\u015b\u0107 go\u015bci\u0107 przedstawiciela Prezydium ZG PZK, sekretarza ZG PZK Kol. Tadeusza SP9HQJ, kt\u00f3ry na spotkanie przyby\u0142 z dwoma przedstawicielami siemianowickiego Klubu SP9KJM tj. Eugeniuszem SP9IIA i Romkiem SP9UVQ. Wielka szkoda, \u017ce byli oni z wizyt\u0105 bardzo kr\u00f3tko i nie by\u0142o zbyt wiele czasu na rozmow\u0119. <\/p>\n<p>&nbsp;&nbsp;&nbsp;&nbsp; Gliczar\u00f3w G\u00f3rny jest najwy\u017cej po\u0142o\u017con\u0105 miejscowo\u015bci\u0105 w Polsce i istniej\u0105 doskona\u0142e warunki pracy na UKF. Przez ca\u0142y czas pracowa\u0142a stacja okoliczno\u015bciowa SN0GG. Szczeg\u00f3lne podzi\u0119kowania nale\u017c\u0105 si\u0119 Pani Krysi SQ9CHO, \u017conie Ryszarda SP9VRO, kt\u00f3ra do\u0142o\u017cy\u0142a wszelkich stara\u0144 i zapewni\u0142a wspania\u0142\u0105 kuchni\u0119. \u017begnaj\u0105c ks. Szczepana SP9VRJ podzi\u0119kowali\u015bmy za wspania\u0142e przyj\u0119cie i poprosili\u015bmy o kolejne XII spotkanie w roku przysz\u0142ym. Mamy nadziej\u0119, \u017ce r\u00f3wnie\u017c w 2011 spe\u0142ni si\u0119 powiedzenie, ? kto raz przyjedzie, chce tutaj wr\u00f3ci\u0107 ?.<\/p>\n<p>Wszystkim, kt\u00f3rzy przyczynili si\u0119 do organizacji Zlotu gor\u0105co dzi\u0119kujemy.<br \/>( Bo\u017cena SP9MAT ).<\/p>\n<p>Materia\u0142 filmowy dotycz\u0105cy spotkania w Gliczarowie znajduje si\u0119 na stronie internetowej : <a mce_href=\"http:\/\/sp7pki.iq24.pl\/default.asp?grupa=75798&amp;temat=81970&amp;nr_str=1\" href=\"http:\/\/sp7pki.iq24.pl\/default.asp?grupa=75798&amp;temat=81970&amp;nr_str=1\">LINK<\/a><\/p>\n<p><\/p>\n<p>{vsig}Gilgor2010{\/vsig}<br mce_bogus=\"1\"><\/p>\n","protected":false},"excerpt":{"rendered":"<p>&nbsp;&nbsp;&nbsp;&nbsp; W dniach 31 lipca ? 1 sierpnia 2010 r. w Gliczarowie G\u00f3rnym k. Zakopanego odby\u0142 si\u0119 XI Zlot Kr\u00f3tkofalowc\u00f3w, kt\u00f3rego organizatorem by\u0142o Ma\u0142opolskie Stowarzyszenie Kr\u00f3tkofalowc\u00f3w, natomiast gospodarzem by\u0142 ks. Szczepan Gacek SP9VRJ. Zgodnie z programem, w sobot\u0119 31 lipca &hellip; <a href=\"https:\/\/sp9kjm.com\/index.php\/2010\/10\/08\/spotkanie-w-gliczarowie-gornym-k-zakopanego\/\">Czytaj dalej <span class=\"meta-nav\">&rarr;<\/span><\/a><\/p>\n","protected":false},"author":5,"featured_media":652,"comment_status":"closed","ping_status":"closed","sticky":false,"template":"","format":"standard","meta":{"c2c-post-author-ip":"","footnotes":""},"categories":[38],"tags":[],"class_list":["post-653","post","type-post","status-publish","format-standard","has-post-thumbnail","hentry","category-latest-news"],"_links":{"self":[{"href":"https:\/\/sp9kjm.com\/index.php\/wp-json\/wp\/v2\/posts\/653","targetHints":{"allow":["GET"]}}],"collection":[{"href":"https:\/\/sp9kjm.com\/index.php\/wp-json\/wp\/v2\/posts"}],"about":[{"href":"https:\/\/sp9kjm.com\/index.php\/wp-json\/wp\/v2\/types\/post"}],"author":[{"embeddable":true,"href":"https:\/\/sp9kjm.com\/index.php\/wp-json\/wp\/v2\/users\/5"}],"replies":[{"embeddable":true,"href":"https:\/\/sp9kjm.com\/index.php\/wp-json\/wp\/v2\/comments?post=653"}],"version-history":[{"count":0,"href":"https:\/\/sp9kjm.com\/index.php\/wp-json\/wp\/v2\/posts\/653\/revisions"}],"wp:featuredmedia":[{"embeddable":true,"href":"https:\/\/sp9kjm.com\/index.php\/wp-json\/wp\/v2\/media\/652"}],"wp:attachment":[{"href":"https:\/\/sp9kjm.com\/index.php\/wp-json\/wp\/v2\/media?parent=653"}],"wp:term":[{"taxonomy":"category","embeddable":true,"href":"https:\/\/sp9kjm.com\/index.php\/wp-json\/wp\/v2\/categories?post=653"},{"taxonomy":"post_tag","embeddable":true,"href":"https:\/\/sp9kjm.com\/index.php\/wp-json\/wp\/v2\/tags?post=653"}],"curies":[{"name":"wp","href":"https:\/\/api.w.org\/{rel}","templated":true}]}}