{"id":598,"date":"2009-08-18T12:17:50","date_gmt":"2009-08-18T10:17:50","guid":{"rendered":"https:\/\/sp9kjm.com\/index.php\/2009\/08\/18\/poegnanie-antoniego-zbika-sp7la\/"},"modified":"2009-08-18T12:17:50","modified_gmt":"2009-08-18T10:17:50","slug":"poegnanie-antoniego-zbika-sp7la","status":"publish","type":"post","link":"https:\/\/sp9kjm.com\/index.php\/2009\/08\/18\/poegnanie-antoniego-zbika-sp7la\/","title":{"rendered":"Po\u017cegnanie Antoniego Z\u0119bika &#8211; SP7LA"},"content":{"rendered":"<p style=\"margin-bottom: 0cm;\" mce_style=\"margin-bottom: 0cm;\" align=\"JUSTIFY\"><img loading=\"lazy\" decoding=\"async\" src=\"http:\/\/www.sp9kjm.slask.pl\/MULTIMEDIA\/sp7la.jpg\" mce_src=\"http:\/\/www.sp9kjm.slask.pl\/MULTIMEDIA\/sp7la.jpg\" align=\"left\" border=\"0\" height=\"104\" width=\"92\">4  \tlipca br. o godz. 11.00 na cmentarzu przy ul. Palmowej w Cz\u0119stochowie mia\u0142a  \tmiejsce ceremonia pochowania urny z prochami powszechnie znanego nestora  \tpolskiego kr\u00f3tkofalarstwa Antoniego Z\u0119bika ? SP7LA, w kt\u00f3rej wzi\u0119\u0142o udzia\u0142  \tponad 50 os\u00f3b. W\u015br\u00f3d uczestnik\u00f3w ceremonii pogrzebowej znale\u017ali si\u0119 mi\u0119dzy  \tinnymi przedstawiciele Urz\u0119du Miasta w Cz\u0119stochowie z Prezydentem Miasta dr  \tTadeuszem Wron\u0105, kombatanci ruchu oporu Armii Krajowej, ZBoWiD, Wojska  \tPolskiego, Stra\u017cy Miejskiej, Zwi\u0105zku Harcerstwa Polskiego i Stra\u017cy Miejskiej  \ti innych organizacji patriotycznych.<\/p>\n<p style=\"margin-bottom: 0cm;\" mce_style=\"margin-bottom: 0cm;\" align=\"JUSTIFY\">\n<p> <!--more--> <\/p>\n<p><\/p>\n<\/p>\n<p style=\"margin-bottom: 0cm;\" mce_style=\"margin-bottom: 0cm;\" align=\"JUSTIFY\">W\u015br\u00f3d uczestnik\u00f3w ceremonii  \tpogrzebowej nie mog\u0142o zabrakn\u0105\u0107 przedstawicieli Polskiego Zwi\u0105zku  \tKr\u00f3tkofalowc\u00f3w. Zarz\u0105d G\u0142\u00f3wny PZK reprezentowa\u0142 przedstawiciel Prezydium ZG  \tPZK ? Sekretarz Generalny PZK Tadeusz SP9HQJ ( mieszkaniec Siemianowic \u015al. )  \toraz Prezes Warszawskiego Oddzia\u0142u Terenowego PZK ( OT PZK Nr 25 w Warszawie  \t) Kol. Robert Lu\u015bnia SP5XVY. Z kronikarskiego obowi\u0105zku wypada poda\u0107, \u017ce  \tw\u015br\u00f3d uczestnik\u00f3w tej ceremonii byli mi\u0119dzy innymi Koledzy : znany  \tpowszechnie Zygmunt SP5AYY ? tw\u00f3rca radiostacji powsta\u0144czej ?Burza?,  \thistoryk dr Adam Nogaj SP5EPP oraz liczna reprezentacja z Cz\u0119stochowy tj.  \tSP9CLU, SP9CP, SP9CV, SP9FT, SP9GPW, SP9VJ. \u015arodowisko siemianowickiego  \tKlubu \u0141\u0105czno\u015bci SP9KJM, poza moj\u0105 osob\u0105, reprezentowali : Prezes Klubu  \tEugeniusz Kurzeja SP9IIA i Romuald Drynda SP9UVQ. Ponadto obecni byli : Jan  \tSzczepanek SP9GDI z Mys\u0142owic i Tadeusz Ceperski SP9QMT z Imielina, kt\u00f3rzy  \twsp\u00f3\u0142pracowali z \u015a.P. Antonim przy odtworzeniu repliki radiostacji  \tpowsta\u0144czej ?B\u0142yskawica?.<\/p>\n<p style=\"margin-bottom: 0cm; text-align: center;\" mce_style=\"margin-bottom: 0cm; text-align: center;\"><img loading=\"lazy\" decoding=\"async\" src=\"http:\/\/www.sp9kjm.slask.pl\/MULTIMEDIA\/Antoni%20Zebik1.jpg\" mce_src=\"http:\/\/www.sp9kjm.slask.pl\/MULTIMEDIA\/Antoni%20Zebik1.jpg\" border=\"0\" height=\"286\" width=\"372\"><\/p>\n<p style=\"margin-bottom: 0cm;\" mce_style=\"margin-bottom: 0cm;\">Po uroczystej Mszy \u015awi\u0119tej w  \tkaplicy cmentarnej, przed z\u0142o\u017ceniem urny z prochami \u015a. P. Antoniego do  \trodzinnego grobowca, g\u0142os zabra\u0142 Kol. Adam SP5EPP ( historyk specjalizuj\u0105cy  \tsi\u0119 problematyk\u0105 walki zbrojnej ) przedstawiaj\u0105c bogat\u0105 biografi\u0119 Antoniego  \ti podkre\u015blaj\u0105c niezwyk\u0142e zas\u0142ugi zmar\u0142ego Antoniego dla kraju, a zw\u0142aszcza w  \tczasie okupacji. Z kronikarskiego obowi\u0105zku wypada przypomnie\u0107 cho\u0107by  \tnajbardziej istotne fragmenty z niezwykle barwnego \u017cyciorysu \u015a. P. Antoniego  \t: Antoni Z\u0119bik, pseudonim okupacyjny ?Bieg\u0142y?, urodzony w&nbsp;1914 roku  \tw&nbsp;Cz\u0119stochowie, w&nbsp;latach 1937 &#8211; 1938 s\u0142u\u017cy\u0142 w&nbsp;Kompanii Telegraficznej Wojska  \tPolskiego w Warszawie, by\u0142 przedwojennym kr\u00f3tkofalowcem &#8211; konstruktorem,  \tcz\u0142onkiem Polskiego Zwi\u0105zku Kr\u00f3tkofalowc\u00f3w. W wrze\u015bniu 1939 r. dowodzi\u0142  \tradiostacj\u0105 7 Dywizji Piechoty. W&nbsp;1943 r. zbudowa\u0142 radiostacj\u0119, z&nbsp;kt\u00f3rej  \tpodczas Powstania &#8211; od 8 sierpnia do 4 pa\u017adziernika &#8211; emitowano audycje  \tradiostacji &#8222;B\u0142yskawica&#8221;. Zatrzymany pod koniec 1944 r. przez gestapo,  \tzosta\u0142 wywieziony do oboz\u00f3w koncentracyjnych. Przeszed\u0142 przez siedem oboz\u00f3w,  \tostatnim by\u0142 Bergen-Belsen. Po wojnie zosta\u0142 aresztowany przez UB, a&nbsp;po  \tkilku miesi\u0105cach zwolniony. Po powrocie do kraju bra\u0142 czynny udzia\u0142  \tw&nbsp;odbudowie ruchu kr\u00f3tkofalarskiego w&nbsp;Polsce, by\u0142 prezesem oddzia\u0142u  \t\u0142\u00f3dzkiego Polskiego Zwi\u0105zku Kr\u00f3tkofalowc\u00f3w. Zosta\u0142 odznaczony m.in. Krzy\u017cem  \tKawalerskim i Oficerskim Orderu Odrodzenia Polski oraz Krzy\u017cem Partyzanckim.  \tW 1999 roku zosta\u0142 przez kr\u00f3tkofalowc\u00f3w polskich wybrany &#8222;Kr\u00f3tkofalowcem  \t70-lecia&#8221;. By\u0142 autorem licznych patent\u00f3w i&nbsp;prototyp\u00f3w urz\u0105dze\u0144 \u0142\u0105czno\u015bci.  \tW&nbsp;2004 przekaza\u0142 replik\u0119 radiostacji &#8222;B\u0142yskawica&#8221; do zbior\u00f3w Muzeum  \tPowstania Warszawskiego.<\/p>\n<p style=\"margin-bottom: 0cm; text-align: center;\" mce_style=\"margin-bottom: 0cm; text-align: center;\"><img loading=\"lazy\" decoding=\"async\" src=\"http:\/\/www.sp9kjm.slask.pl\/MULTIMEDIA\/Antoni%20Zebik2.jpg\" mce_src=\"http:\/\/www.sp9kjm.slask.pl\/MULTIMEDIA\/Antoni%20Zebik2.jpg\" border=\"0\" height=\"266\" width=\"362\"><\/p>\n<p style=\"margin-bottom: 0cm;\" mce_style=\"margin-bottom: 0cm;\" align=\"JUSTIFY\">W dalszej kolejno\u015bci g\u0142os  \tzabra\u0142 Prezydent Miasta Cz\u0119stochowy dr Tadeusz Wrona podkre\u015blaj\u0105c zas\u0142ugi \u015a.  \tP. Antoniego na rzecz miasta Cz\u0119stochowy , zw\u0142aszcza w okresie II wojny  \t\u015bwiatowej, kiedy to Antoni dzia\u0142aj\u0105c w konspiracji spiskowa\u0142 przeciwko  \tokupantowi niemieckiemu buduj\u0105c w tajemnicy radiostacj\u0119 powsta\u0144cz\u0105.<\/p>\n<p style=\"margin-bottom: 0cm;\" mce_style=\"margin-bottom: 0cm;\" align=\"JUSTIFY\">Jako przedstawiciel ZG PZK  \todnios\u0142em si\u0119 do kr\u00f3tkofalarskich aspekt\u00f3w dzia\u0142alno\u015bci \u015a. P. Antoniego  \tZ\u0119bika SP7LA podkre\u015blaj\u0105c Jego niezwyk\u0142e zas\u0142ugi na rzecz narodu polskiego i  \tpolskiego ruchu kr\u00f3tkofalarskiego, opartego na zasadach ham spiritu i  \tstwierdzaj\u0105c, \u017ce postawa Antoniego mo\u017ce stanowi\u0107 wz\u00f3r do na\u015bladowania  \twszystkich polskich kr\u00f3tkofalowc\u00f3w.<\/p>\n<p style=\"margin-top: 0.49cm; margin-bottom: 0.49cm;\" mce_style=\"margin-top: 0.49cm; margin-bottom: 0.49cm;\" align=\"JUSTIFY\">W  \timieniu Zarz\u0105du G\u0142\u00f3wnego Polskiego Zwi\u0105zku Kr\u00f3tkofalowc\u00f3w i wszystkich  \tpolskich kr\u00f3tkofalowc\u00f3w \u017cegnamy Ci\u0119 Antoni, maj\u0105c w pami\u0119ci Twoje  \tpatriotyczne dokonania na rzecz polskiego ruchu kr\u00f3tkofalarskiego. Na zawsze  \tpozostaniesz w naszej pami\u0119ci .<\/p>\n<p style=\"margin-top: 0.49cm; margin-bottom: 0.49cm;\" mce_style=\"margin-top: 0.49cm; margin-bottom: 0.49cm;\" align=\"JUSTIFY\"><b> Cze\u015b\u0107 Twojej pami\u0119ci.<\/b><\/p>\n<p style=\"margin-top: 0.49cm; margin-bottom: 0.49cm;\" mce_style=\"margin-top: 0.49cm; margin-bottom: 0.49cm;\" align=\"JUSTIFY\"><b> Opracowa\u0142 : Tadeusz Pami\u0119ta SP9HQJ.<\/b><\/p>\n","protected":false},"excerpt":{"rendered":"<p>4 lipca br. o godz. 11.00 na cmentarzu przy ul. Palmowej w Cz\u0119stochowie mia\u0142a miejsce ceremonia pochowania urny z prochami powszechnie znanego nestora polskiego kr\u00f3tkofalarstwa Antoniego Z\u0119bika ? SP7LA, w kt\u00f3rej wzi\u0119\u0142o udzia\u0142 ponad 50 os\u00f3b. W\u015br\u00f3d uczestnik\u00f3w ceremonii pogrzebowej &hellip; <a href=\"https:\/\/sp9kjm.com\/index.php\/2009\/08\/18\/poegnanie-antoniego-zbika-sp7la\/\">Czytaj dalej <span class=\"meta-nav\">&rarr;<\/span><\/a><\/p>\n","protected":false},"author":5,"featured_media":0,"comment_status":"closed","ping_status":"closed","sticky":false,"template":"","format":"standard","meta":{"c2c-post-author-ip":"","footnotes":""},"categories":[38],"tags":[],"class_list":["post-598","post","type-post","status-publish","format-standard","hentry","category-latest-news"],"_links":{"self":[{"href":"https:\/\/sp9kjm.com\/index.php\/wp-json\/wp\/v2\/posts\/598","targetHints":{"allow":["GET"]}}],"collection":[{"href":"https:\/\/sp9kjm.com\/index.php\/wp-json\/wp\/v2\/posts"}],"about":[{"href":"https:\/\/sp9kjm.com\/index.php\/wp-json\/wp\/v2\/types\/post"}],"author":[{"embeddable":true,"href":"https:\/\/sp9kjm.com\/index.php\/wp-json\/wp\/v2\/users\/5"}],"replies":[{"embeddable":true,"href":"https:\/\/sp9kjm.com\/index.php\/wp-json\/wp\/v2\/comments?post=598"}],"version-history":[{"count":0,"href":"https:\/\/sp9kjm.com\/index.php\/wp-json\/wp\/v2\/posts\/598\/revisions"}],"wp:attachment":[{"href":"https:\/\/sp9kjm.com\/index.php\/wp-json\/wp\/v2\/media?parent=598"}],"wp:term":[{"taxonomy":"category","embeddable":true,"href":"https:\/\/sp9kjm.com\/index.php\/wp-json\/wp\/v2\/categories?post=598"},{"taxonomy":"post_tag","embeddable":true,"href":"https:\/\/sp9kjm.com\/index.php\/wp-json\/wp\/v2\/tags?post=598"}],"curies":[{"name":"wp","href":"https:\/\/api.w.org\/{rel}","templated":true}]}}