{"id":593,"date":"2009-08-18T12:15:15","date_gmt":"2009-08-18T10:15:15","guid":{"rendered":"https:\/\/sp9kjm.com\/index.php\/2009\/08\/18\/xvii-krajowy-zjazd-delegatow-pzk-w-szczyrku\/"},"modified":"2009-08-18T12:15:15","modified_gmt":"2009-08-18T10:15:15","slug":"xvii-krajowy-zjazd-delegatow-pzk-w-szczyrku","status":"publish","type":"post","link":"https:\/\/sp9kjm.com\/index.php\/2009\/08\/18\/xvii-krajowy-zjazd-delegatow-pzk-w-szczyrku\/","title":{"rendered":"XVII Krajowy Zjazd Delegat\u00f3w PZK w Szczyrku"},"content":{"rendered":"<p style=\"margin-top: 0.49cm; margin-bottom: 0.49cm; text-align: left;\"><span style=\"color: rgb(0, 0, 0);\" mce_style=\"color: #000000;\">W dniach 17-18 maja w Domu Wypoczynkowym ?Siemion? w  \tSzczyrku odby\u0142 si\u0119 kolejny ju\u017c XVI Zjazd PZK,w kt\u00f3rym wzi\u0119\u0142o udzia\u0142 ponad 70 os\u00f3b, delegat\u00f3w tym 48 delegat\u00f3w z oddzia\u0142\u00f3w  \tterenowych PZK. Organizacj\u0105 Zjazdu zaj\u0105\u0142 si\u0119 Zarz\u0105d \u015al\u0105skiego Oddzia\u0142u  \tTerenowego PZK w Siemianowicach \u015al. oraz Zarz\u0105d Klubu SP9KJM w  \tSiemianowicach \u015al., a uczestnicy Zjazdu ocenili to przedsi\u0119wzi\u0119cie jako  \twzorcowe, daj\u0105c temu wyraz&nbsp;&nbsp;&nbsp;&nbsp;&nbsp;&nbsp;&nbsp;&nbsp;&nbsp;&nbsp;&nbsp;&nbsp;&nbsp;&nbsp;&nbsp;&nbsp;&nbsp;  \tw uchwale zjazdowej. To ogromna satysfakcja i pow\u00f3d do dumy dla lokalnych  \tkr\u00f3tkofalowc\u00f3w. W trakcie Zjazdu poruszono szereg istotnych kwestii  \tdotycz\u0105cych dalszego funkcjonowania naszego Zwi\u0105zku oraz przyj\u0119to szereg  \tuchwa\u0142 maj\u0105cych na celu dalsze usprawnienie funkcjonowania Prezydium i ZG  \tPZK.<\/span><\/p>\n<p style=\"margin-top: 0.49cm; margin-bottom: 0.49cm; text-align: left;\"><span style=\"color: rgb(0, 0, 0);\" mce_style=\"color: #000000;\"> <!--more-->  Dokonano nowelizacji dotychczasowego statutu oraz wybrano nowe w\u0142adze  \ttj. Prezydium ZG PZK oraz G\u0142\u00f3wn\u0105 Komisj\u0119 Rewizyjn\u0105. Z prawdziw\u0105 satysfakcj\u0105  \tmi\u0142o nam donie\u015b\u0107, i\u017c <b>w nowych w\u0142adzach znalaz\u0142 si\u0119 r\u00f3wnie\u017c mieszkaniec<\/b> <b>Siemianowic \u015al. Tadeusz Pami\u0119ta ? SP9HQJ<\/b>, pe\u0142ni\u0105cy dotychczas funkcj\u0119  \tWiceprezesa PZK. W obecnej kadencji Tadeusz pe\u0142ni funkcj\u0119 Sekretarza  \tGeneralnego PZK i do Jego obowi\u0105zk\u00f3w nale\u017ce\u0107 b\u0119dzie mi\u0119dzy innymi  \tutrzymywanie kontakt\u00f3w z organami i instytucjami centralnym w celu ochrony  \t\u017cywotnych interes\u00f3w PZK. Tak wi\u0119c Tadeusz zabiega\u0142 b\u0119dzie nadal o  \tutrzymywanie przyjaznych relacji z parlamentem, MON, AON, MEN, MSWiA, ZHP,  \tLOK i innymi organami i instytucjami, aby przed tworzeniem akt\u00f3w prawnych  \todnosz\u0105cych si\u0119 r\u00f3wnie\u017c do \u015brodowiska kr\u00f3tkofalarskiego mie\u0107 mo\u017cliwo\u015b\u0107 ich  \topiniowania i monitorowania. A problem\u00f3w jest wiele ? jednym z nich jest  \tchocia\u017cby problem antenowy. Nie wszystkie bowiem administracje budynk\u00f3w  \tmieszkalnych i wsp\u00f3lnoty mieszkaniowe rozumiej\u0105 potrzeby kr\u00f3tkofalowc\u00f3w i  \tzdarzaj\u0105 si\u0119 przypadki utrudnienia w montowaniu anten nadawczo ?  \todbiorczych. By\u0107 mo\u017ce w cz\u0119\u015bci wynika to z niezrozumienia istoty ruchu  \tkr\u00f3tkofalarskiego i by\u0107 mo\u017ce nie wszyscy rozumiej\u0105, i\u017c tak<b> <\/b>naprawd\u0119<b> kr\u00f3tkofalowiec to sojusznik obywatela w sytuacji zagro\u017cenia szeroko poj\u0119tego  \tbezpiecze\u0144stwa.<\/b> Pow\u00f3d\u017a w dorzeczu Odry w 1997 roku czy po\u017car w rejonie  \tlas\u00f3w raciborskich w latach 90 ? tych pokaza\u0142y niezwyk\u0142\u0105 przydatno\u015b\u0107  \tkr\u00f3tkofalowc\u00f3w w akcji wspierania profesjonalnej \u0142\u0105czno\u015bci, kt\u00f3ra zawodzi\u0142a  \tw sytuacji zagro\u017cenia. Dzi\u015b kr\u00f3tkofalowcy zrzeszeni s\u0105 w lokalnych  \tstrukturach zarz\u0105dzania kryzysowego i zawsze mo\u017cna liczy\u0107 na ich pomoc w  \tsytuacji zagro\u017cenia. To tylko jeden z praktycznych aspekt\u00f3w przydatno\u015bci  \tkr\u00f3tkofalowc\u00f3w w spo\u0142ecze\u0144stwie. Wi\u0119cej informacji na ten temat znajduje si\u0119  \tna stronach : <\/span><span style=\"color: rgb(0, 0, 255);\" mce_style=\"color: #0000ff;\"> <a href=\"http:\/\/www.pzkkatowice.pl\/\" mce_href=\"http:\/\/www.pzkkatowice.pl\/\"> <span style=\"color: rgb(0, 0, 0);\" mce_style=\"color: #000000;\"><span style=\"text-decoration: none;\" mce_style=\"text-decoration: none;\">www.pzkkatowice.pl<\/span><\/span><\/a><\/span><span style=\"color: rgb(0, 0, 0);\" mce_style=\"color: #000000;\"> oraz <\/span><span style=\"color: rgb(0, 0, 255);\" mce_style=\"color: #0000ff;\"> <a href=\"http:\/\/www.pzk.org.pl\/\" mce_href=\"http:\/\/www.pzk.org.pl\/\"> <span style=\"color: rgb(0, 0, 0);\" mce_style=\"color: #000000;\"><span style=\"text-decoration: none;\" mce_style=\"text-decoration: none;\">www.pzk.org.pl<\/span><\/span><\/a><\/span><span style=\"color: rgb(0, 0, 0);\" mce_style=\"color: #000000;\"> Dokumentacja foto ze spotkania w naszej Galerii.<\/span><\/p>\n<p style=\"margin-top: 0.49cm; margin-bottom: 0.49cm;\" mce_style=\"margin-top: 0.49cm; margin-bottom: 0.49cm;\" align=\"JUSTIFY\"><span style=\"color: rgb(0, 0, 0);\" mce_style=\"color: #000000;\"><b>Opracowa\u0142 : Prezes Klubu SP9KJM w Siemianowicach  \t\u015al. Eugeniusz Kurzeja ? SP9IIA<\/b><\/span><\/p>\n","protected":false},"excerpt":{"rendered":"<p>W dniach 17-18 maja w Domu Wypoczynkowym ?Siemion? w Szczyrku odby\u0142 si\u0119 kolejny ju\u017c XVI Zjazd PZK,w kt\u00f3rym wzi\u0119\u0142o udzia\u0142 ponad 70 os\u00f3b, delegat\u00f3w tym 48 delegat\u00f3w z oddzia\u0142\u00f3w terenowych PZK. Organizacj\u0105 Zjazdu zaj\u0105\u0142 si\u0119 Zarz\u0105d \u015al\u0105skiego Oddzia\u0142u Terenowego PZK &hellip; <a href=\"https:\/\/sp9kjm.com\/index.php\/2009\/08\/18\/xvii-krajowy-zjazd-delegatow-pzk-w-szczyrku\/\">Czytaj dalej <span class=\"meta-nav\">&rarr;<\/span><\/a><\/p>\n","protected":false},"author":5,"featured_media":0,"comment_status":"closed","ping_status":"closed","sticky":false,"template":"","format":"standard","meta":{"c2c-post-author-ip":"","footnotes":""},"categories":[38],"tags":[],"class_list":["post-593","post","type-post","status-publish","format-standard","hentry","category-latest-news"],"_links":{"self":[{"href":"https:\/\/sp9kjm.com\/index.php\/wp-json\/wp\/v2\/posts\/593","targetHints":{"allow":["GET"]}}],"collection":[{"href":"https:\/\/sp9kjm.com\/index.php\/wp-json\/wp\/v2\/posts"}],"about":[{"href":"https:\/\/sp9kjm.com\/index.php\/wp-json\/wp\/v2\/types\/post"}],"author":[{"embeddable":true,"href":"https:\/\/sp9kjm.com\/index.php\/wp-json\/wp\/v2\/users\/5"}],"replies":[{"embeddable":true,"href":"https:\/\/sp9kjm.com\/index.php\/wp-json\/wp\/v2\/comments?post=593"}],"version-history":[{"count":0,"href":"https:\/\/sp9kjm.com\/index.php\/wp-json\/wp\/v2\/posts\/593\/revisions"}],"wp:attachment":[{"href":"https:\/\/sp9kjm.com\/index.php\/wp-json\/wp\/v2\/media?parent=593"}],"wp:term":[{"taxonomy":"category","embeddable":true,"href":"https:\/\/sp9kjm.com\/index.php\/wp-json\/wp\/v2\/categories?post=593"},{"taxonomy":"post_tag","embeddable":true,"href":"https:\/\/sp9kjm.com\/index.php\/wp-json\/wp\/v2\/tags?post=593"}],"curies":[{"name":"wp","href":"https:\/\/api.w.org\/{rel}","templated":true}]}}