{"id":592,"date":"2009-08-18T12:14:51","date_gmt":"2009-08-18T10:14:51","guid":{"rendered":"https:\/\/sp9kjm.com\/index.php\/2009\/08\/18\/zarzd-miejski-ligi-obrony-kraju-w-siemianowicach-informuje-2\/"},"modified":"2009-08-18T12:14:51","modified_gmt":"2009-08-18T10:14:51","slug":"zarzd-miejski-ligi-obrony-kraju-w-siemianowicach-informuje-2","status":"publish","type":"post","link":"https:\/\/sp9kjm.com\/index.php\/2009\/08\/18\/zarzd-miejski-ligi-obrony-kraju-w-siemianowicach-informuje-2\/","title":{"rendered":"Zarz\u0105d Miejski Ligi Obrony Kraju w Siemianowicach informuje"},"content":{"rendered":"<p>Zarz\u0105d Miejski Ligi Obrony Kraju w Siemianowicach informuje <br \/> \u017ce w dniu 18 Luty 2009r. godz.12.00 odby\u0142o si\u0119 wyjazdowe Plenum oraz  \t\tPrezydium Zarz\u0105du Wojew\u00f3dzkiego Ligi Obrony Kraju w Katowicach.<br \/> W\/w spotkanie zosta\u0142o zorganizowane w go\u015bcinnych progach ?Domu Kultury  \t\tChemik?<br \/> w Siemianowicach \u015al\u0105skich.&nbsp;<\/p>\n<\/p>\n<p> <!--more--> <\/p>\n<p> W spotkaniu uczestniczy\u0142y 21 jednostek Zarz\u0105d\u00f3w Terenowych LOK jak:  \t\tCieszyna<br \/> K\u0142obucka, Myszkowa, Rybnika, D\u0105browy G\u00f3rniczej, Tarnowskich G\u00f3r oraz  \t\to\u015bciennych miast Siemianowic \u015al. W sumie uczestniczy\u0142o 40 os\u00f3b.<br \/> W spotkaniu zosta\u0142a podsumowana dzia\u0142alno\u015b\u0107 statutowo-organizacyjna  \t\tZarz\u0105d\u00f3w<br \/> Terenowych Ligi Obrony Kraju oraz Klub\u00f3w i K\u00f3\u0142 Lokowskich.<br \/> Zarz\u0105d Terenowy Siemianowice \u015al. uzyska\u0142 miano Przoduj\u0105cego Zarz\u0105du  \t\t\u015al\u0105skiej<br \/> Wojew\u00f3dzkiej Organizacji LOK za rok 2008. oraz Klub \u0141\u0105czno\u015bci SP9KJM <br \/> w Siemianowicach \u015al. uzyska\u0142 miano Przoduj\u0105cego Klubu \u0141\u0105czno\u015bci \u015al\u0105skiej  \t\tWojew\u00f3dzkiej Organizacji LOK za rok 2008 . Za W\/w dzia\u0142alno\u015b\u0107  \t\totrzymali\u015bmy i statuetk\u0119.<br \/> Prezydium Zarz\u0105du Wojew\u00f3dzkiego zapozna\u0142o zgromadzonych z planem pracy  \t\tna rok 2009 <\/p>\n<p> Vice Prezes ZM. LOK <br \/> Eugeniusz Kurzeja<\/p><\/p>\n","protected":false},"excerpt":{"rendered":"<p>Zarz\u0105d Miejski Ligi Obrony Kraju w Siemianowicach informuje \u017ce w dniu 18 Luty 2009r. godz.12.00 odby\u0142o si\u0119 wyjazdowe Plenum oraz Prezydium Zarz\u0105du Wojew\u00f3dzkiego Ligi Obrony Kraju w Katowicach. W\/w spotkanie zosta\u0142o zorganizowane w go\u015bcinnych progach ?Domu Kultury Chemik? w Siemianowicach &hellip; <a href=\"https:\/\/sp9kjm.com\/index.php\/2009\/08\/18\/zarzd-miejski-ligi-obrony-kraju-w-siemianowicach-informuje-2\/\">Czytaj dalej <span class=\"meta-nav\">&rarr;<\/span><\/a><\/p>\n","protected":false},"author":5,"featured_media":0,"comment_status":"closed","ping_status":"closed","sticky":false,"template":"","format":"standard","meta":{"c2c-post-author-ip":"","footnotes":""},"categories":[38],"tags":[],"class_list":["post-592","post","type-post","status-publish","format-standard","hentry","category-latest-news"],"_links":{"self":[{"href":"https:\/\/sp9kjm.com\/index.php\/wp-json\/wp\/v2\/posts\/592","targetHints":{"allow":["GET"]}}],"collection":[{"href":"https:\/\/sp9kjm.com\/index.php\/wp-json\/wp\/v2\/posts"}],"about":[{"href":"https:\/\/sp9kjm.com\/index.php\/wp-json\/wp\/v2\/types\/post"}],"author":[{"embeddable":true,"href":"https:\/\/sp9kjm.com\/index.php\/wp-json\/wp\/v2\/users\/5"}],"replies":[{"embeddable":true,"href":"https:\/\/sp9kjm.com\/index.php\/wp-json\/wp\/v2\/comments?post=592"}],"version-history":[{"count":0,"href":"https:\/\/sp9kjm.com\/index.php\/wp-json\/wp\/v2\/posts\/592\/revisions"}],"wp:attachment":[{"href":"https:\/\/sp9kjm.com\/index.php\/wp-json\/wp\/v2\/media?parent=592"}],"wp:term":[{"taxonomy":"category","embeddable":true,"href":"https:\/\/sp9kjm.com\/index.php\/wp-json\/wp\/v2\/categories?post=592"},{"taxonomy":"post_tag","embeddable":true,"href":"https:\/\/sp9kjm.com\/index.php\/wp-json\/wp\/v2\/tags?post=592"}],"curies":[{"name":"wp","href":"https:\/\/api.w.org\/{rel}","templated":true}]}}