{"id":4179,"date":"2022-06-06T11:25:12","date_gmt":"2022-06-06T09:25:12","guid":{"rendered":"https:\/\/sp9kjm.pl\/?p=4179"},"modified":"2022-06-06T11:25:13","modified_gmt":"2022-06-06T09:25:13","slug":"najnowsze-wydarzenia-klubowe-5","status":"publish","type":"post","link":"https:\/\/sp9kjm.com\/index.php\/2022\/06\/06\/najnowsze-wydarzenia-klubowe-5\/","title":{"rendered":"Najnowsze wydarzenia klubowe"},"content":{"rendered":"\n<p>W ci\u0105gu ostatnich dw\u00f3ch tygodni wiele dobrego dzia\u0142o si\u0119 w naszym klubie. Miko\u0142aj SQ9PCO jak zwykle zdobywa kolejne dyplomy dla naszego klubu. Dzi\u0119kujemy za ostatnio zdobyty prezentowany poni\u017cej.<\/p>\n\n\n\n<figure class=\"wp-block-image size-large\"><img loading=\"lazy\" decoding=\"async\" width=\"682\" height=\"1024\" src=\"https:\/\/sp9kjm.pl\/wp-content\/uploads\/2022\/06\/dyplom-682x1024.jpg\" alt=\"\" class=\"wp-image-4180\" srcset=\"https:\/\/sp9kjm.com\/wp-content\/uploads\/2022\/06\/dyplom-682x1024.jpg 682w, https:\/\/sp9kjm.com\/wp-content\/uploads\/2022\/06\/dyplom-200x300.jpg 200w, https:\/\/sp9kjm.com\/wp-content\/uploads\/2022\/06\/dyplom-768x1153.jpg 768w, https:\/\/sp9kjm.com\/wp-content\/uploads\/2022\/06\/dyplom.jpg 821w\" sizes=\"auto, (max-width: 682px) 100vw, 682px\" \/><\/figure>\n\n\n\n<!--more-->\n\n\n\n<p>Ostatnio zrodzi\u0142 si\u0119 pomys\u0142, aby\u015bmy w ramach klubowych akcji wyjazdowych pracowali z terenu bunkr\u00f3w i schron\u00f3w. Przyst\u0105pili\u015bmy do realizacji tego planu i w pierwszej kolejno\u015bci zaznaczyli\u015bmy swoj\u0105 obecno\u015b\u0107 przy bunkrze \u2013 schronie obronnym nr 75 usytuowanym w Rudzie \u015al\u0105skiej \u2013 Koch\u0142owicach przy ulicy Pomorskiej, w pobli\u017cu ogr\u00f3dk\u00f3w dzia\u0142kowych. 25 maja br. ju\u017c o godzinie 16.00 na miejscu zjawili si\u0119 pierwsi klubowicze, a po chwili przybyli nast\u0119pni koledzy. Poza prezesem klubu Tadeuszem SP9HQJ, w akcji tej wzi\u0119li udzia\u0142: Mateusz SQ9MLZ, Rafa\u0142 SP9AG, Emil SP9WOJ, Marcin SP9MFK, Mariusz SQ9JFH oraz Radek SWL. Po zamontowaniu anten na KF i UKF przyst\u0105pili\u015bmy do pracy radiowej. Zawieszony na wysoko\u015bci ponad 10 metr\u00f3w nad ziemi\u0105 dipol na KF nie sprawdzi\u0142 si\u0119, natomiast antena end fed multiband by\u0142a niezawodna i mogli\u015bmy przyst\u0105pi\u0107 do prowadzenia \u0142\u0105czno\u015bci. Z uwagi na s\u0142ab\u0105 aktywno\u015b\u0107 na 3,7 MHz przeszli\u015bmy na 7 MHz i \u201eposypa\u0142y si\u0119\u201d dalsze \u0142\u0105czno\u015bci, poniewa\u017c nasz\u0105 obecno\u015b\u0107 na pa\u015bmie zauwa\u017cy\u0142o wielu nadawc\u00f3w. Byli\u015bmy smacznym k\u0105skiem radiowych dla wielu korespondent\u00f3w. Przeprowadzono og\u00f3\u0142em 39 \u0142\u0105czno\u015bci. Gorzej by\u0142o na UKF z uwagi na ni\u017csze po\u0142o\u017cenie terenu i nie by\u0142o tu rewelacji \u2013 uda\u0142o si\u0119 przeprowadzi\u0107 niewiele \u0142\u0105czno\u015bci. Ale by\u0142o to dla nas pierwsze do\u015bwiadczenie i wyci\u0105gn\u0119li\u015bmy z tego wnioski. Nie oby\u0142o si\u0119 bez ma\u0142ej przygody w postaci padaj\u0105cego deszczu, ale i na to znale\u017ali\u015bmy spos\u00f3b zas\u0142aniaj\u0105c stanowiska operatorskie. Odwiedzili nas dwaj miejscowi nadawcy tj. Krzysztof SP9BJV i Arek SP9DSD, a tak\u017ce prezes miejscowych ogr\u00f3dk\u00f3w dzia\u0142kowych. Przedsi\u0119wzi\u0119cie to nale\u017cy uzna\u0107 za udane. Planujemy kolejne aktywno\u015bci z teren\u00f3w bunkr\u00f3w.<\/p>\n\n\n\n<p>Poni\u017cej kilka migawek fotograficznych z tej aktywno\u015bci.<\/p>\n\n\n\n<figure class=\"wp-block-image size-full\"><img loading=\"lazy\" decoding=\"async\" width=\"960\" height=\"375\" src=\"https:\/\/sp9kjm.pl\/wp-content\/uploads\/2022\/06\/IMG20220525180628_0.jpg\" alt=\"\" class=\"wp-image-4191\" srcset=\"https:\/\/sp9kjm.com\/wp-content\/uploads\/2022\/06\/IMG20220525180628_0.jpg 960w, https:\/\/sp9kjm.com\/wp-content\/uploads\/2022\/06\/IMG20220525180628_0-300x117.jpg 300w, https:\/\/sp9kjm.com\/wp-content\/uploads\/2022\/06\/IMG20220525180628_0-768x300.jpg 768w, https:\/\/sp9kjm.com\/wp-content\/uploads\/2022\/06\/IMG20220525180628_0-500x195.jpg 500w\" sizes=\"auto, (max-width: 960px) 100vw, 960px\" \/><\/figure>\n\n\n\n<figure class=\"wp-block-image size-large\"><img loading=\"lazy\" decoding=\"async\" width=\"1024\" height=\"675\" src=\"https:\/\/sp9kjm.pl\/wp-content\/uploads\/2022\/06\/IMG20220525162625-1024x675.jpg\" alt=\"\" class=\"wp-image-4181\" srcset=\"https:\/\/sp9kjm.com\/wp-content\/uploads\/2022\/06\/IMG20220525162625-1024x675.jpg 1024w, https:\/\/sp9kjm.com\/wp-content\/uploads\/2022\/06\/IMG20220525162625-300x198.jpg 300w, https:\/\/sp9kjm.com\/wp-content\/uploads\/2022\/06\/IMG20220525162625-768x506.jpg 768w, https:\/\/sp9kjm.com\/wp-content\/uploads\/2022\/06\/IMG20220525162625-1536x1012.jpg 1536w, https:\/\/sp9kjm.com\/wp-content\/uploads\/2022\/06\/IMG20220525162625-2048x1350.jpg 2048w, https:\/\/sp9kjm.com\/wp-content\/uploads\/2022\/06\/IMG20220525162625-455x300.jpg 455w\" sizes=\"auto, (max-width: 1024px) 100vw, 1024px\" \/><figcaption>Prace nad zawieszeniem anteny na KF. W akcji tej udzia\u0142 bior\u0105: Emil SP9WOJ,<br>Mateusz SQ9MLZ i Marcin SP9MFK<\/figcaption><\/figure>\n\n\n\n<figure class=\"wp-block-image size-large\"><img loading=\"lazy\" decoding=\"async\" width=\"1024\" height=\"824\" src=\"https:\/\/sp9kjm.pl\/wp-content\/uploads\/2022\/06\/IMG20220525170137-1024x824.jpg\" alt=\"\" class=\"wp-image-4182\" srcset=\"https:\/\/sp9kjm.com\/wp-content\/uploads\/2022\/06\/IMG20220525170137-1024x824.jpg 1024w, https:\/\/sp9kjm.com\/wp-content\/uploads\/2022\/06\/IMG20220525170137-300x241.jpg 300w, https:\/\/sp9kjm.com\/wp-content\/uploads\/2022\/06\/IMG20220525170137-768x618.jpg 768w, https:\/\/sp9kjm.com\/wp-content\/uploads\/2022\/06\/IMG20220525170137-1536x1236.jpg 1536w, https:\/\/sp9kjm.com\/wp-content\/uploads\/2022\/06\/IMG20220525170137-373x300.jpg 373w, https:\/\/sp9kjm.com\/wp-content\/uploads\/2022\/06\/IMG20220525170137.jpg 1889w\" sizes=\"auto, (max-width: 1024px) 100vw, 1024px\" \/><figcaption>Praca zespo\u0142owa daje rezultaty. Jednocze\u015bnie montowane s\u0105 anteny na KF i UKF.<\/figcaption><\/figure>\n\n\n\n<figure class=\"wp-block-image size-large\"><img loading=\"lazy\" decoding=\"async\" width=\"1024\" height=\"796\" src=\"https:\/\/sp9kjm.pl\/wp-content\/uploads\/2022\/06\/IMG20220525171733-1024x796.jpg\" alt=\"\" class=\"wp-image-4183\" srcset=\"https:\/\/sp9kjm.com\/wp-content\/uploads\/2022\/06\/IMG20220525171733-1024x796.jpg 1024w, https:\/\/sp9kjm.com\/wp-content\/uploads\/2022\/06\/IMG20220525171733-300x233.jpg 300w, https:\/\/sp9kjm.com\/wp-content\/uploads\/2022\/06\/IMG20220525171733-768x597.jpg 768w, https:\/\/sp9kjm.com\/wp-content\/uploads\/2022\/06\/IMG20220525171733-1536x1194.jpg 1536w, https:\/\/sp9kjm.com\/wp-content\/uploads\/2022\/06\/IMG20220525171733-2048x1592.jpg 2048w, https:\/\/sp9kjm.com\/wp-content\/uploads\/2022\/06\/IMG20220525171733-386x300.jpg 386w\" sizes=\"auto, (max-width: 1024px) 100vw, 1024px\" \/><figcaption>Pierwsze pr\u00f3by nawi\u0105zania \u0142\u0105czno\u015bci przez Artura SP9AG na KF i Marcin SP9MFK na UKF id\u0105 topornie.<br>Na UKF posucha, a na 3,7 pracuje ma\u0142o stacji. Trzeba b\u0119dzie prze\u0142\u0105czy\u0107 si\u0119 na 7 MHz.<\/figcaption><\/figure>\n\n\n\n<figure class=\"wp-block-image size-large\"><img loading=\"lazy\" decoding=\"async\" width=\"1024\" height=\"768\" src=\"https:\/\/sp9kjm.pl\/wp-content\/uploads\/2022\/06\/IMG20220525180628_2-1024x768.jpg\" alt=\"\" class=\"wp-image-4184\" srcset=\"https:\/\/sp9kjm.com\/wp-content\/uploads\/2022\/06\/IMG20220525180628_2-1024x768.jpg 1024w, https:\/\/sp9kjm.com\/wp-content\/uploads\/2022\/06\/IMG20220525180628_2-300x225.jpg 300w, https:\/\/sp9kjm.com\/wp-content\/uploads\/2022\/06\/IMG20220525180628_2-768x576.jpg 768w, https:\/\/sp9kjm.com\/wp-content\/uploads\/2022\/06\/IMG20220525180628_2-400x300.jpg 400w, https:\/\/sp9kjm.com\/wp-content\/uploads\/2022\/06\/IMG20220525180628_2.jpg 1041w\" sizes=\"auto, (max-width: 1024px) 100vw, 1024px\" \/><figcaption>Czy\u017cby to by\u0142 typowy obrazek jak za czas\u00f3w PRL, gdzie dw\u00f3ch pracuje, a reszta to kierownicy? Na zdj\u0119ciu od lewej pracuj\u0105 na radiostacji Artur SP9AG i Marcin SP9MFK. W roli obserwator\u00f3w i dyskutant\u00f3w od lewej wyst\u0119puj\u0105: Krzysztof SP9BJV, prezes ogr\u00f3dk\u00f3w dzia\u0142kowych, Tadeusz SP9HQJ, Emil SP9WOJ i Radek SWL.<\/figcaption><\/figure>\n\n\n\n<figure class=\"wp-block-image size-large\"><img loading=\"lazy\" decoding=\"async\" width=\"654\" height=\"1024\" src=\"https:\/\/sp9kjm.pl\/wp-content\/uploads\/2022\/06\/IMG20220525180628-654x1024.jpg\" alt=\"\" class=\"wp-image-4185\" srcset=\"https:\/\/sp9kjm.com\/wp-content\/uploads\/2022\/06\/IMG20220525180628-654x1024.jpg 654w, https:\/\/sp9kjm.com\/wp-content\/uploads\/2022\/06\/IMG20220525180628-192x300.jpg 192w, https:\/\/sp9kjm.com\/wp-content\/uploads\/2022\/06\/IMG20220525180628-768x1202.jpg 768w, https:\/\/sp9kjm.com\/wp-content\/uploads\/2022\/06\/IMG20220525180628-982x1536.jpg 982w, https:\/\/sp9kjm.com\/wp-content\/uploads\/2022\/06\/IMG20220525180628-1309x2048.jpg 1309w, https:\/\/sp9kjm.com\/wp-content\/uploads\/2022\/06\/IMG20220525180628-scaled.jpg 1636w\" sizes=\"auto, (max-width: 654px) 100vw, 654px\" \/><figcaption>Mateusz SQ9MLZ podejmuje prac\u0119 na KF tj. na 3,7 MHz, ale z powodu niskiej aktywno\u015bci na tym pa\u015bmie przechodzi na 7 MHz.<\/figcaption><\/figure>\n\n\n\n<figure class=\"wp-block-image size-large\"><img loading=\"lazy\" decoding=\"async\" width=\"1024\" height=\"576\" src=\"https:\/\/sp9kjm.pl\/wp-content\/uploads\/2022\/06\/IMG20220525180628_3-1024x576.jpg\" alt=\"\" class=\"wp-image-4186\" srcset=\"https:\/\/sp9kjm.com\/wp-content\/uploads\/2022\/06\/IMG20220525180628_3-1024x576.jpg 1024w, https:\/\/sp9kjm.com\/wp-content\/uploads\/2022\/06\/IMG20220525180628_3-300x169.jpg 300w, https:\/\/sp9kjm.com\/wp-content\/uploads\/2022\/06\/IMG20220525180628_3-768x432.jpg 768w, https:\/\/sp9kjm.com\/wp-content\/uploads\/2022\/06\/IMG20220525180628_3-500x281.jpg 500w, https:\/\/sp9kjm.com\/wp-content\/uploads\/2022\/06\/IMG20220525180628_3.jpg 1179w\" sizes=\"auto, (max-width: 1024px) 100vw, 1024px\" \/><figcaption>Zacz\u0105\u0142 pada\u0107 deszcz i koledzy pomy\u015bleli o zabezpieczeniu stanowisk operatorskich na KF i UKF.<br>Na KF pracuje Tadeusz SP9HQJ.<\/figcaption><\/figure>\n\n\n\n<figure class=\"wp-block-image size-large\"><img loading=\"lazy\" decoding=\"async\" width=\"1024\" height=\"576\" src=\"https:\/\/sp9kjm.pl\/wp-content\/uploads\/2022\/06\/IMG20220525180628_4-1024x576.jpg\" alt=\"\" class=\"wp-image-4187\" srcset=\"https:\/\/sp9kjm.com\/wp-content\/uploads\/2022\/06\/IMG20220525180628_4-1024x576.jpg 1024w, https:\/\/sp9kjm.com\/wp-content\/uploads\/2022\/06\/IMG20220525180628_4-300x169.jpg 300w, https:\/\/sp9kjm.com\/wp-content\/uploads\/2022\/06\/IMG20220525180628_4-768x432.jpg 768w, https:\/\/sp9kjm.com\/wp-content\/uploads\/2022\/06\/IMG20220525180628_4-500x281.jpg 500w, https:\/\/sp9kjm.com\/wp-content\/uploads\/2022\/06\/IMG20220525180628_4.jpg 1187w\" sizes=\"auto, (max-width: 1024px) 100vw, 1024px\" \/><figcaption>W tych warunkach pracuje na radiu pracuje si\u0119 w miar\u0119 zno\u015bnie. Od lewej: Emil SP9WOJ i Tadeusz SP9HQJ.<\/figcaption><\/figure>\n\n\n\n<figure class=\"wp-block-image size-large\"><img loading=\"lazy\" decoding=\"async\" width=\"571\" height=\"1024\" src=\"https:\/\/sp9kjm.pl\/wp-content\/uploads\/2022\/06\/IMG20220525180628_5-571x1024.jpg\" alt=\"\" class=\"wp-image-4188\" srcset=\"https:\/\/sp9kjm.com\/wp-content\/uploads\/2022\/06\/IMG20220525180628_5-571x1024.jpg 571w, https:\/\/sp9kjm.com\/wp-content\/uploads\/2022\/06\/IMG20220525180628_5-167x300.jpg 167w, https:\/\/sp9kjm.com\/wp-content\/uploads\/2022\/06\/IMG20220525180628_5-768x1376.jpg 768w, https:\/\/sp9kjm.com\/wp-content\/uploads\/2022\/06\/IMG20220525180628_5-857x1536.jpg 857w, https:\/\/sp9kjm.com\/wp-content\/uploads\/2022\/06\/IMG20220525180628_5-1143x2048.jpg 1143w, https:\/\/sp9kjm.com\/wp-content\/uploads\/2022\/06\/IMG20220525180628_5-scaled.jpg 1429w\" sizes=\"auto, (max-width: 571px) 100vw, 571px\" \/><figcaption>Kiedy koledzy podj\u0119li prac\u0119 na KF i UKF to Mateusz SQ9MLZ zaj\u0105\u0142 si\u0119 logistyk\u0105 &#8211; przygotowaniem kawy i herbaty. Dzi\u0119kujemy.<\/figcaption><\/figure>\n\n\n\n<figure class=\"wp-block-image size-large\"><img loading=\"lazy\" decoding=\"async\" width=\"1024\" height=\"1024\" src=\"https:\/\/sp9kjm.pl\/wp-content\/uploads\/2022\/06\/IMG20220525180628_6-1024x1024.jpg\" alt=\"\" class=\"wp-image-4189\" srcset=\"https:\/\/sp9kjm.com\/wp-content\/uploads\/2022\/06\/IMG20220525180628_6-1024x1024.jpg 1024w, https:\/\/sp9kjm.com\/wp-content\/uploads\/2022\/06\/IMG20220525180628_6-300x300.jpg 300w, https:\/\/sp9kjm.com\/wp-content\/uploads\/2022\/06\/IMG20220525180628_6-150x150.jpg 150w, https:\/\/sp9kjm.com\/wp-content\/uploads\/2022\/06\/IMG20220525180628_6-768x768.jpg 768w, https:\/\/sp9kjm.com\/wp-content\/uploads\/2022\/06\/IMG20220525180628_6.jpg 1070w\" sizes=\"auto, (max-width: 1024px) 100vw, 1024px\" \/><figcaption>Od lewej: prezes lokalnych ogr\u00f3dk\u00f3w dzia\u0142kowych, Arek SP9DSD i Mariusz SQ9JFH<\/figcaption><\/figure>\n\n\n\n<figure class=\"wp-block-image size-large\"><img loading=\"lazy\" decoding=\"async\" width=\"1024\" height=\"1024\" src=\"https:\/\/sp9kjm.pl\/wp-content\/uploads\/2022\/06\/IMG20220525180628_7-1024x1024.jpg\" alt=\"\" class=\"wp-image-4190\" srcset=\"https:\/\/sp9kjm.com\/wp-content\/uploads\/2022\/06\/IMG20220525180628_7-1024x1024.jpg 1024w, https:\/\/sp9kjm.com\/wp-content\/uploads\/2022\/06\/IMG20220525180628_7-300x300.jpg 300w, https:\/\/sp9kjm.com\/wp-content\/uploads\/2022\/06\/IMG20220525180628_7-150x150.jpg 150w, https:\/\/sp9kjm.com\/wp-content\/uploads\/2022\/06\/IMG20220525180628_7-768x768.jpg 768w, https:\/\/sp9kjm.com\/wp-content\/uploads\/2022\/06\/IMG20220525180628_7.jpg 1029w\" sizes=\"auto, (max-width: 1024px) 100vw, 1024px\" \/><figcaption>Z podwy\u017cszenia zestawienia wynika, \u017ce nie ma szans ba prowadzenie \u0142\u0105czno\u015bci na 3,7 MHz. W tej sytuacji przeszli\u015bmy na 7 MHz, gdzie warunki by\u0142y bardziej zno\u015bne. Przybywa \u0142\u0105czno\u015bci.<\/figcaption><\/figure>\n\n\n\n<p>W sobot\u0119 tj. 28 maja br. nasi reprezentanci klubowi wzi\u0119li udzia\u0142 w og\u00f3lnopolskim spotkaniu kr\u00f3tkofalowc\u00f3w pod nazw\u0105 <strong>\u201e\u0141O\u015a 2022\u201d<\/strong> w Jaworznie ko\u0142o Wielunia t. na granicy trzech wojew\u00f3dztw: \u0142\u00f3dzkiego, opolskiego i \u015bl\u0105skiego. W Internecie jest wiele informacji i zdj\u0119\u0107 na temat tego spotkania. W Komunikacie PZK z dnia 1 czerwca br. zamieszczonym na stronie <a href=\"https:\/\/pzk.org.pl\/news.php?readmore=4925\">https:\/\/pzk.org.pl\/news.php?readmore=4925<\/a> czytamy:<\/p>\n\n\n\n<blockquote class=\"wp-block-quote is-layout-flow wp-block-quote-is-layout-flow\"><p><strong><em>\u0141O\u015a 2022 za nami<\/em><\/strong><\/p><cite>Jak co roku z przerw\u0105 na ograniczenia pandemiczne w ostatni weekend maj\u0105 na styku trzech wojew\u00f3dztw \u0141\u00f3dzkiego, Opolskiego i \u015al\u0105skiego odby\u0142o si\u0119 Og\u00f3lnopolskie Spotkanie Kr\u00f3tkofalowc\u00f3w \u0141O\u015a. Spotkanie by\u0142o jednym z najbogatszych programowo. Poza inauguracj\u0105 program obejmowa\u0142 a\u017c 8 pozycji i zako\u0144czy\u0142 si\u0119 dopiero po godz.18.00. Nie brakowa\u0142o niczego. By\u0142a wspania\u0142a prezentacja na temat contestingu, o dw\u00f3ch wyprawach dx-owych, opowie\u015bci o karawaningu z radiem i r\u00f3\u017cnych jego aspektach, w tym promocja znakomitej ksi\u0105\u017cki Przemka SP7VC rZ radiem przez \u015bwiatr1;, b\u0119d\u0105cej r\u00f3wnocze\u015bnie poradnikiem dla wszystkich zainteresowanych turystyk\u0105 radiow\u0105, dwie prezentacje techniczne dla &#8222;zawansowanych&#8221;, a nawet informacje o \u0142owach na lisa. Po\u015bwi\u0119cili\u015bmy tak\u017ce nieco czasu sprawom zwi\u0105zanym z \u0142\u0105czno\u015bci\u0105 bezpiecze\u0144stwa. W efekcie stara\u0144 organizator\u00f3w ka\u017cdy m\u00f3g\u0142 znale\u017a\u0107 co\u015b dla siebie. Podczas uroczystego otwarcia by\u0142a okazja do podzi\u0119kowania Szefowi Dowodzenia \u0141\u0105czno\u015bci JW. Komandos\u00f3w z Lubli\u0144ca Panu majorowi Adamowi Kopertowskiemu za wieloletni\u0105 wsp\u00f3\u0142prac\u0119 przy organizacji kolejnych spotka\u0144 \u0141O\u015a. By\u0142o nawet przedszkole dla dzieci uczestnik\u00f3w \u0141O\u015a prowadzone przez Marka SP6MN i Jego rodzin\u0119.<br>Oczywi\u015bcie jak zawsze by\u0142a bogata gie\u0142da, na kt\u00f3rej nie zabrak\u0142o nikogo ze sta\u0142ych wystawc\u00f3w. A poza tym mo\u017cna by\u0142o kupi\u0107 i sprzeda\u0107 prawie wszystko, jak zwykle na \u0141O\u015a-iu. Rozmowom i spotkaniom towarzyskim nie by\u0142o ko\u0144ca. Organizatorzy \u0141O\u015a-ia zapewnili przybyszom wszystko co niezb\u0119dne do sp\u0119dzenia czasu w wybranym towarzystwie na \u0142onie przyrody. Jedno co nas nieco zawiod\u0142o to pogoda. W dzie\u0144 temperatura nie przekracza\u0142a 14oC, by pod wiecz\u00f3r spa\u015b\u0107 do 10oC, a nad ranem blisko zera &#8211; hmm &#8211; taki zimny maj. Byli\u015bmy tak\u017ce atakowani przez mniejsze lub wi\u0119ksze ulewy oraz b. silne podmuchy wiatru.<br>Tegorocznego \u0141O\u015a-ia odwiedzi\u0142o ponad 1200 kr\u00f3tkofalowc\u00f3w wraz z osobami towarzysz\u0105cymi. Spotkanie by\u0142o dobrze zorganizowane, a jego organizatorom cz\u0142onkom klub\u00f3w SP9KDA z Olesna i SP7KED z Wielunia z Markiem SP9UO oraz Kazikiem SP7SZN nale\u017c\u0105 si\u0119 wyrazy najwy\u017cszego uznania.<br>Wojska Obrony Terytorialnej reprezentowane by\u0142y przez \u0141\u00f3dzk\u0105 i \u015al\u0105sk\u0105 Brygad\u0119 WOT. Przedstawicielem dow\u00f3dztwa WOT by\u0142 major Kowalczyk, a nad ca\u0142o\u015bci\u0105, w tym nad dostarczeniem nam energii elektrycznej czuwa\u0142 chor\u0105\u017cy Artur Nadka\u0144ski. JW. Komandos\u00f3w z Lubli\u0144ca reprezentowa\u0142 ich szef dowodzenia i \u0142\u0105czno\u015bci mjr Adam Kopertowski.<br>Poni\u017cej linki do informacji o tegorocznej imprezie \u0141O\u015a 2022 przekazanej przez Radio Opole:<br>https:\/\/radio.opole.pl\/130,580432,ogolnopolskie-spotkanie-krotkofalowcow-los<br>https:\/\/radio.opole.pl\/100,582852,po-pandemicznej-przerwie-krotkofalowcy-znow-przy<br>Info. Piotr SP2JMR<\/cite><\/blockquote>\n\n\n\n<figure class=\"wp-block-image size-full\"><img loading=\"lazy\" decoding=\"async\" width=\"927\" height=\"427\" src=\"https:\/\/sp9kjm.pl\/wp-content\/uploads\/2022\/06\/image.png\" alt=\"\" class=\"wp-image-4192\" srcset=\"https:\/\/sp9kjm.com\/wp-content\/uploads\/2022\/06\/image.png 927w, https:\/\/sp9kjm.com\/wp-content\/uploads\/2022\/06\/image-300x138.png 300w, https:\/\/sp9kjm.com\/wp-content\/uploads\/2022\/06\/image-768x354.png 768w, https:\/\/sp9kjm.com\/wp-content\/uploads\/2022\/06\/image-500x230.png 500w\" sizes=\"auto, (max-width: 927px) 100vw, 927px\" \/><figcaption>Bez komentarza<\/figcaption><\/figure>\n\n\n\n<figure class=\"wp-block-image size-large\"><img loading=\"lazy\" decoding=\"async\" width=\"768\" height=\"1024\" src=\"https:\/\/sp9kjm.pl\/wp-content\/uploads\/2022\/06\/image-1-768x1024.png\" alt=\"\" class=\"wp-image-4193\" srcset=\"https:\/\/sp9kjm.com\/wp-content\/uploads\/2022\/06\/image-1-768x1024.png 768w, https:\/\/sp9kjm.com\/wp-content\/uploads\/2022\/06\/image-1-225x300.png 225w, https:\/\/sp9kjm.com\/wp-content\/uploads\/2022\/06\/image-1.png 909w\" sizes=\"auto, (max-width: 768px) 100vw, 768px\" \/><figcaption>Wg oblicze\u0144 na LO\u015a-u by\u0142o ponad 1200 os\u00f3b<\/figcaption><\/figure>\n\n\n\n<figure class=\"wp-block-image size-large\"><img loading=\"lazy\" decoding=\"async\" width=\"1024\" height=\"461\" src=\"https:\/\/sp9kjm.pl\/wp-content\/uploads\/2022\/06\/image-2-1024x461.png\" alt=\"\" class=\"wp-image-4194\" srcset=\"https:\/\/sp9kjm.com\/wp-content\/uploads\/2022\/06\/image-2-1024x461.png 1024w, https:\/\/sp9kjm.com\/wp-content\/uploads\/2022\/06\/image-2-300x135.png 300w, https:\/\/sp9kjm.com\/wp-content\/uploads\/2022\/06\/image-2-768x346.png 768w, https:\/\/sp9kjm.com\/wp-content\/uploads\/2022\/06\/image-2-500x225.png 500w, https:\/\/sp9kjm.com\/wp-content\/uploads\/2022\/06\/image-2.png 1124w\" sizes=\"auto, (max-width: 1024px) 100vw, 1024px\" \/><figcaption>Oficjalnego otwarcia tegorocznego spotkania pod nazw\u0105 \u201e\u0141O\u015a 2022\u201d dokonuje prezes PZK<br>i jednocze\u015bnie prezes klubu SP9KJM Tadeusz SP9HQJ.<\/figcaption><\/figure>\n\n\n\n<figure class=\"wp-block-image size-large\"><img loading=\"lazy\" decoding=\"async\" width=\"1024\" height=\"461\" src=\"https:\/\/sp9kjm.pl\/wp-content\/uploads\/2022\/06\/image-3-1024x461.png\" alt=\"\" class=\"wp-image-4195\" srcset=\"https:\/\/sp9kjm.com\/wp-content\/uploads\/2022\/06\/image-3-1024x461.png 1024w, https:\/\/sp9kjm.com\/wp-content\/uploads\/2022\/06\/image-3-300x135.png 300w, https:\/\/sp9kjm.com\/wp-content\/uploads\/2022\/06\/image-3-768x345.png 768w, https:\/\/sp9kjm.com\/wp-content\/uploads\/2022\/06\/image-3-500x225.png 500w, https:\/\/sp9kjm.com\/wp-content\/uploads\/2022\/06\/image-3.png 1076w\" sizes=\"auto, (max-width: 1024px) 100vw, 1024px\" \/><figcaption>Uczestnicy otwarcia tegorocznego spotkania \u201e\u0141O\u015a 2022\u201d<\/figcaption><\/figure>\n\n\n\n<figure class=\"wp-block-image size-large\"><img loading=\"lazy\" decoding=\"async\" width=\"1024\" height=\"768\" src=\"https:\/\/sp9kjm.pl\/wp-content\/uploads\/2022\/06\/image-4-1024x768.png\" alt=\"\" class=\"wp-image-4196\" srcset=\"https:\/\/sp9kjm.com\/wp-content\/uploads\/2022\/06\/image-4-1024x768.png 1024w, https:\/\/sp9kjm.com\/wp-content\/uploads\/2022\/06\/image-4-300x225.png 300w, https:\/\/sp9kjm.com\/wp-content\/uploads\/2022\/06\/image-4-768x576.png 768w, https:\/\/sp9kjm.com\/wp-content\/uploads\/2022\/06\/image-4-400x300.png 400w, https:\/\/sp9kjm.com\/wp-content\/uploads\/2022\/06\/image-4.png 1037w\" sizes=\"auto, (max-width: 1024px) 100vw, 1024px\" \/><figcaption>Stanowisko klubu SP9KJM<\/figcaption><\/figure>\n\n\n\n<figure class=\"wp-block-image size-large\"><img loading=\"lazy\" decoding=\"async\" width=\"1024\" height=\"768\" src=\"https:\/\/sp9kjm.pl\/wp-content\/uploads\/2022\/06\/image-5-1024x768.png\" alt=\"\" class=\"wp-image-4197\" srcset=\"https:\/\/sp9kjm.com\/wp-content\/uploads\/2022\/06\/image-5-1024x768.png 1024w, https:\/\/sp9kjm.com\/wp-content\/uploads\/2022\/06\/image-5-300x225.png 300w, https:\/\/sp9kjm.com\/wp-content\/uploads\/2022\/06\/image-5-768x576.png 768w, https:\/\/sp9kjm.com\/wp-content\/uploads\/2022\/06\/image-5-400x300.png 400w, https:\/\/sp9kjm.com\/wp-content\/uploads\/2022\/06\/image-5.png 1159w\" sizes=\"auto, (max-width: 1024px) 100vw, 1024px\" \/><figcaption>Spotkanie na \u201e\u0141O\u015a-u\u201d to dobra okazja do integracji klubowej, wymiany do\u015bwiadcze\u0144 i propozycji klubowych. Od lewej: Mariusz SP9JFH, Dawid SP9NKL, Rafa\u0142 SQ9RZ, Grzegorz SO9AHM i Mateusz SQ9MLZ.<\/figcaption><\/figure>\n\n\n\n<figure class=\"wp-block-image size-large\"><img loading=\"lazy\" decoding=\"async\" width=\"1024\" height=\"768\" src=\"https:\/\/sp9kjm.pl\/wp-content\/uploads\/2022\/06\/image-6-1024x768.png\" alt=\"\" class=\"wp-image-4198\" srcset=\"https:\/\/sp9kjm.com\/wp-content\/uploads\/2022\/06\/image-6-1024x768.png 1024w, https:\/\/sp9kjm.com\/wp-content\/uploads\/2022\/06\/image-6-300x225.png 300w, https:\/\/sp9kjm.com\/wp-content\/uploads\/2022\/06\/image-6-768x576.png 768w, https:\/\/sp9kjm.com\/wp-content\/uploads\/2022\/06\/image-6-400x300.png 400w, https:\/\/sp9kjm.com\/wp-content\/uploads\/2022\/06\/image-6.png 1163w\" sizes=\"auto, (max-width: 1024px) 100vw, 1024px\" \/><figcaption>Od lewej: Rafa\u0142 SQ9RZ, Mariusz SP9EDY i Grzegorz SO9AHM<\/figcaption><\/figure>\n\n\n\n<figure class=\"wp-block-image size-large\"><img decoding=\"async\" src=\"https:\/\/sp9kjm.pl\/wp-content\/uploads\/2022\/06\/image-7-1024x577.png\" alt=\"\" class=\"wp-image-4199\"\/><figcaption>Po wyje\u017adzie z \u201e\u0141O\u015a-a\u201d Mateusz SQ0MLZ wraz z Rafa\u0142em w ramach relaksu<br>skorzysta\u0142 ze sp\u0142ywu kajakowego.<\/figcaption><\/figure>\n\n\n\n<p>Cieszy nas fakt, \u017ce nasz\u0105 stron\u0119 klubow\u0105 odwiedza bardzo wiele os\u00f3b, co przek\u0142ada si\u0119 na zwi\u0119kszenie stanu cz\u0142onkowskiego klubu. Poni\u017cej licznik odwiedzin naszego klubu wg stanu na dzie\u0144 2 czerwca br. Zapraszamy wi\u0119c do przegl\u0105dania naszej strony klubowej i odwiedzania nas.<\/p>\n\n\n\n<figure class=\"wp-block-table\"><table><tbody><tr><td><br><\/td><td>Odwiedzaj\u0105cy<\/td><td>Odwiedziny<\/td><\/tr><tr><td>Dzisiaj: (02.06.2022)<\/td><td><a href=\"https:\/\/sp9kjm.pl\/wp-admin\/admin.php?page=wps_visitors_page&amp;from=2022-06-02&amp;to=2022-06-02\">18<\/a><\/td><td><a href=\"https:\/\/sp9kjm.pl\/wp-admin\/admin.php?page=wps_hits_page&amp;from=2022-06-02&amp;to=2022-06-02\">31<\/a><\/td><\/tr><tr><td>Wczoraj: (01.06.2022)<\/td><td><a href=\"https:\/\/sp9kjm.pl\/wp-admin\/admin.php?page=wps_visitors_page&amp;from=2022-06-01&amp;to=2022-06-02\">549<\/a><\/td><td><a href=\"https:\/\/sp9kjm.pl\/wp-admin\/admin.php?page=wps_hits_page&amp;from=2022-06-01&amp;to=2022-06-02\">2&nbsp;316<\/a><\/td><\/tr><tr><td>Ostatnie 7 dni (Tydzie\u0144):<\/td><td><a href=\"https:\/\/sp9kjm.pl\/wp-admin\/admin.php?page=wps_visitors_page&amp;from=2022-05-26&amp;to=2022-06-02\">2&nbsp;517<\/a><\/td><td><a href=\"https:\/\/sp9kjm.pl\/wp-admin\/admin.php?page=wps_hits_page&amp;from=2022-05-26&amp;to=2022-06-02\">9&nbsp;175<\/a><\/td><\/tr><tr><td>Ostatnie 30 dni (Miesi\u0105c):<\/td><td><a href=\"https:\/\/sp9kjm.pl\/wp-admin\/admin.php?page=wps_visitors_page&amp;from=2022-05-03&amp;to=2022-06-02\">8&nbsp;690<\/a><\/td><td><a href=\"https:\/\/sp9kjm.pl\/wp-admin\/admin.php?page=wps_hits_page&amp;from=2022-05-03&amp;to=2022-06-02\">28&nbsp;823<\/a><\/td><\/tr><tr><td>Ostatnie 365 dni (Rok):<\/td><td><a href=\"https:\/\/sp9kjm.pl\/wp-admin\/admin.php?page=wps_visitors_page&amp;from=2021-06-02&amp;to=2022-06-02\">63&nbsp;787<\/a><\/td><td><a href=\"https:\/\/sp9kjm.pl\/wp-admin\/admin.php?page=wps_hits_page&amp;from=2021-06-02&amp;to=2022-06-02\">202&nbsp;488<\/a><\/td><\/tr><tr><td>\u0141\u0105cznie:<\/td><td><a href=\"https:\/\/sp9kjm.pl\/wp-admin\/admin.php?page=wps_visitors_page&amp;from=2019-03-27&amp;to=2022-06-02\">105&nbsp;421<\/a><\/td><td><a href=\"https:\/\/sp9kjm.pl\/wp-admin\/admin.php?page=wps_hits_page&amp;from=2019-03-27&amp;to=2022-06-02\">366&nbsp;000<\/a><\/td><\/tr><\/tbody><\/table><\/figure>\n\n\n\n<figure class=\"wp-block-image size-full\"><img loading=\"lazy\" decoding=\"async\" width=\"941\" height=\"532\" src=\"https:\/\/sp9kjm.pl\/wp-content\/uploads\/2022\/06\/image-8.png\" alt=\"\" class=\"wp-image-4200\" srcset=\"https:\/\/sp9kjm.com\/wp-content\/uploads\/2022\/06\/image-8.png 941w, https:\/\/sp9kjm.com\/wp-content\/uploads\/2022\/06\/image-8-300x170.png 300w, https:\/\/sp9kjm.com\/wp-content\/uploads\/2022\/06\/image-8-768x434.png 768w, https:\/\/sp9kjm.com\/wp-content\/uploads\/2022\/06\/image-8-500x283.png 500w\" sizes=\"auto, (max-width: 941px) 100vw, 941px\" \/><\/figure>\n\n\n\n<p><strong>Kolejna informacja: <\/strong><br>z UKE otrzymali\u015bmy prezentowane poni\u017cej Pozwolenie Radiowe na znak okoliczno\u015bciowy <strong>SN100TG. <\/strong>Pod tym znakiem pracowa\u0107 b\u0119dziemy w dniach 25-26 czerwca br. w zwi\u0105zku z 100. Rocznic\u0105 przy\u0142\u0105czenia \u015al\u0105ska do Macierzy. Centralne uroczysto\u015bci zwi\u0105zane z t\u0105 Rocznic\u0105 odb\u0119d\u0105 si\u0119 w niedziele tj. 26 czerwca br. na Rynku w Tarnowskich G\u00f3rach. Pod tym znakiem pracowa\u0107 b\u0119dziemy z Tereniu Wie\u017cy Widokowej w G\u00f3rze Siewierskiej.<\/p>\n\n\n\n<figure class=\"wp-block-image size-full\"><img loading=\"lazy\" decoding=\"async\" width=\"595\" height=\"840\" src=\"https:\/\/sp9kjm.pl\/wp-content\/uploads\/2022\/06\/image-9.png\" alt=\"\" class=\"wp-image-4201\" srcset=\"https:\/\/sp9kjm.com\/wp-content\/uploads\/2022\/06\/image-9.png 595w, https:\/\/sp9kjm.com\/wp-content\/uploads\/2022\/06\/image-9-213x300.png 213w\" sizes=\"auto, (max-width: 595px) 100vw, 595px\" \/><\/figure>\n\n\n\n<figure class=\"wp-block-image size-full\"><img loading=\"lazy\" decoding=\"async\" width=\"595\" height=\"840\" src=\"https:\/\/sp9kjm.pl\/wp-content\/uploads\/2022\/06\/image-10.png\" alt=\"\" class=\"wp-image-4202\" srcset=\"https:\/\/sp9kjm.com\/wp-content\/uploads\/2022\/06\/image-10.png 595w, https:\/\/sp9kjm.com\/wp-content\/uploads\/2022\/06\/image-10-213x300.png 213w\" sizes=\"auto, (max-width: 595px) 100vw, 595px\" \/><\/figure>\n\n\n\n<p>Zapraszam te\u017c do wys\u0142uchania ciekawej audycji radiowej zamieszczonej na stronie <a href=\"https:\/\/radio.opole.pl\/123,806,titita-we-wtorek-premiera-reportazu-mariana-stas\">https:\/\/radio.opole.pl\/123,806,titita-we-wtorek-premiera-reportazu-mariana-stas<\/a> Audycja ta po\u015bwi\u0119cona jest opolskiemu klubowi SP6PAZ, ale jest tam wiele ciekawych informacji, kt\u00f3re zainteresowa\u0107 mog\u0105 ka\u017cdego z nas.<\/p>\n\n\n\n<p>Info: Tadusz SP9HQJ<br>Zdj\u0119cia: SP9HQJ, SQ9MLZ.<\/p>\n","protected":false},"excerpt":{"rendered":"<p>W ci\u0105gu ostatnich dw\u00f3ch tygodni wiele dobrego dzia\u0142o si\u0119 w naszym klubie. Miko\u0142aj SQ9PCO jak zwykle zdobywa kolejne dyplomy dla naszego klubu. Dzi\u0119kujemy za ostatnio zdobyty prezentowany poni\u017cej.<\/p>\n","protected":false},"author":5,"featured_media":0,"comment_status":"closed","ping_status":"closed","sticky":false,"template":"","format":"standard","meta":{"c2c-post-author-ip":"","footnotes":""},"categories":[1],"tags":[],"class_list":["post-4179","post","type-post","status-publish","format-standard","hentry","category-bez-kategorii"],"_links":{"self":[{"href":"https:\/\/sp9kjm.com\/index.php\/wp-json\/wp\/v2\/posts\/4179","targetHints":{"allow":["GET"]}}],"collection":[{"href":"https:\/\/sp9kjm.com\/index.php\/wp-json\/wp\/v2\/posts"}],"about":[{"href":"https:\/\/sp9kjm.com\/index.php\/wp-json\/wp\/v2\/types\/post"}],"author":[{"embeddable":true,"href":"https:\/\/sp9kjm.com\/index.php\/wp-json\/wp\/v2\/users\/5"}],"replies":[{"embeddable":true,"href":"https:\/\/sp9kjm.com\/index.php\/wp-json\/wp\/v2\/comments?post=4179"}],"version-history":[{"count":1,"href":"https:\/\/sp9kjm.com\/index.php\/wp-json\/wp\/v2\/posts\/4179\/revisions"}],"predecessor-version":[{"id":4203,"href":"https:\/\/sp9kjm.com\/index.php\/wp-json\/wp\/v2\/posts\/4179\/revisions\/4203"}],"wp:attachment":[{"href":"https:\/\/sp9kjm.com\/index.php\/wp-json\/wp\/v2\/media?parent=4179"}],"wp:term":[{"taxonomy":"category","embeddable":true,"href":"https:\/\/sp9kjm.com\/index.php\/wp-json\/wp\/v2\/categories?post=4179"},{"taxonomy":"post_tag","embeddable":true,"href":"https:\/\/sp9kjm.com\/index.php\/wp-json\/wp\/v2\/tags?post=4179"}],"curies":[{"name":"wp","href":"https:\/\/api.w.org\/{rel}","templated":true}]}}