{"id":3863,"date":"2021-12-07T21:29:46","date_gmt":"2021-12-07T20:29:46","guid":{"rendered":"https:\/\/sp9kjm.pl\/?p=3863"},"modified":"2021-12-12T11:03:56","modified_gmt":"2021-12-12T10:03:56","slug":"relacja-z-zawodow-barborka-2021-ukf-i-nie-tylko","status":"publish","type":"post","link":"https:\/\/sp9kjm.com\/index.php\/2021\/12\/07\/relacja-z-zawodow-barborka-2021-ukf-i-nie-tylko\/","title":{"rendered":"Relacja z zawod\u00f3w \u201eBarb\u00f3rka 2021 UKF\u201d i nie tylko"},"content":{"rendered":"\n<p>&nbsp;&nbsp;&nbsp;&nbsp; W ostatni\u0105 sobot\u0119 tj. 4 grudnia br. dwaj nasi klubowicze:<strong> Artur SP9AG<\/strong> i <strong>Tadeusz SP9HQJ<\/strong> wzi\u0119li udzia\u0142 w zawodach pod nazw\u0105 \u201eBarb\u00f3rka 2021 UKF\u201d. W tym celu samochodem <strong>Tadeusza SP9HQJ<\/strong> udali si\u0119 do miejscowo\u015bci Kozy ko\u0142o Bielska-Bia\u0142ej (JN99NT), aby z pobliskiej g\u00f3ry \u2013 wzniesienia po by\u0142ym kamienio\u0142omie popracowa\u0107 w zawodach. Pocz\u0105tkowo zadanie to wydawa\u0142o si\u0119&nbsp;mo\u017cliwe do zrealizowania, poniewa\u017c miejsce to jest do\u015b\u0107 wysoko usytuowane i by\u0142a du\u017ca szansa na zrobienie w zawodach wielu ciekawych \u0142\u0105czno\u015bci i mo\u017ce zdobycia czo\u0142owego miejsca w kraju. Liczyli\u015bmy, \u017ce uda si\u0119 nam przeprowadzi\u0107 \u0142\u0105czno\u015bci z korespondentami z SP6 i mo\u017ce z SP7. Nie przewidzieli\u015bmy jednak warunk\u00f3w obiektywnych, pogodowych &#8211; niezale\u017cnych od nas. W tym dniu bowiem w rejonie Bielska-Bia\u0142ej i najbli\u017cszej okolicy spad\u0142 \u015bnieg, a temperatura otoczenia w godzinach wieczornych spad\u0142a niemal do zera, co nas zaskoczy\u0142o \u2013 na G\u00f3rnym \u015al\u0105sku w tym czasie&nbsp; panowa\u0142a lepsza aura. Na miejscu tj. na podje\u017adzie na g\u00f3r\u0119 byli\u015bmy oko\u0142o godziny 19.00.<\/p>\n\n\n\n<!--more-->\n\n\n\n<p>&nbsp;&nbsp;&nbsp;&nbsp;&nbsp; Przed wjazdem na g\u00f3r\u0119 powita\u0142 nas <strong>Marek SP9JKB<\/strong> otwieraj\u0105c nam wjazd na g\u00f3r\u0119. Pocz\u0105tkowo wszystko przebiega\u0142o bez przeszk\u00f3d i uda\u0142o si\u0119 nam bez przeszk\u00f3d dotrze\u0107 mniej wi\u0119cej do po\u0142owy wzniesienia, a potem zacz\u0119\u0142y si\u0119 przys\u0142owiowe schody. Nie uda\u0142o si\u0119 nam pokona\u0107 dalszej wysoko\u015bci z uwagi na \u015bnieg i stromy podjazd. Na przysz\u0142o\u015b\u0107 trzeba b\u0119dzie pomy\u015ble\u0107 o \u0142a\u0144cuchach na ko\u0142a, a najlepiej o poje\u017adzie nap\u0119dzanym na 4 ko\u0142a. W zaistnia\u0142ej sytuacji wybrali\u015bmy wariant alternatywny: zachowuj\u0105c \u015brodki ostro\u017cno\u015bci na biegu wstecznym cofn\u0119li\u015bmy si\u0119 ponad 100 metr\u00f3w w d\u00f3\u0142 i uda\u0142o si\u0119 nam zainstalowa\u0107 na bocznej polanie, na kt\u00f3rej przyst\u0105pili\u015bmy do monta\u017cu anteny i sprz\u0119tu. Byli\u015bmy solidnie przygotowani do wykonania zadania: poza 2 antenami (skorzystali\u015bmy z jednej) mieli\u015bmy w\u0142asne zasilanie akumulatorowe: 2 solidne akumulatorowe lampy o\u015bwietleniowe, nag\u0142owne latarki podr\u0119czne oraz komplet narz\u0119dzi. Na przygotowanie si\u0119 do zawod\u00f3w mieli\u015bmy nieca\u0142e p\u00f3\u0142 godziny, poniewa\u017c przy manewrowaniu na podjazd na g\u00f3r\u0119 i zje\u017adzie na d\u00f3\u0142 stracili\u015bmy oko\u0142o p\u00f3\u0142 godziny. Ale uda\u0142o si\u0119 pokona\u0107 wszelkie trudno\u015bci i kr\u00f3tko po godzinie 20.00 czasu lokalnego przyst\u0105pili\u015bmy do pracy.<\/p>\n\n\n\n<p>&nbsp;&nbsp;&nbsp;&nbsp; Na pocz\u0105tku prac\u0119 w zawodach zacz\u0105\u0142 <strong>Artur SP9AG<\/strong> rejestruj\u0105c jednocze\u015bnie nawi\u0105zane \u0142\u0105czno\u015bci na laptopie, a po chwili podzielili\u015bmy si\u0119 rolami. Tym razem <strong>Tadeusz SP9HQJ<\/strong> prowadzi\u0142 \u0142\u0105czno\u015bci, natomiast Artur rejestrowa\u0142 je. Uda\u0142o si\u0119 nam przeprowadzi\u0107 \u0142\u0105cznie 25 QSOs, w tym 21 na FM i 4 na SSB. Aktywno\u015b\u0107 stacji bior\u0105cych udzia\u0142 w zawodach nie by\u0142a imponuj\u0105ca i jak mi dzi\u015b o\u015bwiadczy\u0142 organizator zawod\u00f3w Marek SP9HTY by\u0142o oko\u0142o 40 korespondent\u00f3w. Gdyby\u015bmy byli nieco wy\u017cej to pewnie uda\u0142oby si\u0119 nam uzyska\u0107 wi\u0119cej \u0142\u0105czno\u015bci. Ale by\u0142o to dla naszego zespo\u0142u klubowego kolejne do\u015bwiadczenie i ju\u017c teraz wyci\u0105gn\u0119li\u015bmy z tego wnioski.&nbsp;<\/p>\n\n\n\n<p>&nbsp;&nbsp;&nbsp;&nbsp; Poni\u017cej zdj\u0119cia wykonane z naszej klubowej aktywno\u015bci przez naszego Koleg\u0119 <strong>Marka SP9JKB<\/strong>: <\/p>\n\n\n\n<div class=\"wp-block-image\"><figure class=\"aligncenter size-full\"><img loading=\"lazy\" decoding=\"async\" width=\"516\" height=\"344\" src=\"https:\/\/sp9kjm.pl\/wp-content\/uploads\/2021\/12\/obraz_2021-12-07_211833.png\" alt=\"\" class=\"wp-image-3864\" srcset=\"https:\/\/sp9kjm.com\/wp-content\/uploads\/2021\/12\/obraz_2021-12-07_211833.png 516w, https:\/\/sp9kjm.com\/wp-content\/uploads\/2021\/12\/obraz_2021-12-07_211833-300x200.png 300w, https:\/\/sp9kjm.com\/wp-content\/uploads\/2021\/12\/obraz_2021-12-07_211833-450x300.png 450w\" sizes=\"auto, (max-width: 516px) 100vw, 516px\" \/><figcaption>Do rozpocz\u0119cia zawod\u00f3w zosta\u0142o nieca\u0142e p\u00f3\u0142 godziny i nale\u017ca\u0142o si\u0119 spieszy\u0107 z rozwini\u0119ciem sprz\u0119tu. Od lewej: Artur SP9AG i Tadeusz uwijaj\u0105 si\u0119 z monta\u017cem anteny, aby zd\u0105\u017cy\u0107 na czas.<\/figcaption><\/figure><\/div>\n\n\n\n<div class=\"wp-block-image\"><figure class=\"aligncenter size-full\"><img loading=\"lazy\" decoding=\"async\" width=\"542\" height=\"362\" src=\"https:\/\/sp9kjm.pl\/wp-content\/uploads\/2021\/12\/obraz_2021-12-07_211852.png\" alt=\"\" class=\"wp-image-3865\" srcset=\"https:\/\/sp9kjm.com\/wp-content\/uploads\/2021\/12\/obraz_2021-12-07_211852.png 542w, https:\/\/sp9kjm.com\/wp-content\/uploads\/2021\/12\/obraz_2021-12-07_211852-300x200.png 300w, https:\/\/sp9kjm.com\/wp-content\/uploads\/2021\/12\/obraz_2021-12-07_211852-449x300.png 449w\" sizes=\"auto, (max-width: 542px) 100vw, 542px\" \/><figcaption>W sparta\u0144skich warunkach (niska temperatura i nienajlepsze o\u015bwietlenie) montujemy anten\u0119 kierunkow\u0105.<\/figcaption><\/figure><\/div>\n\n\n\n<div class=\"wp-block-image\"><figure class=\"aligncenter size-full\"><img loading=\"lazy\" decoding=\"async\" width=\"316\" height=\"473\" src=\"https:\/\/sp9kjm.pl\/wp-content\/uploads\/2021\/12\/obraz_2021-12-07_211907.png\" alt=\"\" class=\"wp-image-3866\" srcset=\"https:\/\/sp9kjm.com\/wp-content\/uploads\/2021\/12\/obraz_2021-12-07_211907.png 316w, https:\/\/sp9kjm.com\/wp-content\/uploads\/2021\/12\/obraz_2021-12-07_211907-200x300.png 200w\" sizes=\"auto, (max-width: 316px) 100vw, 316px\" \/><figcaption>Jeszcze tylko nale\u017cy pod\u0142\u0105czy\u0107 odci\u0105gi, podnie\u015b\u0107 wy\u017cej anten\u0119 i mo\u017cna przyst\u0105pi\u0107 do pracy.<br>Tadeusz SP9HQJ&nbsp; w towarzystwie&nbsp; Artura SP9AG \u015bpieszy si\u0119 z monta\u017cem anteny.<\/figcaption><\/figure><\/div>\n\n\n\n<div class=\"wp-block-image\"><figure class=\"aligncenter size-full\"><img loading=\"lazy\" decoding=\"async\" width=\"492\" height=\"328\" src=\"https:\/\/sp9kjm.pl\/wp-content\/uploads\/2021\/12\/obraz_2021-12-07_211919.png\" alt=\"\" class=\"wp-image-3867\" srcset=\"https:\/\/sp9kjm.com\/wp-content\/uploads\/2021\/12\/obraz_2021-12-07_211919.png 492w, https:\/\/sp9kjm.com\/wp-content\/uploads\/2021\/12\/obraz_2021-12-07_211919-300x200.png 300w, https:\/\/sp9kjm.com\/wp-content\/uploads\/2021\/12\/obraz_2021-12-07_211919-450x300.png 450w\" sizes=\"auto, (max-width: 492px) 100vw, 492px\" \/><figcaption>Pozostaje jeszcze pod\u0142\u0105czenie do nadajnika akumulatora samochodowego i mo\u017ce zawody si\u0119 udadz\u0105.<\/figcaption><\/figure><\/div>\n\n\n\n<div class=\"wp-block-image\"><figure class=\"aligncenter size-full\"><img loading=\"lazy\" decoding=\"async\" width=\"554\" height=\"369\" src=\"https:\/\/sp9kjm.pl\/wp-content\/uploads\/2021\/12\/obraz_2021-12-07_211932.png\" alt=\"\" class=\"wp-image-3868\" srcset=\"https:\/\/sp9kjm.com\/wp-content\/uploads\/2021\/12\/obraz_2021-12-07_211932.png 554w, https:\/\/sp9kjm.com\/wp-content\/uploads\/2021\/12\/obraz_2021-12-07_211932-300x200.png 300w, https:\/\/sp9kjm.com\/wp-content\/uploads\/2021\/12\/obraz_2021-12-07_211932-450x300.png 450w\" sizes=\"auto, (max-width: 554px) 100vw, 554px\" \/><figcaption>Ostatnie zerkni\u0119cie na regulamin zawod\u00f3w i mo\u017cna przyst\u0105pi\u0107 do pracy.<\/figcaption><\/figure><\/div>\n\n\n\n<div class=\"wp-block-image\"><figure class=\"aligncenter size-full\"><img loading=\"lazy\" decoding=\"async\" width=\"556\" height=\"371\" src=\"https:\/\/sp9kjm.pl\/wp-content\/uploads\/2021\/12\/obraz_2021-12-07_211947.png\" alt=\"\" class=\"wp-image-3869\" srcset=\"https:\/\/sp9kjm.com\/wp-content\/uploads\/2021\/12\/obraz_2021-12-07_211947.png 556w, https:\/\/sp9kjm.com\/wp-content\/uploads\/2021\/12\/obraz_2021-12-07_211947-300x200.png 300w, https:\/\/sp9kjm.com\/wp-content\/uploads\/2021\/12\/obraz_2021-12-07_211947-450x300.png 450w\" sizes=\"auto, (max-width: 556px) 100vw, 556px\" \/><figcaption>Ostatnie przygotowanie: nastawienie w\u0142a\u015bciwego pasma i rodzaju pracy.<\/figcaption><\/figure><\/div>\n\n\n\n<div class=\"wp-block-image\"><figure class=\"aligncenter size-full\"><img loading=\"lazy\" decoding=\"async\" width=\"545\" height=\"364\" src=\"https:\/\/sp9kjm.pl\/wp-content\/uploads\/2021\/12\/obraz_2021-12-07_211959.png\" alt=\"\" class=\"wp-image-3870\" srcset=\"https:\/\/sp9kjm.com\/wp-content\/uploads\/2021\/12\/obraz_2021-12-07_211959.png 545w, https:\/\/sp9kjm.com\/wp-content\/uploads\/2021\/12\/obraz_2021-12-07_211959-300x200.png 300w, https:\/\/sp9kjm.com\/wp-content\/uploads\/2021\/12\/obraz_2021-12-07_211959-449x300.png 449w\" sizes=\"auto, (max-width: 545px) 100vw, 545px\" \/><figcaption>Artur SP9AG jako pierwszy przyst\u0119puje do pracy.<\/figcaption><\/figure><\/div>\n\n\n\n<div class=\"wp-block-image\"><figure class=\"aligncenter size-full\"><img loading=\"lazy\" decoding=\"async\" width=\"553\" height=\"369\" src=\"https:\/\/sp9kjm.pl\/wp-content\/uploads\/2021\/12\/obraz_2021-12-07_212010.png\" alt=\"\" class=\"wp-image-3871\" srcset=\"https:\/\/sp9kjm.com\/wp-content\/uploads\/2021\/12\/obraz_2021-12-07_212010.png 553w, https:\/\/sp9kjm.com\/wp-content\/uploads\/2021\/12\/obraz_2021-12-07_212010-300x200.png 300w, https:\/\/sp9kjm.com\/wp-content\/uploads\/2021\/12\/obraz_2021-12-07_212010-450x300.png 450w\" sizes=\"auto, (max-width: 553px) 100vw, 553px\" \/><figcaption>Po zrobieniu kilku \u0142\u0105czno\u015bci nast\u0119puje zmiana operatora. Tym razem przy mikrofonie jest Tadeusz SP9HQJ robi\u0105cy \u0142\u0105czno\u015bci, natomiast Artur SP9AG zaj\u0105\u0142 si\u0119 rejestrowaniem na laptopie prowadzonych \u0142\u0105czno\u015bci.<\/figcaption><\/figure><\/div>\n\n\n\n<div class=\"wp-block-image\"><figure class=\"aligncenter size-full\"><img loading=\"lazy\" decoding=\"async\" width=\"471\" height=\"315\" src=\"https:\/\/sp9kjm.pl\/wp-content\/uploads\/2021\/12\/obraz_2021-12-07_212023.png\" alt=\"\" class=\"wp-image-3872\" srcset=\"https:\/\/sp9kjm.com\/wp-content\/uploads\/2021\/12\/obraz_2021-12-07_212023.png 471w, https:\/\/sp9kjm.com\/wp-content\/uploads\/2021\/12\/obraz_2021-12-07_212023-300x201.png 300w, https:\/\/sp9kjm.com\/wp-content\/uploads\/2021\/12\/obraz_2021-12-07_212023-449x300.png 449w\" sizes=\"auto, (max-width: 471px) 100vw, 471px\" \/><figcaption>Zawody zako\u0144czy\u0142y si\u0119. Teraz czas na refleksje i podsumowanie wyprawy. Od lewej: Tadeusz SP9HQJ i Artur SP9AG.<\/figcaption><\/figure><\/div>\n\n\n\n<p>Film z tej terenowej aktywno\u015bci klubowej, autorstwa Marka SP9JKB:<\/p>\n\n\n\n<figure class=\"wp-block-embed aligncenter is-type-video is-provider-youtube wp-block-embed-youtube wp-embed-aspect-16-9 wp-has-aspect-ratio\"><div class=\"wp-block-embed__wrapper\">\n<iframe loading=\"lazy\" title=\"Zawody barb\u00f3rkowe 2021\" width=\"584\" height=\"329\" src=\"https:\/\/www.youtube.com\/embed\/WP5c7BqLJZA?feature=oembed\" frameborder=\"0\" allow=\"accelerometer; autoplay; clipboard-write; encrypted-media; gyroscope; picture-in-picture; web-share\" referrerpolicy=\"strict-origin-when-cross-origin\" allowfullscreen><\/iframe>\n<\/div><\/figure>\n\n\n\n<p>&nbsp;&nbsp;&nbsp;&nbsp; Na temat naszej wyprawy dyrektor Domu Kultury w Kozach i jednocze\u015bnie miejscowy kr\u00f3tkofalowiec Marek Ma\u0142ecki SP9JKB pisze na stronie: <a href=\"https:\/\/www.facebook.com\/kamieniolomwkozach\/\" target=\"_blank\" rel=\"noreferrer noopener\">https:\/\/www.facebook.com\/kamieniolomwkozach\/<\/a> :<\/p>\n\n\n\n<p><strong><em>Kamienio\u0142om w Kozach<\/em><\/strong><\/p>\n\n\n\n<p><em>Kr\u00f3tkofalarstwo to pasja, kt\u00f3ra sw\u00f3j potencja\u0142 wykorzystuje do zabawy, nauki, rozwoju techniki, bezpiecze\u0144stwa oraz do tak niecodziennych sytuacji jak ta: Kamienio\u0142om w Kozach zosta\u0142 wybrany przez \u015bl\u0105skich kr\u00f3tkofalowc\u00f3w z siemianowickiego klubu SP9KJM na miejsce pracy nadawczej w trakcie tegorocznych zawod\u00f3w radiowych \u201eBarb\u00f3rka 2021\u201d.<\/em><\/p>\n\n\n\n<p><em>\u015aw. Barbara \u2013 patronka braci g\u00f3rniczej jest te\u017c bliska \u015bl\u0105skim pasjonatom radia, kt\u00f3rzy wywodz\u0105 si\u0119 ze \u015brodowiska g\u00f3rniczego. Nieczynny dzi\u015b kamienio\u0142om w Kozach to te\u017c dawna kopalnia (kopalnia kamienia).<\/em><\/p>\n\n\n\n<p><em>Zestawienie tych element\u00f3w poza aspektem, \u017ce to doskona\u0142e miejsce do pracy kr\u00f3tkofalarskiej jest przypomnieniem, \u017ce w Kozach istniej\u0105 miejsca, w kt\u00f3rych pracowali g\u00f3rnicy, a 4 grudnia to ich \u015bwi\u0119to. Z okazji Barb\u00f3rki wszystkim braciom G\u00f3rnikom sk\u0142adamy serdeczne \u017cyczenia. Szcz\u0119\u015b\u0107 Bo\u017ce!<\/em><\/p>\n\n\n\n<p><em>4 grudnia 2021 r. na terenie kamienio\u0142omu w Kozach pracowa\u0142a stacja radiowa klubu SP9KJM.<\/em><\/p>\n\n\n\n<p><em>Operatorzy: Artur SP9AG i Tadeusz SP9HQJ<\/em><\/p>\n\n\n\n<div class=\"wp-block-image\"><figure class=\"aligncenter size-full\"><img loading=\"lazy\" decoding=\"async\" width=\"425\" height=\"283\" src=\"https:\/\/sp9kjm.pl\/wp-content\/uploads\/2021\/12\/obraz_2021-12-07_212149.png\" alt=\"\" class=\"wp-image-3873\" srcset=\"https:\/\/sp9kjm.com\/wp-content\/uploads\/2021\/12\/obraz_2021-12-07_212149.png 425w, https:\/\/sp9kjm.com\/wp-content\/uploads\/2021\/12\/obraz_2021-12-07_212149-300x200.png 300w\" sizes=\"auto, (max-width: 425px) 100vw, 425px\" \/><figcaption><em>Na zdj\u0119ciu: Tadeusz SP9HQJ pracuj\u0105cy z zawodach pod nazw\u0105 \u201eBarb\u00f3rka 2021 UKF\u201d, a wewn\u0105trz samochodu Artur SP9AG rejestruj\u0105cy na laptopie prowadzone \u0142\u0105czno\u015bci.<\/em><\/figcaption><\/figure><\/div>\n\n\n\n<p>&nbsp;&nbsp;&nbsp;&nbsp; Ponadto na temat naszej aktywno\u015bci klubowej w ramach zawod\u00f3w jest informacja na stronie<a rel=\"noreferrer noopener\" href=\"https:\/\/www.facebook.com\/permalink.php?story_fbid=689356245378600&amp;id=100029126925740&amp;comment_id=691034538544104&amp;notif_id=1638872211785688&amp;notif_t=feed_comment_reply&amp;ref=notif\" target=\"_blank\">: facebook.<\/a><\/p>\n\n\n\n<p>&nbsp;&nbsp;&nbsp;&nbsp; Kiedy ust\u0105pi\u0142y emocje zwi\u0105zane z eskapad\u0105 i trudno\u015bciami z tym zwi\u0105zanymi przyszed\u0142 czas na refleksj\u0119: uda\u0142o si\u0119 nam to przedsi\u0119wzi\u0119cie dzi\u0119ki du\u017cej pomocy <strong>Marka SP9JKB<\/strong> \u2013 cz\u0142owieka bardzo skromnego, ale wielce zas\u0142u\u017conego nie tylko dla kultury lokalnego \u015brodowiska. By\u0107 mo\u017ce nie wszyscy wiedz\u0105, \u017ce <strong>Marek S9JKB<\/strong> to re\u017cyser filmowy posiadaj\u0105cy wiele osi\u0105gni\u0119\u0107 na polu kultury. Marek obecnie pe\u0142ni funkcj\u0119 dyrektora Domu Kultury w Kozach i przejawia wiele inicjatyw w zakresie kultury. Na temat Marka mo\u017cna poczyta\u0107 na wielu stronach internetowych.<\/p>\n\n\n\n<div class=\"wp-block-image\"><figure class=\"aligncenter size-full\"><img loading=\"lazy\" decoding=\"async\" width=\"404\" height=\"303\" src=\"https:\/\/sp9kjm.pl\/wp-content\/uploads\/2021\/12\/obraz_2021-12-07_212209.png\" alt=\"\" class=\"wp-image-3874\" srcset=\"https:\/\/sp9kjm.com\/wp-content\/uploads\/2021\/12\/obraz_2021-12-07_212209.png 404w, https:\/\/sp9kjm.com\/wp-content\/uploads\/2021\/12\/obraz_2021-12-07_212209-300x225.png 300w, https:\/\/sp9kjm.com\/wp-content\/uploads\/2021\/12\/obraz_2021-12-07_212209-400x300.png 400w\" sizes=\"auto, (max-width: 404px) 100vw, 404px\" \/><figcaption>Marek SP9JKB przy swoim stanowisku operatorskim wraz z wiernym nas\u0142uchowcem \u2013 \u0142adnym psiakiem<\/figcaption><\/figure><\/div>\n\n\n\n<div class=\"wp-block-image\"><figure class=\"aligncenter size-full\"><img loading=\"lazy\" decoding=\"async\" width=\"634\" height=\"143\" src=\"https:\/\/sp9kjm.pl\/wp-content\/uploads\/2021\/12\/obraz_2021-12-07_212217.png\" alt=\"\" class=\"wp-image-3875\" srcset=\"https:\/\/sp9kjm.com\/wp-content\/uploads\/2021\/12\/obraz_2021-12-07_212217.png 634w, https:\/\/sp9kjm.com\/wp-content\/uploads\/2021\/12\/obraz_2021-12-07_212217-300x68.png 300w, https:\/\/sp9kjm.com\/wp-content\/uploads\/2021\/12\/obraz_2021-12-07_212217-500x113.png 500w\" sizes=\"auto, (max-width: 634px) 100vw, 634px\" \/><figcaption>Stanowisko operatorskie Marka SP9JKB<\/figcaption><\/figure><\/div>\n\n\n\n<p>&nbsp;&nbsp;&nbsp; O Marku SP9JKB mo\u017cna poczyta\u0107 mi\u0119dzy innymi na stronach:<\/p>\n\n\n\n<p><a href=\"http:\/\/www.rudolf.net.pl\/sp9kat\/?p=453\" target=\"_blank\" rel=\"noreferrer noopener\">http:\/\/www.rudolf.net.pl\/sp9kat\/?p=453<\/a><\/p>\n\n\n\n<p><a href=\"http:\/\/rudolf.net.pl\/kat\/?p=192029\" target=\"_blank\" rel=\"noreferrer noopener\">http:\/\/rudolf.net.pl\/kat\/?p=192029<\/a><\/p>\n\n\n\n<p><a href=\"http:\/\/3sun.pl\/trip\/promoting-productivity\/\" target=\"_blank\" rel=\"noreferrer noopener\">http:\/\/3sun.pl\/trip\/promoting-productivity\/<\/a><\/p>\n\n\n\n<p><a href=\"https:\/\/docplayer.pl\/17760390-Krotkofalowcy-tworza-wspierajaca-siec-radiowej-lacznosci-kryzysowej-w-rejonie-beskidow-beskid-slaski-zywiecki-i-maly.html\" target=\"_blank\" rel=\"noreferrer noopener\">https:\/\/docplayer.pl\/17760390-Krotkofalowcy-tworza-wspierajaca-siec-radiowej-lacznosci-kryzysowej-w-rejonie-beskidow-beskid-slaski-zywiecki-i-maly.html<\/a><\/p>\n\n\n\n<p>To tylko niekt\u00f3re strony przedstawiaj\u0105ce o\u017cywion\u0105 dzia\u0142alno\u015b\u0107 <strong>Marka SP9JKB<\/strong> \u2013 animatora kultury w Domu Kultury w Kozach ko\u0142o Bielska-Bia\u0142ej. Marek aktywnie dzia\u0142a r\u00f3wnie\u017c w strukturze Beskidzkiej Amatorskiej Sieci Ratunkowej w Kozach. <strong>Marku SP9JKB<\/strong>: dzi\u0119kujemy Ci za pomoc w realizacji naszego przedsi\u0119wzi\u0119cia klubowego i wiemy, \u017ce na Twoj\u0105 pomoc zawsze mo\u017cemy liczy\u0107.<\/p>\n\n\n\n<p>&nbsp;&nbsp;&nbsp;&nbsp; W tym samym dniu Mateusz zainstalowa\u0142 si\u0119 na du\u017cym wzniesieniu w okolicy Lubli\u0144ca zamierzaj\u0105c wzi\u0105\u0107 udzia\u0142 w tych samych zawodach, ale niestety &#8211; z uwagi na tzw. z\u0142o\u015bliwo\u015b\u0107 rzeczy martwych nie uda\u0142o si\u0119 to przedsi\u0119wzi\u0119cie. Okaza\u0142o si\u0119, \u017ce kabel zasilaj\u0105cy do urz\u0105dzenia nadawczo-odbiorczego nie sprawdzi\u0142 si\u0119 na UKF i Mateuszowi nie uda\u0142o si\u0119 wzi\u0105\u0107 udzia\u0142 w zawodach (przeprowadzi\u0142 tylko 2 QSOs \u2013 dziennik do kontroli). Ale jest to kolejne do\u015bwiadczenie w zakresie spraw antenowym i nast\u0119pnym razem wyci\u0105gaj\u0105c z tego wnioski poprawimy si\u0119.<\/p>\n\n\n\n<p>&nbsp;&nbsp;&nbsp;&nbsp; W ostatnich zawodach pod nazw\u0105 \u201eNarodziny Kr\u00f3tkofalarstwa Polskiego\u201d, odbywaj\u0105cych si\u0119 w niedziel\u0119 tj. 5 grudnia br. pod znakiem klubowym wzi\u0105\u0142 udzia\u0142 <strong>Tadeusz SP9HQJ<\/strong> i w ci\u0105gu nieca\u0142ych 20 minut przeprowadzi\u0142 symbolicznie 9 QSOs. Musimy by\u0107 obecni w najwa\u017cniejszych przedsi\u0119wzi\u0119ciach w zakresie zawod\u00f3w krajowych i mi\u0119dzynarodowych.<\/p>\n\n\n\n<p><strong>&nbsp;&nbsp;&nbsp;&nbsp; <\/strong>Dla os\u00f3b zainteresowanych zawodami mi\u0119dzynarodowymi poni\u017cej przedstawiam kalendarz zawod\u00f3w na rok 2022 zaczerpni\u0119ty z jednej ze stron internetowych. Ka\u017cdy DX-man b\u0119dzie mia\u0142 mo\u017cliwo\u015b\u0107 wybra\u0107 sobie rodzaj zawod\u00f3w. R\u00f3wnie\u017c nasza reprezentacja klubowa b\u0119dzie bra\u0142a udzia\u0142 w ciekawszych i bardziej atrakcyjnych zawodach mi\u0119dzynarodowych.<\/p>\n\n\n\n<div class=\"wp-block-image\"><figure class=\"aligncenter size-full\"><img loading=\"lazy\" decoding=\"async\" width=\"605\" height=\"216\" src=\"https:\/\/sp9kjm.pl\/wp-content\/uploads\/2021\/12\/obraz_2021-12-07_212248.png\" alt=\"\" class=\"wp-image-3876\" srcset=\"https:\/\/sp9kjm.com\/wp-content\/uploads\/2021\/12\/obraz_2021-12-07_212248.png 605w, https:\/\/sp9kjm.com\/wp-content\/uploads\/2021\/12\/obraz_2021-12-07_212248-300x107.png 300w, https:\/\/sp9kjm.com\/wp-content\/uploads\/2021\/12\/obraz_2021-12-07_212248-500x179.png 500w\" sizes=\"auto, (max-width: 605px) 100vw, 605px\" \/><\/figure><\/div>\n\n\n\n<p>&nbsp;&nbsp;&nbsp;&nbsp; A teraz ciekawostka: ciekawa informacja dla os\u00f3b interesuj\u0105cych si\u0119 histori\u0105 \u0142\u0105czno\u015bci wojskowej, a konkretnie jej szyfrowaniem. Na stronie<a rel=\"noreferrer noopener\" href=\"https:\/\/www.o2.pl\/artykul\/indianscy-szyfranci-zamiast-enigmy-jak-amerykanie-kodowali-depesze-6486073318946433a?fbclid=IwAR0Elw1T0PPMGAzh6Bg2k1TLBwUpZSg3fcqn2zFDRFxnIrQxBq1tRd7aO54\" target=\"_blank\"> www <\/a>ukaza\u0142 si\u0119 do\u015b\u0107 ciekawy artyku\u0142 pod tytu\u0142em: <strong>\u201eIndia\u0144scy szyfranci zamiast Enigmy. Jak Amerykanie &#8222;kodowali&#8221; depesze\u201d <\/strong>Warto zapozna\u0107 si\u0119 z tre\u015bci\u0105 tego artyku\u0142u.<\/p>\n\n\n\n<p><strong>&nbsp;&nbsp;&nbsp;&nbsp; Kolejna i ostatnia wa\u017cna informacja:<\/strong>&nbsp; wszyscy polscy kr\u00f3tkofalowcy powinni mie\u0107 na uwadze stwierdzenia <strong>Marka SP1JNY<\/strong>, przedstawiciela PZK w Polskim Komitecie Normalizacji, przedstawiciela PZK w 1 Regionie IARU &#8211; w Komitecie C7, kt\u00f3ry informuje o kolejnych, ewentualnych zagro\u017ceniach dla \u015brodowiska kr\u00f3tkofalowc\u00f3w. W mailu do Prezydium ZG PZK <strong>Marek SP1JNY<\/strong> pisze:<\/p>\n\n\n\n<p><em>W dniu wczorajszym w godzinach wieczornych<strong> (to by\u0142o niedawno \u2013 przypis autora)<\/strong> odby\u0142o si\u0119 kolejne posiedzenie Komitetu EMC IARU R1, w kt\u00f3rym uczestniczy\u0142em. Tradycyjnie uczestniczy w nich kolega z Nowej Zelandii. Tym razem do spotkania do\u0142\u0105czy\u0142 r\u00f3wnie\u017c Sylvain F4GKR przejmuj\u0105cy pa\u0142eczk\u0119 po Donie. Jednym z omawianych temat\u00f3w by\u0142a sprawa CEPT CONSULTATION &#8211; &nbsp;w sprawie, kt\u00f3rej prosi\u0142em poczeka\u0107 do stanowiska jakie zostanie wypracowane w C7. Koledzy z Niemiec zg\u0142osili swoje zastrze\u017cenia do raportu w zakresie zagro\u017cenia z du\u017cej docelowej ilo\u015bci \u0142adowarek bezprzewodowych, co mimo mocy do 30 W mo\u017ce da\u0107 skumulowany efekt zak\u0142\u00f3ce\u0144 niebezpieczny dla naszego hobby. Inne uwagi to: zakres raportu nie uwzgl\u0119dnia innych \u0142adowarek WPT o mocy 50W-150W, kt\u00f3re te\u017c powinny by\u0107. Dyskusja rozpocz\u0119\u0142a si\u0119 ju\u017c przed posiedzeniem w postaci elektronicznej i wi\u0119cej fragment\u00f3w by\u0142o dyskutowanych.. Generalnie CEPT, kt\u00f3ry nie zajmuje si\u0119 problemami EMC, bo jest to domena CENLEC odni\u00f3s\u0142 si\u0119 do naj\u0142atwiejszego zakresu tej technologii. Ostatecznie ustalili\u015bmy, \u017ce jako mniejsze z\u0142o nale\u017cy dokument poprze\u0107 w istniej\u0105cej postaci. Tak wi\u0119c sentencj\u0119, jak\u0105 zaproponowa\u0142 Mirek SP5GNI: mo\u017ce wysy\u0142a\u0107 Prezes PZK czy Pawe\u0142 SP7TEV &#8211; wysy\u0142ajcie.<\/em><\/p>\n\n\n\n<p><strong>P.S.<\/strong><\/p>\n\n\n\n<p>Oficjalne stanowisko PZK (podpisane przez prezesa PZK Tadeusza SP9HQJ)&nbsp; w tej sprawie zosta\u0142o przez oficera \u0142\u0105cznikowego PZK ds. wsp\u00f3\u0142pracy z IARU Paw\u0142a SP7TEV wys\u0142ane do I Regionu IARU w Genewie. Teraz czekamy jak potocz\u0105 si\u0119 dalsze losy.<\/p>\n\n\n\n<p><strong>Info:<\/strong> <strong>Tadeusz SPHQJ<\/strong><\/p>\n\n\n\n<p><strong>Zdj\u0119cia i film:<\/strong> <strong>Marek SP9JKB<\/strong>.<\/p>\n","protected":false},"excerpt":{"rendered":"<p>&nbsp;&nbsp;&nbsp;&nbsp; W ostatni\u0105 sobot\u0119 tj. 4 grudnia br. dwaj nasi klubowicze: Artur SP9AG i Tadeusz SP9HQJ wzi\u0119li udzia\u0142 w zawodach pod nazw\u0105 \u201eBarb\u00f3rka 2021 UKF\u201d. W tym celu samochodem Tadeusza SP9HQJ udali si\u0119 do miejscowo\u015bci Kozy ko\u0142o Bielska-Bia\u0142ej (JN99NT), aby &hellip; <a href=\"https:\/\/sp9kjm.com\/index.php\/2021\/12\/07\/relacja-z-zawodow-barborka-2021-ukf-i-nie-tylko\/\">Czytaj dalej <span class=\"meta-nav\">&rarr;<\/span><\/a><\/p>\n","protected":false},"author":5,"featured_media":0,"comment_status":"closed","ping_status":"closed","sticky":false,"template":"","format":"standard","meta":{"c2c-post-author-ip":"","footnotes":""},"categories":[38,34],"tags":[],"class_list":["post-3863","post","type-post","status-publish","format-standard","hentry","category-latest-news","category-news"],"_links":{"self":[{"href":"https:\/\/sp9kjm.com\/index.php\/wp-json\/wp\/v2\/posts\/3863","targetHints":{"allow":["GET"]}}],"collection":[{"href":"https:\/\/sp9kjm.com\/index.php\/wp-json\/wp\/v2\/posts"}],"about":[{"href":"https:\/\/sp9kjm.com\/index.php\/wp-json\/wp\/v2\/types\/post"}],"author":[{"embeddable":true,"href":"https:\/\/sp9kjm.com\/index.php\/wp-json\/wp\/v2\/users\/5"}],"replies":[{"embeddable":true,"href":"https:\/\/sp9kjm.com\/index.php\/wp-json\/wp\/v2\/comments?post=3863"}],"version-history":[{"count":5,"href":"https:\/\/sp9kjm.com\/index.php\/wp-json\/wp\/v2\/posts\/3863\/revisions"}],"predecessor-version":[{"id":3883,"href":"https:\/\/sp9kjm.com\/index.php\/wp-json\/wp\/v2\/posts\/3863\/revisions\/3883"}],"wp:attachment":[{"href":"https:\/\/sp9kjm.com\/index.php\/wp-json\/wp\/v2\/media?parent=3863"}],"wp:term":[{"taxonomy":"category","embeddable":true,"href":"https:\/\/sp9kjm.com\/index.php\/wp-json\/wp\/v2\/categories?post=3863"},{"taxonomy":"post_tag","embeddable":true,"href":"https:\/\/sp9kjm.com\/index.php\/wp-json\/wp\/v2\/tags?post=3863"}],"curies":[{"name":"wp","href":"https:\/\/api.w.org\/{rel}","templated":true}]}}