{"id":3849,"date":"2021-12-04T17:03:34","date_gmt":"2021-12-04T16:03:34","guid":{"rendered":"https:\/\/sp9kjm.pl\/?p=3849"},"modified":"2022-01-14T19:27:23","modified_gmt":"2022-01-14T18:27:23","slug":"najnowsze-wiesci-klubowe","status":"publish","type":"post","link":"https:\/\/sp9kjm.com\/index.php\/2021\/12\/04\/najnowsze-wiesci-klubowe\/","title":{"rendered":"Najnowsze wie\u015bci klubowe"},"content":{"rendered":"\n<p>&nbsp;&nbsp;&nbsp;&nbsp; Na pocz\u0105tek dobre wiadomo\u015bci. W ostatnich zawodach pod nazw\u0105 \u201eNarodowe \u015awi\u0119to Niepodleg\u0142o\u015bci\u201d, kt\u00f3re odby\u0142y si\u0119 11 listopada br. nasza stacja klubowa pracowa\u0142a zar\u00f3wno na KF, jak i na UKF. Na UKF pod znakiem klubowym pracowa\u0142 <strong>Mateusz SQ9MLZ<\/strong> i w tej kategorii tj. w kategorii stacji klubowych uda\u0142o Mu si\u0119 uzyska\u0107 2 miejsce w kraju. Brawo Mateusz! Gdyby kto\u015b nie wiedzia\u0142 jak wygl\u0105da zwyci\u0119zca tej kategorii to pewnie poni\u017csze zdj\u0119cie przybli\u017cy wszystkim sylwetk\u0119 Mateusza.<\/p>\n\n\n\n<div class=\"wp-block-image\"><figure class=\"aligncenter size-full\"><img loading=\"lazy\" decoding=\"async\" width=\"197\" height=\"255\" src=\"https:\/\/sp9kjm.pl\/wp-content\/uploads\/2021\/12\/obraz_2021-12-04_165659.png\" alt=\"\" class=\"wp-image-3850\"\/><figcaption>Mateusz SQ9MLZ \u2013 nasz czo\u0142owy zawodnik klubowy w zawodach na UKF<\/figcaption><\/figure><\/div>\n\n\n\n<!--more-->\n\n\n\n<p>&nbsp;&nbsp;&nbsp;&nbsp; W tych samych zwodach pod znakiem klubowym na KF wzi\u0105\u0142 udzia\u0142 nasz klubowicz <strong>Marcin SQ9ITA<\/strong>, kt\u00f3remu uda\u0142o si\u0119 uzyska\u0107 3 miejsce w kraju. Brawo Marcinie! Poni\u017cej przedstawiam sylwetk\u0119 <strong>Marcina SQ9ITA<\/strong>, kt\u00f3ry bardzo aktywnie dzia\u0142a na rzecz naszego klubu.<\/p>\n\n\n\n<div class=\"wp-block-image\"><figure class=\"aligncenter size-full\"><img loading=\"lazy\" decoding=\"async\" width=\"228\" height=\"300\" src=\"https:\/\/sp9kjm.pl\/wp-content\/uploads\/2021\/12\/obraz_2021-12-04_165712.png\" alt=\"\" class=\"wp-image-3851\"\/><figcaption>Marcin SQ9ITA &#8211; jeden z naszych&nbsp;czo\u0142owych zawodnik\u00f3w klubowych w zawodach &nbsp;na KF<\/figcaption><\/figure><\/div>\n\n\n\n<hr class=\"wp-block-separator\"\/>\n\n\n\n<p>&nbsp;&nbsp;&nbsp;&nbsp; A tak na marginesie: zgodnie z przyj\u0119t\u0105 strategi\u0105 klubow\u0105 co do udzia\u0142u naszego zespo\u0142u klubowego w wa\u017cniejszych zawodach krajowych i mi\u0119dzynarodowych i pr\u00f3b\u0105 osi\u0105gania coraz lepszych wynik\u00f3w sportowych nasze za\u0142o\u017cenia i plany w tym zakresie powoli zaczynaj\u0105 przynosi\u0107 pozytywne efekty. Dzi\u0119ki zaanga\u017cowaniu naszych Koleg\u00f3w udaje si\u0119 nam osi\u0105ga\u0107 coraz lepsze wyniki sportowe. Przed nami jeszcze wiele zada\u0144 i mo\u017ce uda si\u0119 naszemu zespo\u0142owi do\u0142\u0105czy\u0107 do \u015bcis\u0142ej sportowej czo\u0142\u00f3wki krajowej. Ale zapa\u0142u i energii nam nie brak i mo\u017ce si\u0119 uda.<\/p>\n\n\n\n<p>&nbsp;&nbsp;&nbsp;&nbsp; Aktywno\u015b\u0107 kr\u00f3tkofalarsk\u0105 mo\u017cna uprawia\u0107 na wiele sposob\u00f3w i w naszym klubie jest miejsce dla ka\u017cdego, kto chcia\u0142by si\u0119 realizowa\u0107 w r\u00f3\u017cnych obszarach kr\u00f3tkofalarskiego hobby np. w zakresie konstrukcji urz\u0105dze\u0144 nadawczo-odbiorczych czy system\u00f3w antenowych, udzia\u0142u w zawodach krajowych i mi\u0119dzynarodowych. Zapraszamy zatem do naszego klubu wszystkich ch\u0119tnych zainteresowanych szeroko rozumian\u0105 technik\u0105 radiow\u0105.&nbsp;<\/p>\n\n\n\n<hr class=\"wp-block-separator\"\/>\n\n\n\n<p>&nbsp;&nbsp;&nbsp;&nbsp; Przedstawiciel naszego klubu <strong>Miko\u0142aj SQ9PCO<\/strong> wybra\u0142 sobie jedn\u0105 z dyscyplin kr\u00f3tkofalarskich polegaj\u0105c\u0105 na organizowaniu akcji dyplomowych upami\u0119tniaj\u0105cych r\u00f3\u017cnego typu wa\u017cniejsze wydarzenia (g\u0142\u00f3wnie wydarzenia historyczne) i na tym polu posiada niez\u0142e osi\u0105gni\u0119cia. Miko\u0142aj bardzo aktywnie dzia\u0142a na rzecz naszego klubu zdobywaj\u0105c w akcjach dyplomowych wiele dyplom\u00f3w dla naszego klubu. Ostatnio Miko\u0142ajowi uda\u0142o si\u0119 zdoby\u0107 kolejne 2 dyplomy dla naszego klubu, za kt\u00f3re dzi\u0119kujemy. <br>Poni\u017cej dyplomy zdobyte przez Miko\u0142aja:<\/p>\n\n\n\n<div class=\"wp-block-image\"><figure class=\"aligncenter size-full\"><img loading=\"lazy\" decoding=\"async\" width=\"498\" height=\"352\" src=\"https:\/\/sp9kjm.pl\/wp-content\/uploads\/2021\/12\/obraz_2021-12-04_165855.png\" alt=\"\" class=\"wp-image-3852\" srcset=\"https:\/\/sp9kjm.com\/wp-content\/uploads\/2021\/12\/obraz_2021-12-04_165855.png 498w, https:\/\/sp9kjm.com\/wp-content\/uploads\/2021\/12\/obraz_2021-12-04_165855-300x212.png 300w, https:\/\/sp9kjm.com\/wp-content\/uploads\/2021\/12\/obraz_2021-12-04_165855-424x300.png 424w\" sizes=\"auto, (max-width: 498px) 100vw, 498px\" \/><\/figure><\/div>\n\n\n\n<div class=\"wp-block-image\"><figure class=\"aligncenter size-full\"><img loading=\"lazy\" decoding=\"async\" width=\"475\" height=\"336\" src=\"https:\/\/sp9kjm.pl\/wp-content\/uploads\/2021\/12\/obraz_2021-12-04_165903.png\" alt=\"\" class=\"wp-image-3853\" srcset=\"https:\/\/sp9kjm.com\/wp-content\/uploads\/2021\/12\/obraz_2021-12-04_165903.png 475w, https:\/\/sp9kjm.com\/wp-content\/uploads\/2021\/12\/obraz_2021-12-04_165903-300x212.png 300w, https:\/\/sp9kjm.com\/wp-content\/uploads\/2021\/12\/obraz_2021-12-04_165903-424x300.png 424w\" sizes=\"auto, (max-width: 475px) 100vw, 475px\" \/><\/figure><\/div>\n\n\n\n<p>&nbsp;&nbsp;&nbsp;&nbsp;&nbsp; Gdyby kto\u015b nie wiedzia\u0142 jak wygl\u0105da nasz przedstawiciel klubowy dbaj\u0105cy o nasze klubowe dyplomy to pewnie poni\u017csza fotka przybli\u017cy wszystkim sylwetk\u0119 Miko\u0142aja &#8211; wielce zaanga\u017cowanego na rzecz naszego klubu.<\/p>\n\n\n\n<div class=\"wp-block-image\"><figure class=\"aligncenter size-full\"><img loading=\"lazy\" decoding=\"async\" width=\"517\" height=\"292\" src=\"https:\/\/sp9kjm.pl\/wp-content\/uploads\/2021\/12\/obraz_2021-12-04_165915.png\" alt=\"\" class=\"wp-image-3854\" srcset=\"https:\/\/sp9kjm.com\/wp-content\/uploads\/2021\/12\/obraz_2021-12-04_165915.png 517w, https:\/\/sp9kjm.com\/wp-content\/uploads\/2021\/12\/obraz_2021-12-04_165915-300x169.png 300w, https:\/\/sp9kjm.com\/wp-content\/uploads\/2021\/12\/obraz_2021-12-04_165915-500x282.png 500w\" sizes=\"auto, (max-width: 517px) 100vw, 517px\" \/><figcaption>SQ9PCO \u2013 sympatyk klubu SP9KJM<\/figcaption><\/figure><\/div>\n\n\n\n<hr class=\"wp-block-separator\"\/>\n\n\n\n<p>&nbsp;&nbsp;&nbsp;&nbsp; W ostatni dzie\u0144 klubowy tj. 1 grudnia br., pe\u0142ni\u0105cy dy\u017cur prezes \u015al\u0105skiego OT PZK<strong> Marek SP9HTY<\/strong> odwiedzi\u0142 nasz klub i by\u0142a to okazja do uzgodnienia wielu spraw organizacyjnych. Gwoli informacji dla mniej wtajemniczonych: siedziba \u015al\u0105skiego Oddzia\u0142u Terenowego Polskiego Zwi\u0105zku Kr\u00f3tkofalowc\u00f3w (OT 06 PZK) w Katowicach i siedziba klubu <strong>SP9KJM<\/strong> mie\u015bci si\u0119 w Domu Kultury :Chemik\u201d w Siemianowicach \u015al. przy ulicy Niepodleg\u0142o\u015bci 51.<\/p>\n\n\n\n<hr class=\"wp-block-separator\"\/>\n\n\n\n<p>&nbsp;&nbsp;&nbsp;&nbsp; W ostatni dzie\u0144 klubowy tj. 1 grudnia br. odwiedzi\u0142 nas wielce zas\u0142u\u017cony sympatyk klubowy<strong> Marcin SQ9ITA<\/strong> i by\u0142a to doskona\u0142a okazja, aby podzi\u0119kowa\u0107 Marcinowi za dotychczasowe dzia\u0142ania na rzecz naszego klubu. Marcinie: bardzo dzi\u0119kujemy za Twoj\u0105 aktywno\u015b\u0107 na rzecz klubu i liczymy na dalsz\u0105 aktywno\u015b\u0107.<\/p>\n\n\n\n<div class=\"wp-block-image\"><figure class=\"aligncenter size-full\"><img loading=\"lazy\" decoding=\"async\" width=\"554\" height=\"415\" src=\"https:\/\/sp9kjm.pl\/wp-content\/uploads\/2021\/12\/obraz_2021-12-04_165923.png\" alt=\"\" class=\"wp-image-3855\" srcset=\"https:\/\/sp9kjm.com\/wp-content\/uploads\/2021\/12\/obraz_2021-12-04_165923.png 554w, https:\/\/sp9kjm.com\/wp-content\/uploads\/2021\/12\/obraz_2021-12-04_165923-300x225.png 300w, https:\/\/sp9kjm.com\/wp-content\/uploads\/2021\/12\/obraz_2021-12-04_165923-400x300.png 400w\" sizes=\"auto, (max-width: 554px) 100vw, 554px\" \/><figcaption>Od lewej: prezes klubu Tadeusz SP9HQJ wr\u0119czaj\u0105cy Marcinowi SQ9ITA okoliczno\u015bciowe podzi\u0119kowanie. Z prawej Mateusz SQ9MLZ.<\/figcaption><\/figure><\/div>\n\n\n\n<hr class=\"wp-block-separator\"\/>\n\n\n\n<p>&nbsp;&nbsp;&nbsp;&nbsp; Zgodnie z ustaleniami, w sobot\u0119 tj. 4 grudnia br. o godzinie 9.00 w Domu Kultury \u201eChemik\u201d mia\u0142a si\u0119 odby\u0107 kolejna gie\u0142da kr\u00f3tkofalarska. Na miejscu obecny by\u0142 prezes klubu Tadeusz SP9HQJ, kt\u00f3ry stwierdzi\u0142, \u017ce nikt nie przyby\u0142 na gie\u0142d\u0119. Zdajemy sobie spraw\u0119, \u017ce w obecnych czasach coraz mniej jest kr\u00f3tkofalowc\u00f3w &#8211; konstruktor\u00f3w&nbsp; zainteresowanych budowaniem urz\u0105dze\u0144 nadawczo-odbiorczych. W tej sytuacji trzeba b\u0119dzie zrezygnowa\u0107 z prowadzenia dalszych gie\u0142d.<\/p>\n\n\n\n<hr class=\"wp-block-separator\"\/>\n\n\n\n<p>&nbsp;&nbsp;&nbsp;&nbsp; W sobot\u0119 tj. 4 grudnia br. w godzinach wieczornych nasi klubowicze tj. <strong>Artur SP9AG<\/strong> wraz z <strong>Tadeuszem SP9HQJ<\/strong> pracowa\u0107 b\u0119d\u0105 w zawodach pod nazw\u0105 \u201eBarb\u00f3rka 2021 UKF\u201d z terenowego QTH, natomiast z innego terenowego QTH w tych samych zawodach na UKF pracowa\u0142 b\u0119dzie <strong>Mateusz SQ9MLZ<\/strong>. W tych samych zawodach na KF pracowa\u0142 b\u0119dzie <strong>Marcin SQ9ITA<\/strong>.<\/p>\n\n\n\n<p>Najbli\u017csze ciekawsze zawody krajowe to:<\/p>\n\n\n\n<p>&#8211; Narodziny Kr\u00f3tkofalarstwa Polskiego \u2013 05.12.2021 r.<\/p>\n\n\n\n<p>&#8211; Maraton Lubelski UKF \u2013 11.12.2021 r.<\/p>\n\n\n\n<p>Najprawdopodobniej we\u017amiemy udzia\u0142 w tych zawodach.<\/p>\n\n\n\n<p><strong>Tekst i zdj\u0119cia: Tadeusz SP9HQJ<\/strong><\/p>\n","protected":false},"excerpt":{"rendered":"<p>&nbsp;&nbsp;&nbsp;&nbsp; Na pocz\u0105tek dobre wiadomo\u015bci. W ostatnich zawodach pod nazw\u0105 \u201eNarodowe \u015awi\u0119to Niepodleg\u0142o\u015bci\u201d, kt\u00f3re odby\u0142y si\u0119 11 listopada br. nasza stacja klubowa pracowa\u0142a zar\u00f3wno na KF, jak i na UKF. Na UKF pod znakiem klubowym pracowa\u0142 Mateusz SQ9MLZ i w &hellip; <a href=\"https:\/\/sp9kjm.com\/index.php\/2021\/12\/04\/najnowsze-wiesci-klubowe\/\">Czytaj dalej <span class=\"meta-nav\">&rarr;<\/span><\/a><\/p>\n","protected":false},"author":5,"featured_media":0,"comment_status":"closed","ping_status":"closed","sticky":false,"template":"","format":"standard","meta":{"c2c-post-author-ip":"","footnotes":""},"categories":[38,34],"tags":[],"class_list":["post-3849","post","type-post","status-publish","format-standard","hentry","category-latest-news","category-news"],"_links":{"self":[{"href":"https:\/\/sp9kjm.com\/index.php\/wp-json\/wp\/v2\/posts\/3849","targetHints":{"allow":["GET"]}}],"collection":[{"href":"https:\/\/sp9kjm.com\/index.php\/wp-json\/wp\/v2\/posts"}],"about":[{"href":"https:\/\/sp9kjm.com\/index.php\/wp-json\/wp\/v2\/types\/post"}],"author":[{"embeddable":true,"href":"https:\/\/sp9kjm.com\/index.php\/wp-json\/wp\/v2\/users\/5"}],"replies":[{"embeddable":true,"href":"https:\/\/sp9kjm.com\/index.php\/wp-json\/wp\/v2\/comments?post=3849"}],"version-history":[{"count":4,"href":"https:\/\/sp9kjm.com\/index.php\/wp-json\/wp\/v2\/posts\/3849\/revisions"}],"predecessor-version":[{"id":3862,"href":"https:\/\/sp9kjm.com\/index.php\/wp-json\/wp\/v2\/posts\/3849\/revisions\/3862"}],"wp:attachment":[{"href":"https:\/\/sp9kjm.com\/index.php\/wp-json\/wp\/v2\/media?parent=3849"}],"wp:term":[{"taxonomy":"category","embeddable":true,"href":"https:\/\/sp9kjm.com\/index.php\/wp-json\/wp\/v2\/categories?post=3849"},{"taxonomy":"post_tag","embeddable":true,"href":"https:\/\/sp9kjm.com\/index.php\/wp-json\/wp\/v2\/tags?post=3849"}],"curies":[{"name":"wp","href":"https:\/\/api.w.org\/{rel}","templated":true}]}}