{"id":3693,"date":"2021-09-27T20:25:20","date_gmt":"2021-09-27T18:25:20","guid":{"rendered":"https:\/\/sp9kjm.pl\/?p=3693"},"modified":"2021-09-27T20:25:21","modified_gmt":"2021-09-27T18:25:21","slug":"czy-warto-nalezec-do-pzk","status":"publish","type":"post","link":"https:\/\/sp9kjm.com\/index.php\/2021\/09\/27\/czy-warto-nalezec-do-pzk\/","title":{"rendered":"Czy warto nale\u017ce\u0107 do PZK?"},"content":{"rendered":"\n<p>\u00a0\u00a0\u00a0\u00a0 Tym razem nie b\u0119dzie informacji klubowych, natomiast jest kilka informacji o kondycji polskiego kr\u00f3tkofalarstwa, a zw\u0142aszcza w kontek\u015bcie przynale\u017cno\u015bci do PZK, jak te\u017c o stanie polskiego kr\u00f3tkofalarstwa. Materia\u0142 ten powinien stanowi\u0107 materia\u0142 do przemy\u015ble\u0144 dla wszystkich polskich kr\u00f3tkofalowc\u00f3w.\u00a0\u00a0\u00a0\u00a0<\/p>\n\n\n\n<!--more-->\n\n\n\n<p>&nbsp;&nbsp;&nbsp;&nbsp; W \u015brodowisku niekt\u00f3rych polskich kr\u00f3tkofalowc\u00f3w cz\u0119sto padaj\u0105 pytania typu: po co mam nale\u017ce\u0107 do PZK skoro to mi niewiele daje? Robi\u0119 ma\u0142o \u0142\u0105czno\u015bci, a w wi\u0119kszo\u015bci \u0142\u0105czno\u015bci lokalne i nie musz\u0119 korzysta\u0107 z Biura QSL. Ta grupa kr\u00f3tkofalowc\u00f3w uwa\u017ca, \u017ce jedyn\u0105 korzy\u015bci\u0105 przynale\u017cno\u015bci do PZK jest darmowa obs\u0142uga Biura QSL. Najwy\u017cszy czas, aby grup\u0119 t\u0119 wyprowadzi\u0107 z b\u0142\u0119du. Prawda jest zgo\u0142a inna \u2013 przynale\u017cno\u015b\u0107 do PZK nie tylko mo\u017cliwo\u015b\u0107 korzystania z bezp\u0142atnej obs\u0142ugi Biura QSL. Zakres dzia\u0142a\u0144, jakie podejmuje PZK obejmuje wiele obszar\u00f3w, w tym mi\u0119dzy innymi utrzymanie status quo, dzia\u0142ania zmierzaj\u0105ce do utrzymania obecnych pasm radiowych i przyznania nowych pasm, wsp\u00f3\u0142praca z r\u00f3\u017cnymi organami pa\u0144stwowymi w celu utrzymania dotychczasowych zdobyczy, a tak\u017ce podejmowane pr\u00f3by maj\u0105ce na celu dalszy rozw\u00f3j kr\u00f3tkofalarstwa w kraju.<\/p>\n\n\n\n<p>&nbsp;&nbsp;&nbsp;&nbsp; <strong>Pami\u0119tajmy: nasze dotychczasowe prawa nie s\u0105 wieczne i w ka\u017cdej chwili mog\u0105 by\u0107 ograniczone albo niekt\u00f3re zabrane<\/strong>. Jeszcze niedawno mieli\u015bmy zakusy komercji na nasze pasma radiowe. A na stra\u017cy wszystkich polskich kr\u00f3tkofalowc\u00f3w ( zrzeszonych i niezrzeszonych w PZK) stoi PZK \u2013 Polski Zwi\u0105zek Kr\u00f3tkofalowc\u00f3w. Dla przyk\u0142adu: z przemiennik\u00f3w na UKF korzystaj\u0105 zar\u00f3wno cz\u0142onkowie jak i nie cz\u0142onkowie PZK, ale to PZK zabiega, aby ich nam nie zabrano albo nie ograniczono.<\/p>\n\n\n\n<p>&nbsp;&nbsp;&nbsp;&nbsp; Czy\u017cby\u015bmy zapomnieli o zagro\u017ceniu ze strony PLC czy te\u017c o projekcie \u00f3wczesnego Ministra \u015arodowiska, kt\u00f3ry w 2009 roku proponuj\u0105c wej\u015bcie w \u017cycie dw\u00f3ch niekorzystnych dla naszego \u015brodowiska rozporz\u0105dze\u0144 m\u00f3g\u0142 sparali\u017cowa\u0107 ca\u0142y polski ruch kr\u00f3tkofalarski? Zatem przypominam: wg koncepcji \u00f3wczesnego Ministra \u015arodowiska ka\u017cdy podmiot emituj\u0105cy promieniowanie elektromagnetyczne (w tym i kr\u00f3tkofalowcy) musia\u0142by zrobi\u0107 specjalistyczne badania swoich urz\u0105dze\u0144 nadawczo-odbiorczych przez uprawnione laboratoria kontrolne, a to wi\u0105za\u0142oby si\u0119 z kosztami wynosz\u0105cymi kilka tysi\u0119cy z\u0142otych. Tylko zdecydowane dzia\u0142ania ze strony w\u0142adz PZK (petycje, wnioski i uwagi do r\u00f3\u017cnych instytucji centralnych i mi\u0119dzynarodowych, do Sejmu RP) spowodowa\u0142y, \u017ce \u00f3wczesny Minister \u015arodowiska wy\u0142\u0105czy\u0142 nasze \u015brodowisko z takich bada\u0144. Jako pisz\u0105cy te s\u0142owa r\u00f3wnie\u017c i ja mia\u0142em cz\u0105stk\u0119 w tych dzia\u0142aniach. W tym miejscu odsy\u0142am do mojej publikacji pt. \u201eHistoria Klubu SP9KJM\u201d&nbsp; &#8211; <a href=\"https:\/\/sp9kjm.pl\/index.php\/historia\/\">https:\/\/sp9kjm.pl\/index.php\/historia\/<\/a> , gdzie jest o tym mowa na stronach: 48-50. Wtedy to, jako \u00f3wczesny sekretarz PZK zwr\u00f3ci\u0142em si\u0119 mi\u0119dzy innymi do \u00f3wczesnej Europos\u0142anki Profesor Genowefy Grabowskiej z pro\u015bb\u0105 o pomoc w obronie naszych kr\u00f3tkofalarskich interes\u00f3w. Nie musia\u0142em d\u0142ugo czeka\u0107, poniewa\u017c po kilku dniach otrzyma\u0142em od Pani Profesor b\u0142yskawiczn\u0105 odpowied\u017a nast\u0119puj\u0105cej tre\u015bci:<\/p>\n\n\n\n<p>&nbsp;&nbsp;&nbsp;&nbsp; &nbsp;&nbsp;&nbsp;&nbsp;&nbsp;<strong><em>Prof. Genowefa GRABOWSKA<\/em><\/strong><\/p>\n\n\n\n<p><strong><em>&nbsp;&nbsp;&nbsp;&nbsp;&nbsp;&nbsp;&nbsp; Pose\u0142 do Parlamentu Europejskiego<\/em><\/strong><\/p>\n\n\n\n<p>&nbsp;&nbsp;&nbsp;&nbsp; Bruksela, 15 kwiecie\u0144 2009<\/p>\n\n\n\n<p><strong>Pan &nbsp;&nbsp;&nbsp;&nbsp;&nbsp;&nbsp;&nbsp;&nbsp;&nbsp;&nbsp;&nbsp;&nbsp;&nbsp;&nbsp;&nbsp;&nbsp;&nbsp;&nbsp;&nbsp;&nbsp;&nbsp;&nbsp;&nbsp;&nbsp;&nbsp;&nbsp;&nbsp;&nbsp;&nbsp;&nbsp;&nbsp;&nbsp;&nbsp;&nbsp;&nbsp;&nbsp;&nbsp;&nbsp;&nbsp;&nbsp;&nbsp;&nbsp;&nbsp;&nbsp;&nbsp;&nbsp;&nbsp;&nbsp;&nbsp;&nbsp;&nbsp;&nbsp;&nbsp;&nbsp;&nbsp;&nbsp;&nbsp;&nbsp;&nbsp;&nbsp;&nbsp;&nbsp;&nbsp;&nbsp;&nbsp;&nbsp;&nbsp;&nbsp;&nbsp;&nbsp;&nbsp;&nbsp;&nbsp;&nbsp;&nbsp;&nbsp;&nbsp;&nbsp;&nbsp;&nbsp;&nbsp;&nbsp;&nbsp;&nbsp;&nbsp;&nbsp; &nbsp;&nbsp;&nbsp;<\/strong><\/p>\n\n\n\n<p><strong>Tadeusz Pami\u0119ta<\/strong><\/p>\n\n\n\n<p><strong>Sekretarz Polskiego Zwi\u0105zku Kr\u00f3tkofalowc\u00f3w<\/strong><\/p>\n\n\n\n<p><strong>Siemianowice \u015al\u0105skie<\/strong><\/p>\n\n\n\n<p>Niepokoj\u0105ce propozycje zmian prawnych, kt\u00f3re zr\u00f3wnuj\u0105 w obowi\u0105zkach profesjonalne instalacje radiokomunikacyjne z instalacjami s\u0142u\u017cby amatorskiej, poci\u0105gaj\u0105 za sob\u0105 na\u0142o\u017cenie na s\u0142u\u017cb\u0119 amatorsk\u0105, jak\u0105 jest dzia\u0142alno\u015b\u0107 kr\u00f3tkofalowc\u00f3w, takich samym obowi\u0105zk\u00f3w, jakie spoczywaj\u0105 na pot\u0119\u017cnych rozg\u0142o\u015bniach radiowych i sieciach kom\u00f3rkowych. Takie rozwi\u0105zanie zdecydowanie uderza w interes polskich kr\u00f3tkofalowc\u00f3w i mo\u017ce spowodowa\u0107 za\u0142amanie, a nawet likwidacj\u0119 tej tradycyjnej i uznanej s\u0142u\u017cby amatorskiej w Polsce.<\/p>\n\n\n\n<p>W prowadzonym procesie legislacyjnym mo\u017ce szczeg\u00f3lnie dziwi\u0107 pomini\u0119cie opinii i brak konsultacji z samymi zainteresowanymi, kt\u00f3rzy przecie\u017c maj\u0105 swoj\u0105 reprezentacj\u0119 w postaci Polskiego Zwi\u0105zku Kr\u00f3tkofalowc\u00f3w. Nie ulega w\u0105tpliwo\u015bci, \u017ce takie post\u0119powanie nie s\u0142u\u017cy budowaniu spo\u0142ecze\u0144stwa obywatelskiego i w ewidentny spos\u00f3b podwa\u017ca zaufanie obywateli do instytucji pa\u0144stwa.<\/p>\n\n\n\n<p>Jest dla mnie rzecz\u0105 oczywist\u0105, \u017ce kr\u00f3tkofalowcy, zgodnie ze stanem faktycznym oraz wieloletni\u0105 praktyk\u0105, powinni by\u0107 kwalifikowani, jako s\u0142u\u017cba amatorska i w zwi\u0105zku z tym nale\u017cy ich <strong>wy\u0142\u0105czy\u0107 <\/strong>z grona podmiot\u00f3w \u015bwiadcz\u0105cych us\u0142ugi o charakterze komercyjnym.<\/p>\n\n\n\n<p>Jako Pose\u0142 do Parlamentu Europejskiego, polityk oraz specjalista prawa europejskiego, pragn\u0119 gor\u0105co wesprze\u0107 interes polskich kr\u00f3tkofalowc\u00f3w oraz zaapelowa\u0107 do Ministra \u015arodowiska o uwzgl\u0119dnienie praw ponad 15 \u2013 tysi\u0119cznej rzeszy polskich kr\u00f3tkofalowc\u00f3w.<\/p>\n\n\n\n<p>&nbsp;&nbsp;&nbsp;&nbsp; Tego typu dzia\u0142ania spowodowa\u0142y ochron\u0119 naszych kr\u00f3tkofalarskich interes\u00f3w. Ale czy wtedy i obecnie na stra\u017cy naszych interes\u00f3w sta\u0142y i nadal stoj\u0105 krasnoludki? Nie, to dzia\u0142ania w\u0142adz centralnych PZK spowodowa\u0142y i nadal powoduj\u0105, \u017ce ca\u0142e polskie \u015brodowisko kr\u00f3tkofalowc\u00f3w (zrzeszone i nie zrzeszone w PZK) mo\u017ce nadal si\u0119 rozwija\u0107, a nasi kr\u00f3tkofalowcy mog\u0105 cieszy\u0107 si\u0119 z uprawiania kr\u00f3tkofalarskiego hobby. Zatem w naszym polskim interesie le\u017cy, aby w PZK by\u0142o nas najwi\u0119cej, poniewa\u017c tylko z silnymi liczebnie organizacjami pozarz\u0105dowymi licz\u0105 si\u0119 w\u0142adze pa\u0144stwowe i samorz\u0105dowe. Nie zapominamy r\u00f3wnie\u017c o tym, \u017ce kr\u00f3tkofalowcom zrzeszonym w PZK w\u0142adze centralne pomagaj\u0105 w problemie antenowym udzielaj\u0105c porad prawnych i pomoc w przypadku spraw s\u0105dowych o anteny.<\/p>\n\n\n\n<p>&nbsp;&nbsp;&nbsp;&nbsp; Dzi\u0119ki zezwoleniu Redakcji \u201e\u015awiata Radio\u201d poni\u017cej publikuj\u0119 skany wypowiedzi 3 os\u00f3b, kt\u00f3re napisa\u0142y tekst do Redakcji do ostatniego numeru tego\u017c miesi\u0119cznika do dzia\u0142u pod tytu\u0142em \u201eListy do Redakcji\u201d (SR Nr 9-10\/21, strony59-61). Osoby te odnios\u0142y si\u0119 do aktualnej sytuacji panuj\u0105cej w PZK.<\/p>\n\n\n\n<p>&nbsp;&nbsp;&nbsp;&nbsp; I tak, jako pierwszy sekretarz ZG PZK Piotr SP2JMR do\u015b\u0107 szczeg\u00f3\u0142owo uzasadni\u0142 jakie korzy\u015bci odnosz\u0105 wszyscy polscy kr\u00f3tkofalowcy nale\u017c\u0105cy do PZK. W swoim tek\u015bcie Piotr wyra\u017anie stwierdzi\u0142, \u017ce przynale\u017cno\u015b\u0107 do PZK to nie tylko mo\u017cliwo\u015b\u0107 bezp\u0142atnego korzystania z Biura QSL, ale znacznie wi\u0119cej profit\u00f3w. Warto o tym wiedzie\u0107.<\/p>\n\n\n\n<p>&nbsp;&nbsp;&nbsp;&nbsp; Z kolei Jurek SP3SLU odni\u00f3s\u0142 si\u0119 do pracy Prezydium i pracy w strukturach zarz\u0105dzaj\u0105cych w PZK stwierdzaj\u0105c, \u017ce nie ma ch\u0119tnych do pracy spo\u0142ecznej w tych strukturach, natomiast obserwuje si\u0119 swoisty hejt na dzia\u0142aczy PZK. Jednym s\u0142owem: niepotrzebne wojenki polsko-polskie. Ze s\u0142\u00f3w Jurka SP3SLU wynika, \u017ce nale\u017ca\u0142oby wspiera\u0107 dzia\u0142ania dzia\u0142aczy r\u00f3\u017cnego szczebla, a nie podcina\u0107 im n\u00f3g. Ka\u017cda dobra inicjatywa jest tu wskazana.<\/p>\n\n\n\n<p>&nbsp;&nbsp;&nbsp;&nbsp; Trzeci z kolei uczestnik dyskusji na \u0142amach \u201e\u015awiata Radio\u201d Pawe\u0142 SP3OKA r\u00f3wnie\u017c cz\u0119\u015bciowo zdiagnozowa\u0142 sytuacj\u0119 panuj\u0105c\u0105 w PZK stwierdzaj\u0105c, \u017ce o kondycji polskiego kr\u00f3tkofalarstwa decyduj\u0105 dzia\u0142ania lokalnych dzia\u0142aczy PZK tj. na szczeblu klub\u00f3w i oddzia\u0142\u00f3w. Pawe\u0142 odni\u00f3s\u0142 si\u0119 r\u00f3wnie\u017c do innych aspekt\u00f3w polskiego kr\u00f3tkofalarstwa.<\/p>\n\n\n\n<p>&nbsp;&nbsp;&nbsp;&nbsp; Poni\u017cej skany wypowiedzi 3 czytelnik\u00f3w tj. Piotra SP2JMR, Jurka SP3SLU i Paw\u0142a SP3OKA. Zapraszam do uwa\u017cnej lektury poni\u017cszych tekst\u00f3w i wyci\u0105gni\u0119cia z nich wniosk\u00f3w.<\/p>\n\n\n\n<figure class=\"wp-block-image size-large\"><img loading=\"lazy\" decoding=\"async\" width=\"741\" height=\"1024\" src=\"https:\/\/sp9kjm.pl\/wp-content\/uploads\/2021\/09\/Skan-1-741x1024.jpg\" alt=\"\" class=\"wp-image-3694\" srcset=\"https:\/\/sp9kjm.com\/wp-content\/uploads\/2021\/09\/Skan-1-741x1024.jpg 741w, https:\/\/sp9kjm.com\/wp-content\/uploads\/2021\/09\/Skan-1-217x300.jpg 217w, https:\/\/sp9kjm.com\/wp-content\/uploads\/2021\/09\/Skan-1-768x1061.jpg 768w, https:\/\/sp9kjm.com\/wp-content\/uploads\/2021\/09\/Skan-1-1112x1536.jpg 1112w, https:\/\/sp9kjm.com\/wp-content\/uploads\/2021\/09\/Skan-1-1483x2048.jpg 1483w, https:\/\/sp9kjm.com\/wp-content\/uploads\/2021\/09\/Skan-1.jpg 1645w\" sizes=\"auto, (max-width: 741px) 100vw, 741px\" \/><\/figure>\n\n\n\n<figure class=\"wp-block-image size-large\"><img loading=\"lazy\" decoding=\"async\" width=\"691\" height=\"1024\" src=\"https:\/\/sp9kjm.pl\/wp-content\/uploads\/2021\/09\/Skan-2-691x1024.jpg\" alt=\"\" class=\"wp-image-3695\" srcset=\"https:\/\/sp9kjm.com\/wp-content\/uploads\/2021\/09\/Skan-2-691x1024.jpg 691w, https:\/\/sp9kjm.com\/wp-content\/uploads\/2021\/09\/Skan-2-202x300.jpg 202w, https:\/\/sp9kjm.com\/wp-content\/uploads\/2021\/09\/Skan-2-768x1139.jpg 768w, https:\/\/sp9kjm.com\/wp-content\/uploads\/2021\/09\/Skan-2-1036x1536.jpg 1036w, https:\/\/sp9kjm.com\/wp-content\/uploads\/2021\/09\/Skan-2-1381x2048.jpg 1381w, https:\/\/sp9kjm.com\/wp-content\/uploads\/2021\/09\/Skan-2.jpg 1539w\" sizes=\"auto, (max-width: 691px) 100vw, 691px\" \/><\/figure>\n\n\n\n<figure class=\"wp-block-image size-large\"><img loading=\"lazy\" decoding=\"async\" width=\"714\" height=\"1024\" src=\"https:\/\/sp9kjm.pl\/wp-content\/uploads\/2021\/09\/Skan-3-714x1024.jpg\" alt=\"\" class=\"wp-image-3696\" srcset=\"https:\/\/sp9kjm.com\/wp-content\/uploads\/2021\/09\/Skan-3-714x1024.jpg 714w, https:\/\/sp9kjm.com\/wp-content\/uploads\/2021\/09\/Skan-3-209x300.jpg 209w, https:\/\/sp9kjm.com\/wp-content\/uploads\/2021\/09\/Skan-3-768x1102.jpg 768w, https:\/\/sp9kjm.com\/wp-content\/uploads\/2021\/09\/Skan-3-1071x1536.jpg 1071w, https:\/\/sp9kjm.com\/wp-content\/uploads\/2021\/09\/Skan-3-1428x2048.jpg 1428w, https:\/\/sp9kjm.com\/wp-content\/uploads\/2021\/09\/Skan-3.jpg 1584w\" sizes=\"auto, (max-width: 714px) 100vw, 714px\" \/><\/figure>\n\n\n\n<p><strong>&nbsp;&nbsp;&nbsp;&nbsp; Podsumowuj\u0105c: <\/strong>niech ten materia\u0142 stanowi podstaw\u0119 do przemy\u015ble\u0144 co do przynale\u017cno\u015bci do PZK. Im b\u0119dzie nas wi\u0119cej w PZK tym lepiej dla wszystkich. W ten spos\u00f3b obni\u017cce mo\u017ce ulec wysoko\u015b\u0107 sk\u0142adki cz\u0142onkowskiej. A poza tym: wi\u0119kszy mo\u017ce wi\u0119cej, jak m\u00f3wi stare porzekad\u0142o.<\/p>\n\n\n\n<p>&nbsp;&nbsp;&nbsp;&nbsp; Przy okazji zapraszamy na gie\u0142d\u0119 kr\u00f3tkofalarsk\u0105, kt\u00f3ra odb\u0119dzie si\u0119 w najbli\u017csz\u0105 sobot\u0119 tj. 2 pa\u017adziernika br. Mo\u017cna tu co\u015b kupi\u0107 lub sprzeda\u0107, a przy okazji spotka\u0107 si\u0119 w gronie przyjaci\u00f3\u0142.<\/p>\n\n\n\n<p><strong>Opracowa\u0142: Tadeusz SP9HQJ<\/strong><\/p>\n","protected":false},"excerpt":{"rendered":"<p>\u00a0\u00a0\u00a0\u00a0 Tym razem nie b\u0119dzie informacji klubowych, natomiast jest kilka informacji o kondycji polskiego kr\u00f3tkofalarstwa, a zw\u0142aszcza w kontek\u015bcie przynale\u017cno\u015bci do PZK, jak te\u017c o stanie polskiego kr\u00f3tkofalarstwa. Materia\u0142 ten powinien stanowi\u0107 materia\u0142 do przemy\u015ble\u0144 dla wszystkich polskich kr\u00f3tkofalowc\u00f3w.\u00a0\u00a0\u00a0\u00a0<\/p>\n","protected":false},"author":5,"featured_media":0,"comment_status":"closed","ping_status":"closed","sticky":false,"template":"","format":"standard","meta":{"c2c-post-author-ip":"","footnotes":""},"categories":[38,34],"tags":[],"class_list":["post-3693","post","type-post","status-publish","format-standard","hentry","category-latest-news","category-news"],"_links":{"self":[{"href":"https:\/\/sp9kjm.com\/index.php\/wp-json\/wp\/v2\/posts\/3693","targetHints":{"allow":["GET"]}}],"collection":[{"href":"https:\/\/sp9kjm.com\/index.php\/wp-json\/wp\/v2\/posts"}],"about":[{"href":"https:\/\/sp9kjm.com\/index.php\/wp-json\/wp\/v2\/types\/post"}],"author":[{"embeddable":true,"href":"https:\/\/sp9kjm.com\/index.php\/wp-json\/wp\/v2\/users\/5"}],"replies":[{"embeddable":true,"href":"https:\/\/sp9kjm.com\/index.php\/wp-json\/wp\/v2\/comments?post=3693"}],"version-history":[{"count":1,"href":"https:\/\/sp9kjm.com\/index.php\/wp-json\/wp\/v2\/posts\/3693\/revisions"}],"predecessor-version":[{"id":3697,"href":"https:\/\/sp9kjm.com\/index.php\/wp-json\/wp\/v2\/posts\/3693\/revisions\/3697"}],"wp:attachment":[{"href":"https:\/\/sp9kjm.com\/index.php\/wp-json\/wp\/v2\/media?parent=3693"}],"wp:term":[{"taxonomy":"category","embeddable":true,"href":"https:\/\/sp9kjm.com\/index.php\/wp-json\/wp\/v2\/categories?post=3693"},{"taxonomy":"post_tag","embeddable":true,"href":"https:\/\/sp9kjm.com\/index.php\/wp-json\/wp\/v2\/tags?post=3693"}],"curies":[{"name":"wp","href":"https:\/\/api.w.org\/{rel}","templated":true}]}}