{"id":3366,"date":"2021-07-06T17:53:56","date_gmt":"2021-07-06T15:53:56","guid":{"rendered":"https:\/\/sp9kjm.pl\/?p=3366"},"modified":"2021-07-08T19:27:20","modified_gmt":"2021-07-08T17:27:20","slug":"nasze-ostatnie-aktywnosci-klubowe","status":"publish","type":"post","link":"https:\/\/sp9kjm.com\/index.php\/2021\/07\/06\/nasze-ostatnie-aktywnosci-klubowe\/","title":{"rendered":"Nasze ostatnie aktywno\u015bci klubowe"},"content":{"rendered":"\n<p>&nbsp;&nbsp;&nbsp;&nbsp; Na pocz\u0105tek dobra informacja: w tegorocznych II Pr\u00f3bach Subregionalnych IARU 2021 w kategorii Multi Operator \u2013 LP 145 MHz klub nasz zaj\u0105\u0142 2 miejsce w kraju. To g\u0142\u00f3wnie zas\u0142uga naszego operatora klubowego <strong>Mateusza SQ9MLZ<\/strong>, kt\u00f3remu bardzo dzi\u0119kujemy.<\/p>\n\n\n\n<figure class=\"wp-block-image size-large\"><img loading=\"lazy\" decoding=\"async\" width=\"1024\" height=\"717\" src=\"https:\/\/sp9kjm.pl\/wp-content\/uploads\/2021\/07\/obraz_2021-07-06_173444-1024x717.png\" alt=\"\" class=\"wp-image-3367\" srcset=\"https:\/\/sp9kjm.com\/wp-content\/uploads\/2021\/07\/obraz_2021-07-06_173444-1024x717.png 1024w, https:\/\/sp9kjm.com\/wp-content\/uploads\/2021\/07\/obraz_2021-07-06_173444-300x210.png 300w, https:\/\/sp9kjm.com\/wp-content\/uploads\/2021\/07\/obraz_2021-07-06_173444-768x537.png 768w, https:\/\/sp9kjm.com\/wp-content\/uploads\/2021\/07\/obraz_2021-07-06_173444-429x300.png 429w, https:\/\/sp9kjm.com\/wp-content\/uploads\/2021\/07\/obraz_2021-07-06_173444.png 1206w\" sizes=\"auto, (max-width: 1024px) 100vw, 1024px\" \/><\/figure>\n\n\n\n<!--more-->\n\n\n\n<p>&nbsp;&nbsp;&nbsp;&nbsp;&nbsp; W poprzednim komunikacie klubowym wspomnia\u0142em o podsumowaniu kr\u00f3tkofalarskiej akcji dyplomowej zwi\u0105zanej&nbsp;z setn\u0105 rocznic\u0105 III Powstania \u015al\u0105skiego. Na podsumowaniu tym nie m\u00f3g\u0142 by\u0107 obecny operator stacji klubowej <strong>Miko\u0142aj SQ9PCO<\/strong>, kt\u00f3ry aktywnie bra\u0142 udzia\u0142 w tej akcji. Zatem Miko\u0142aju: masz do odebrania okoliczno\u015bciowy dyplom, kt\u00f3ry przeka\u017cemy Ci w czasie naszej aktywno\u015bci w Koniecpolu 16 lipca br.<\/p>\n\n\n\n<div class=\"wp-block-image\"><figure class=\"aligncenter size-large\"><img loading=\"lazy\" decoding=\"async\" width=\"402\" height=\"536\" src=\"https:\/\/sp9kjm.pl\/wp-content\/uploads\/2021\/07\/obraz_2021-07-06_173530.png\" alt=\"\" class=\"wp-image-3368\" srcset=\"https:\/\/sp9kjm.com\/wp-content\/uploads\/2021\/07\/obraz_2021-07-06_173530.png 402w, https:\/\/sp9kjm.com\/wp-content\/uploads\/2021\/07\/obraz_2021-07-06_173530-225x300.png 225w\" sizes=\"auto, (max-width: 402px) 100vw, 402px\" \/><\/figure><\/div>\n\n\n\n<p>&nbsp;&nbsp;&nbsp;&nbsp; Dzi\u0119kujemy r\u00f3wnie\u017c 14.letniemu Piotrkowi Le\u015bnikowi \u2013 synowi naszego klubowicza <strong>Miko\u0142aja SQ9PCO<\/strong>, kt\u00f3ry pod znakiem klubowym<strong> SP9KJM<\/strong> wzi\u0105\u0142 udzia\u0142 w tegorocznych zawodach kr\u00f3tkofalarskich na KF pod nazw\u0105 \u201eDzie\u0144 Dziecka\u201d i zdoby\u0142 dla naszego klubu 6 miejsce w kraju.&nbsp; Piotrek: zapraszamy Ci\u0119 do dalszego udzia\u0142u w zawodach, a za udzia\u0142 dzi\u0119kujemy.<\/p>\n\n\n\n<div class=\"wp-block-image\"><figure class=\"aligncenter size-large\"><img loading=\"lazy\" decoding=\"async\" width=\"218\" height=\"388\" src=\"https:\/\/sp9kjm.pl\/wp-content\/uploads\/2021\/07\/obraz_2021-07-06_173551.png\" alt=\"\" class=\"wp-image-3369\" srcset=\"https:\/\/sp9kjm.com\/wp-content\/uploads\/2021\/07\/obraz_2021-07-06_173551.png 218w, https:\/\/sp9kjm.com\/wp-content\/uploads\/2021\/07\/obraz_2021-07-06_173551-169x300.png 169w\" sizes=\"auto, (max-width: 218px) 100vw, 218px\" \/><\/figure><\/div>\n\n\n\n<p>&nbsp;&nbsp;&nbsp;&nbsp; Zgodnie z zapowiedzi\u0105, w ostatni\u0105 sobot\u0119 tj. 3 lipca br. od godziny 9.00 do 12.00 na terenie Domu Kultury \u201eChemik\u201d w Siemianowicach \u015al\u0105skich wznowili\u015bmy gie\u0142d\u0119 kr\u00f3tkofalarsk\u0105. Jak przewidywali\u015bmy, z uwagi na wakacje i okres urlopowy, nie spodziewali\u015bmy si\u0119 rekordowej liczby uczestnik\u00f3w, ale by\u0142 to eksperyment z naszej strony. Na gie\u0142dzie tej pojawi\u0142o si\u0119 \u0142\u0105cznie 11 os\u00f3b, ale nie by\u0142 to stracony czas. Jednym z pierwszych uczestnik\u00f3w gie\u0142dy okaza\u0142 si\u0119 <strong>Czarek SQ9JKA<\/strong>, kt\u00f3remu uda\u0142o si\u0119 pozby\u0107 niekt\u00f3rych staroci i znalaz\u0142 na nie nabywc\u00f3w. Pozostali koledzy te\u017c co\u015b sprzedali i kupili.<\/p>\n\n\n\n<div class=\"wp-block-image\"><figure class=\"aligncenter size-large\"><img loading=\"lazy\" decoding=\"async\" width=\"504\" height=\"378\" src=\"https:\/\/sp9kjm.pl\/wp-content\/uploads\/2021\/07\/obraz_2021-07-06_173625.png\" alt=\"\" class=\"wp-image-3370\" srcset=\"https:\/\/sp9kjm.com\/wp-content\/uploads\/2021\/07\/obraz_2021-07-06_173625.png 504w, https:\/\/sp9kjm.com\/wp-content\/uploads\/2021\/07\/obraz_2021-07-06_173625-300x225.png 300w, https:\/\/sp9kjm.com\/wp-content\/uploads\/2021\/07\/obraz_2021-07-06_173625-400x300.png 400w\" sizes=\"auto, (max-width: 504px) 100vw, 504px\" \/><figcaption>Od lewej: Sebastian SP9TDA nabywca ciekawej staroci, Czes\u0142aw SP9OJT i Czarek SQ9JKA<\/figcaption><\/figure><\/div>\n\n\n\n<p><\/p>\n\n\n\n<div class=\"wp-block-image\"><figure class=\"aligncenter size-large\"><img loading=\"lazy\" decoding=\"async\" width=\"521\" height=\"390\" src=\"https:\/\/sp9kjm.pl\/wp-content\/uploads\/2021\/07\/obraz_2021-07-06_173658.png\" alt=\"\" class=\"wp-image-3371\" srcset=\"https:\/\/sp9kjm.com\/wp-content\/uploads\/2021\/07\/obraz_2021-07-06_173658.png 521w, https:\/\/sp9kjm.com\/wp-content\/uploads\/2021\/07\/obraz_2021-07-06_173658-300x225.png 300w, https:\/\/sp9kjm.com\/wp-content\/uploads\/2021\/07\/obraz_2021-07-06_173658-401x300.png 401w\" sizes=\"auto, (max-width: 521px) 100vw, 521px\" \/><figcaption>Marek SP2NNO tkwi\u0105cy na posterunku<\/figcaption><\/figure><\/div>\n\n\n\n<p>&nbsp;&nbsp;&nbsp;&nbsp;&nbsp;&nbsp;&nbsp;&nbsp;&nbsp; Mimo ma\u0142ej frekwencji na gie\u0142dzie wykorzystali\u015bmy czas na integracj\u0119, jak te\u017c na wymian\u0119 do\u015bwiadcze\u0144 operatorskich i konstrukcyjnych. Swoimi do\u015bwiadczeniami konstruktorskimi podzieli\u0142 si\u0119 <strong>Marek SP2NNO<\/strong>, a zebrani z zainteresowaniem wys\u0142uchali jego ciekawych opowie\u015bci.<\/p>\n\n\n\n<div class=\"wp-block-image\"><figure class=\"aligncenter size-large\"><img loading=\"lazy\" decoding=\"async\" width=\"605\" height=\"340\" src=\"https:\/\/sp9kjm.pl\/wp-content\/uploads\/2021\/07\/obraz_2021-07-06_173734.png\" alt=\"\" class=\"wp-image-3372\" srcset=\"https:\/\/sp9kjm.com\/wp-content\/uploads\/2021\/07\/obraz_2021-07-06_173734.png 605w, https:\/\/sp9kjm.com\/wp-content\/uploads\/2021\/07\/obraz_2021-07-06_173734-300x169.png 300w, https:\/\/sp9kjm.com\/wp-content\/uploads\/2021\/07\/obraz_2021-07-06_173734-500x281.png 500w\" sizes=\"auto, (max-width: 605px) 100vw, 605px\" \/><figcaption>Od lewej: kandydat na kr\u00f3tkofalowca Zbyszek, Tadeusz SP9HQJ, Czarek SQ9OUJ, Zbyszek SP6RCK, Marek SP2NNO, Arek SQ9CI i W\u0142adek SP9LDS &#8211; zdj\u0119cie wykona\u0142 Sebastian SP9TDA<\/figcaption><\/figure><\/div>\n\n\n\n<p>&nbsp;&nbsp;&nbsp;&nbsp; R\u00f3wnie\u017c kolejny dzie\u0144 tj. niedziela 4 lipca br. &nbsp;by\u0142 dla naszego zespo\u0142u klubowego niezwykle pracowity, poniewa\u017c na terenie G\u00f3ry Siewierskiej wzi\u0119li\u015bmy udzia\u0142 w kolejnych Pr\u00f3bach Subregionalnych IARU 2021 w pa\u015bmie 145 MHz. Pracowali\u015bmy w kategorii LP (Low Power) i uda\u0142o si\u0119 zrobi\u0107 88 \u0142\u0105czno\u015bci ze stacjami krajowymi i europejskimi. Ale pocz\u0105tek by\u0142 dla nas pechowy. Mieli\u015bmy do dyspozycji 2 urz\u0105dzenia na UKF, z kt\u00f3rych jedno nie sprawdzi\u0142o si\u0119. W tej sytuacji skorzystali\u015bmy z drugiego urz\u0105dzenia i zmienili\u015bmy mikrofon na lepszy. Nie sprawdzi\u0142a si\u0119 r\u00f3wnie\u017c pierwsza, eksperymentalna antena, kt\u00f3r\u0105 musieli\u015bmy zamieni\u0107 na inn\u0105. Ale na takie niespodzianki jeste\u015bmy zawsze przygotowani i nie poddajemy si\u0119 \u2013 zawsze mamy rozwi\u0105zania alternatywne. I tym razem poradzili\u015bmy sobie.<\/p>\n\n\n\n<div class=\"wp-block-image\"><figure class=\"aligncenter size-large\"><img loading=\"lazy\" decoding=\"async\" width=\"401\" height=\"690\" src=\"https:\/\/sp9kjm.pl\/wp-content\/uploads\/2021\/07\/obraz_2021-07-06_173853.png\" alt=\"\" class=\"wp-image-3373\" srcset=\"https:\/\/sp9kjm.com\/wp-content\/uploads\/2021\/07\/obraz_2021-07-06_173853.png 401w, https:\/\/sp9kjm.com\/wp-content\/uploads\/2021\/07\/obraz_2021-07-06_173853-174x300.png 174w\" sizes=\"auto, (max-width: 401px) 100vw, 401px\" \/><figcaption>Ta antena nie sprawdzi\u0142a si\u0119 i musieli\u015bmy z niej zrezygnowa\u0107.<\/figcaption><\/figure><\/div>\n\n\n\n<div class=\"wp-block-image\"><figure class=\"aligncenter size-large\"><img loading=\"lazy\" decoding=\"async\" width=\"520\" height=\"390\" src=\"https:\/\/sp9kjm.pl\/wp-content\/uploads\/2021\/07\/obraz_2021-07-06_173910.png\" alt=\"\" class=\"wp-image-3374\" srcset=\"https:\/\/sp9kjm.com\/wp-content\/uploads\/2021\/07\/obraz_2021-07-06_173910.png 520w, https:\/\/sp9kjm.com\/wp-content\/uploads\/2021\/07\/obraz_2021-07-06_173910-300x225.png 300w, https:\/\/sp9kjm.com\/wp-content\/uploads\/2021\/07\/obraz_2021-07-06_173910-400x300.png 400w\" sizes=\"auto, (max-width: 520px) 100vw, 520px\" \/><figcaption>W zaistnia\u0142ej sytuacji musieli\u015bmy zmieni\u0107 anten\u0119 na inn\u0105 &#8211; 11-elementow\u0105 Yag\u0119. Od lewej: Sebastian SP9TDA, Krzysztof SQNIU i Mateusz SQ9MLZ \u2013 nasz klubowy guru w zakresie anten na UKF.<\/figcaption><\/figure><\/div>\n\n\n\n<div class=\"wp-block-image\"><figure class=\"aligncenter size-large\"><img loading=\"lazy\" decoding=\"async\" width=\"507\" height=\"380\" src=\"https:\/\/sp9kjm.pl\/wp-content\/uploads\/2021\/07\/obraz_2021-07-06_174035.png\" alt=\"\" class=\"wp-image-3375\" srcset=\"https:\/\/sp9kjm.com\/wp-content\/uploads\/2021\/07\/obraz_2021-07-06_174035.png 507w, https:\/\/sp9kjm.com\/wp-content\/uploads\/2021\/07\/obraz_2021-07-06_174035-300x225.png 300w, https:\/\/sp9kjm.com\/wp-content\/uploads\/2021\/07\/obraz_2021-07-06_174035-400x300.png 400w\" sizes=\"auto, (max-width: 507px) 100vw, 507px\" \/><figcaption>Antena zainstalowana i mo\u017cna przyst\u0105pi\u0107 do pracy.<\/figcaption><\/figure><\/div>\n\n\n\n<div class=\"wp-block-image\"><figure class=\"aligncenter size-large\"><img loading=\"lazy\" decoding=\"async\" width=\"390\" height=\"519\" src=\"https:\/\/sp9kjm.pl\/wp-content\/uploads\/2021\/07\/obraz_2021-07-06_174119.png\" alt=\"\" class=\"wp-image-3376\" srcset=\"https:\/\/sp9kjm.com\/wp-content\/uploads\/2021\/07\/obraz_2021-07-06_174119.png 390w, https:\/\/sp9kjm.com\/wp-content\/uploads\/2021\/07\/obraz_2021-07-06_174119-225x300.png 225w\" sizes=\"auto, (max-width: 390px) 100vw, 390px\" \/><figcaption>Rozpoczynamy prac\u0119 w zawodach.<\/figcaption><\/figure><\/div>\n\n\n\n<div class=\"wp-block-image\"><figure class=\"aligncenter size-large\"><img loading=\"lazy\" decoding=\"async\" width=\"527\" height=\"395\" src=\"https:\/\/sp9kjm.pl\/wp-content\/uploads\/2021\/07\/obraz_2021-07-06_174132.png\" alt=\"\" class=\"wp-image-3377\" srcset=\"https:\/\/sp9kjm.com\/wp-content\/uploads\/2021\/07\/obraz_2021-07-06_174132.png 527w, https:\/\/sp9kjm.com\/wp-content\/uploads\/2021\/07\/obraz_2021-07-06_174132-300x225.png 300w, https:\/\/sp9kjm.com\/wp-content\/uploads\/2021\/07\/obraz_2021-07-06_174132-400x300.png 400w\" sizes=\"auto, (max-width: 527px) 100vw, 527px\" \/><figcaption>Sebastian SP9TDA (z prawej) przyst\u0119puje do pracy w zawodach, a dzielnie wspiera go Marek SP2NNO.<\/figcaption><\/figure><\/div>\n\n\n\n<div class=\"wp-block-image\"><figure class=\"aligncenter size-large\"><img loading=\"lazy\" decoding=\"async\" width=\"542\" height=\"406\" src=\"https:\/\/sp9kjm.pl\/wp-content\/uploads\/2021\/07\/obraz_2021-07-06_174210.png\" alt=\"\" class=\"wp-image-3378\" srcset=\"https:\/\/sp9kjm.com\/wp-content\/uploads\/2021\/07\/obraz_2021-07-06_174210.png 542w, https:\/\/sp9kjm.com\/wp-content\/uploads\/2021\/07\/obraz_2021-07-06_174210-300x225.png 300w, https:\/\/sp9kjm.com\/wp-content\/uploads\/2021\/07\/obraz_2021-07-06_174210-400x300.png 400w\" sizes=\"auto, (max-width: 542px) 100vw, 542px\" \/><figcaption>Pracujemy na zmiany. Tym razem punkty zdobywa Mateusz SQ9MLZ wspierany przez Marka SP2NNO.<\/figcaption><\/figure><\/div>\n\n\n\n<div class=\"wp-block-image\"><figure class=\"aligncenter size-large\"><img loading=\"lazy\" decoding=\"async\" width=\"543\" height=\"407\" src=\"https:\/\/sp9kjm.pl\/wp-content\/uploads\/2021\/07\/obraz_2021-07-06_174233.png\" alt=\"\" class=\"wp-image-3379\" srcset=\"https:\/\/sp9kjm.com\/wp-content\/uploads\/2021\/07\/obraz_2021-07-06_174233.png 543w, https:\/\/sp9kjm.com\/wp-content\/uploads\/2021\/07\/obraz_2021-07-06_174233-300x225.png 300w, https:\/\/sp9kjm.com\/wp-content\/uploads\/2021\/07\/obraz_2021-07-06_174233-400x300.png 400w\" sizes=\"auto, (max-width: 543px) 100vw, 543px\" \/><figcaption>Mateusz SQ9MLZ w swoim \u017cywiole skutecznie wspierany logistycznie przez Marka SP2NNO.<\/figcaption><\/figure><\/div>\n\n\n\n<div class=\"wp-block-image\"><figure class=\"aligncenter size-large\"><img loading=\"lazy\" decoding=\"async\" width=\"545\" height=\"409\" src=\"https:\/\/sp9kjm.pl\/wp-content\/uploads\/2021\/07\/obraz_2021-07-06_174254.png\" alt=\"\" class=\"wp-image-3380\" srcset=\"https:\/\/sp9kjm.com\/wp-content\/uploads\/2021\/07\/obraz_2021-07-06_174254.png 545w, https:\/\/sp9kjm.com\/wp-content\/uploads\/2021\/07\/obraz_2021-07-06_174254-300x225.png 300w, https:\/\/sp9kjm.com\/wp-content\/uploads\/2021\/07\/obraz_2021-07-06_174254-400x300.png 400w\" sizes=\"auto, (max-width: 545px) 100vw, 545px\" \/><figcaption>Nie zapomnieli\u015bmy o strawie dla cia\u0142a. Marek SP2NNO zadba\u0142 o wy\u017cerk\u0119 grillow\u0105, kt\u00f3ra wszystkim smakowa\u0142a. Od lewej: Krzysztof SQ9NIU i Sebastian SP9TDA.<\/figcaption><\/figure><\/div>\n\n\n\n<p>&nbsp;&nbsp;&nbsp;&nbsp; Kiedy przyst\u0105pili\u015bmy do pracy w zawodach to obok nas zainstalowa\u0142 si\u0119 <strong>Tomek SP9TL<\/strong> i po rozwini\u0119ciu sprz\u0119tu przyst\u0105pi\u0142 do pracy na 14 MHz By\u0142 te\u017c czas na rozmowy i wymian\u0119 do\u015bwiadcze\u0144 operatorskich i konstrukcyjnych.<\/p>\n\n\n\n<div class=\"wp-block-image\"><figure class=\"aligncenter size-large\"><img loading=\"lazy\" decoding=\"async\" width=\"547\" height=\"330\" src=\"https:\/\/sp9kjm.pl\/wp-content\/uploads\/2021\/07\/obraz_2021-07-06_174825.png\" alt=\"\" class=\"wp-image-3381\" srcset=\"https:\/\/sp9kjm.com\/wp-content\/uploads\/2021\/07\/obraz_2021-07-06_174825.png 547w, https:\/\/sp9kjm.com\/wp-content\/uploads\/2021\/07\/obraz_2021-07-06_174825-300x181.png 300w, https:\/\/sp9kjm.com\/wp-content\/uploads\/2021\/07\/obraz_2021-07-06_174825-497x300.png 497w\" sizes=\"auto, (max-width: 547px) 100vw, 547px\" \/><figcaption>Stanowisko Tomka SP9TL.<\/figcaption><\/figure><\/div>\n\n\n\n<div class=\"wp-block-image\"><figure class=\"aligncenter size-large\"><img loading=\"lazy\" decoding=\"async\" width=\"291\" height=\"463\" src=\"https:\/\/sp9kjm.pl\/wp-content\/uploads\/2021\/07\/obraz_2021-07-06_174843.png\" alt=\"\" class=\"wp-image-3382\" srcset=\"https:\/\/sp9kjm.com\/wp-content\/uploads\/2021\/07\/obraz_2021-07-06_174843.png 291w, https:\/\/sp9kjm.com\/wp-content\/uploads\/2021\/07\/obraz_2021-07-06_174843-189x300.png 189w\" sizes=\"auto, (max-width: 291px) 100vw, 291px\" \/><figcaption>Tomek korzysta\u0142 z pionowej anteny typu Rybakow na KF.<\/figcaption><\/figure><\/div>\n\n\n\n<div class=\"wp-block-image\"><figure class=\"aligncenter size-large\"><img loading=\"lazy\" decoding=\"async\" width=\"311\" height=\"414\" src=\"https:\/\/sp9kjm.pl\/wp-content\/uploads\/2021\/07\/obraz_2021-07-06_205101.png\" alt=\"\" class=\"wp-image-3397\" srcset=\"https:\/\/sp9kjm.com\/wp-content\/uploads\/2021\/07\/obraz_2021-07-06_205101.png 311w, https:\/\/sp9kjm.com\/wp-content\/uploads\/2021\/07\/obraz_2021-07-06_205101-225x300.png 225w\" sizes=\"auto, (max-width: 311px) 100vw, 311px\" \/><figcaption>Tomek SP9TL na swoim stanowisku pracy.<\/figcaption><\/figure><\/div>\n\n\n\n<p>\u00a0\u00a0\u00a0\u00a0 A tak przy okazji: z tej aktywno\u015bci <strong>Tomek SP9TL<\/strong> nakr\u0119ci\u0142 ciekawy\u00a0film, na kt\u00f3rym przedstawi\u0142 nie tylko swoj\u0105 terenow\u0105 aktywno\u015b\u0107 radiow\u0105, ale r\u00f3wnie\u017c nasz\u0105 obecno\u015b\u0107 na G\u00f3rze Siewierskiej. Film ten mo\u017cna obejrze\u0107 na stronie: <a rel=\"noreferrer noopener\" href=\"https:\/\/www.youtube.com\/watch?v=DMD8V7L_qto\" target=\"_blank\">LINK<\/a><br>R\u00f3wnie\u017c i my nakr\u0119cili\u015bmy kr\u00f3tki film, kt\u00f3ry prezentujemy poni\u017cej:<\/p>\n\n\n\n<figure class=\"wp-block-embed aligncenter is-type-video is-provider-youtube wp-block-embed-youtube wp-embed-aspect-16-9 wp-has-aspect-ratio\"><div class=\"wp-block-embed__wrapper\">\n<iframe loading=\"lazy\" title=\"3 pr\u00f3by subregionalne IARU 2021 - SP9KJM\" width=\"584\" height=\"329\" src=\"https:\/\/www.youtube.com\/embed\/W98HGpsZmSk?feature=oembed\" frameborder=\"0\" allow=\"accelerometer; autoplay; clipboard-write; encrypted-media; gyroscope; picture-in-picture; web-share\" referrerpolicy=\"strict-origin-when-cross-origin\" allowfullscreen><\/iframe>\n<\/div><\/figure>\n\n\n\n<p>&nbsp;&nbsp;&nbsp;&nbsp; W godzinach popo\u0142udniowych odwiedzi\u0142 nas mieszkaniec G\u00f3ry Siewierskiej <strong>Marek SP9DYA<\/strong>, a potem by\u0142y d\u0142ugie Polak\u00f3w rozmowy.<\/p>\n\n\n\n<div class=\"wp-block-image\"><figure class=\"aligncenter size-large\"><img loading=\"lazy\" decoding=\"async\" width=\"481\" height=\"361\" src=\"https:\/\/sp9kjm.pl\/wp-content\/uploads\/2021\/07\/obraz_2021-07-06_175020.png\" alt=\"\" class=\"wp-image-3384\" srcset=\"https:\/\/sp9kjm.com\/wp-content\/uploads\/2021\/07\/obraz_2021-07-06_175020.png 481w, https:\/\/sp9kjm.com\/wp-content\/uploads\/2021\/07\/obraz_2021-07-06_175020-300x225.png 300w, https:\/\/sp9kjm.com\/wp-content\/uploads\/2021\/07\/obraz_2021-07-06_175020-400x300.png 400w\" sizes=\"auto, (max-width: 481px) 100vw, 481px\" \/><figcaption>Od lewej: Marek SP2NNO, Marek SP2DYA i Mateusz SQ9MLZ<\/figcaption><\/figure><\/div>\n\n\n\n<div class=\"wp-block-image\"><figure class=\"aligncenter size-large\"><img loading=\"lazy\" decoding=\"async\" width=\"474\" height=\"355\" src=\"https:\/\/sp9kjm.pl\/wp-content\/uploads\/2021\/07\/obraz_2021-07-06_175034.png\" alt=\"\" class=\"wp-image-3385\" srcset=\"https:\/\/sp9kjm.com\/wp-content\/uploads\/2021\/07\/obraz_2021-07-06_175034.png 474w, https:\/\/sp9kjm.com\/wp-content\/uploads\/2021\/07\/obraz_2021-07-06_175034-300x225.png 300w, https:\/\/sp9kjm.com\/wp-content\/uploads\/2021\/07\/obraz_2021-07-06_175034-401x300.png 401w\" sizes=\"auto, (max-width: 474px) 100vw, 474px\" \/><figcaption>Od lewej: Tadeusz SP9HQJ i Marek SP9DYA.<\/figcaption><\/figure><\/div>\n\n\n\n<p>&nbsp;&nbsp;&nbsp;&nbsp; Podsumowuj\u0105c nasz udzia\u0142 w zawodach nale\u017cy stwierdzi\u0107, \u017ce gdyby\u015bmy pracowali QRO to pewnie mieliby\u015bmy lepsze wyniki. A pracowali\u015bmy zaledwie moc\u0105 15 Wat\u00f3w, mimo to, uda\u0142o si\u0119 przeprowadzi\u0107 88 \u0142\u0105czno\u015bci, g\u0142\u00f3wnie z krajami po\u0142udniowoeuropejskimi. Najdalsza stacja to<strong> IQ5NN<\/strong> \u2013 odleg\u0142o\u015b\u0107 920 kilometr\u00f3w. To nasz rekord na LP. Teraz poczekamy na oficjalne wyniki.<\/p>\n\n\n\n<div class=\"wp-block-image\"><figure class=\"aligncenter size-large\"><img loading=\"lazy\" decoding=\"async\" width=\"423\" height=\"511\" src=\"https:\/\/sp9kjm.pl\/wp-content\/uploads\/2021\/07\/obraz_2021-07-06_175114.png\" alt=\"\" class=\"wp-image-3386\" srcset=\"https:\/\/sp9kjm.com\/wp-content\/uploads\/2021\/07\/obraz_2021-07-06_175114.png 423w, https:\/\/sp9kjm.com\/wp-content\/uploads\/2021\/07\/obraz_2021-07-06_175114-248x300.png 248w\" sizes=\"auto, (max-width: 423px) 100vw, 423px\" \/><figcaption>Mapa \u0142\u0105czno\u015bci.<\/figcaption><\/figure><\/div>\n\n\n\n<p>&nbsp;&nbsp;&nbsp;&nbsp; Co nas czeka w najbli\u017cszej przysz\u0142o\u015bci? W pi\u0105tek tj. 16 lipca b\u0119dziemy aktywni na terenie Domu Kultury w Koniecpolu, gdzie zapewnimy uczestnikom kolonii letniej pokaz naszej aktywno\u015bci tj. prac\u0119 na UKF, a jak si\u0119 uda rozwin\u0105\u0107 anten\u0119 to mo\u017ce i na KF, a tak\u017ce mini zawody radioorientacji sportowej i inne dyscypliny. O przedsi\u0119wzi\u0119ciu tym pokazuje okoliczno\u015bciowe og\u0142oszenie opracowane przez 14.letniego <strong>Piotra Le\u015bniaka<\/strong>, <strong>syna Miko\u0142aja SQ9PCO<\/strong>.<\/p>\n\n\n\n<div class=\"wp-block-image\"><figure class=\"aligncenter size-large\"><img loading=\"lazy\" decoding=\"async\" width=\"480\" height=\"320\" src=\"https:\/\/sp9kjm.pl\/wp-content\/uploads\/2021\/07\/obraz_2021-07-06_175218.png\" alt=\"\" class=\"wp-image-3387\" srcset=\"https:\/\/sp9kjm.com\/wp-content\/uploads\/2021\/07\/obraz_2021-07-06_175218.png 480w, https:\/\/sp9kjm.com\/wp-content\/uploads\/2021\/07\/obraz_2021-07-06_175218-300x200.png 300w, https:\/\/sp9kjm.com\/wp-content\/uploads\/2021\/07\/obraz_2021-07-06_175218-450x300.png 450w\" sizes=\"auto, (max-width: 480px) 100vw, 480px\" \/><\/figure><\/div>\n\n\n\n<p>&nbsp;&nbsp;&nbsp;&nbsp; Poza obecno\u015bci\u0105 w Koniecpolu we\u017amiemy udzia\u0142 w najbli\u017cszych mi\u0119dzynarodowych zawodach IARU Championship 2021 \u2013 nieoficjalnych mistrzostwach \u015bwiata narodowych zwi\u0105zk\u00f3w kr\u00f3tkofalarskich. Naszym g\u0142\u00f3wnym zadaniem b\u0119dzie, poza typowymi \u0142\u0105czno\u015bciami z korespondentami z ca\u0142ego \u015bwiata, nawi\u0105zanie \u0142\u0105czno\u015bci ze stacjami <strong>Zespo\u0142u SN0HQ<\/strong>, kt\u00f3ry rok temu uzyska\u0142 3 miejsce na \u015bwiecie. Mo\u017ce w tym roku Zespo\u0142owi uda si\u0119 wywalczy\u0107 lepsze miejsce. Regulamin zawod\u00f3w znajduje si\u0119 na stronie: <a href=\"http:\/\/sn0hq.org.pl\/regulamin.php\" target=\"_blank\" rel=\"noreferrer noopener\"><strong>http:\/\/sn0hq.org.pl\/regulamin.php<\/strong><\/a><\/p>\n\n\n\n<div class=\"wp-block-image\"><figure class=\"aligncenter size-large\"><img loading=\"lazy\" decoding=\"async\" width=\"433\" height=\"325\" src=\"https:\/\/sp9kjm.pl\/wp-content\/uploads\/2021\/07\/obraz_2021-07-06_175253.png\" alt=\"\" class=\"wp-image-3388\" srcset=\"https:\/\/sp9kjm.com\/wp-content\/uploads\/2021\/07\/obraz_2021-07-06_175253.png 433w, https:\/\/sp9kjm.com\/wp-content\/uploads\/2021\/07\/obraz_2021-07-06_175253-300x225.png 300w, https:\/\/sp9kjm.com\/wp-content\/uploads\/2021\/07\/obraz_2021-07-06_175253-400x300.png 400w\" sizes=\"auto, (max-width: 433px) 100vw, 433px\" \/><figcaption>Tak wygl\u0105da umiejscowienie stacji Zespo\u0142u SN0HQ w kraju.<\/figcaption><\/figure><\/div>\n\n\n\n<p><strong>Info: Tadeusz SP9HQJ<\/strong><\/p>\n\n\n\n<p><strong>Zdj\u0119cia: SP9HQJ, SQ9NIU, SP9TDA, SP9TL<\/strong><\/p>\n","protected":false},"excerpt":{"rendered":"<p>&nbsp;&nbsp;&nbsp;&nbsp; Na pocz\u0105tek dobra informacja: w tegorocznych II Pr\u00f3bach Subregionalnych IARU 2021 w kategorii Multi Operator \u2013 LP 145 MHz klub nasz zaj\u0105\u0142 2 miejsce w kraju. To g\u0142\u00f3wnie zas\u0142uga naszego operatora klubowego Mateusza SQ9MLZ, kt\u00f3remu bardzo dzi\u0119kujemy.<\/p>\n","protected":false},"author":5,"featured_media":0,"comment_status":"closed","ping_status":"closed","sticky":false,"template":"","format":"standard","meta":{"c2c-post-author-ip":"","footnotes":""},"categories":[38,34],"tags":[],"class_list":["post-3366","post","type-post","status-publish","format-standard","hentry","category-latest-news","category-news"],"_links":{"self":[{"href":"https:\/\/sp9kjm.com\/index.php\/wp-json\/wp\/v2\/posts\/3366","targetHints":{"allow":["GET"]}}],"collection":[{"href":"https:\/\/sp9kjm.com\/index.php\/wp-json\/wp\/v2\/posts"}],"about":[{"href":"https:\/\/sp9kjm.com\/index.php\/wp-json\/wp\/v2\/types\/post"}],"author":[{"embeddable":true,"href":"https:\/\/sp9kjm.com\/index.php\/wp-json\/wp\/v2\/users\/5"}],"replies":[{"embeddable":true,"href":"https:\/\/sp9kjm.com\/index.php\/wp-json\/wp\/v2\/comments?post=3366"}],"version-history":[{"count":10,"href":"https:\/\/sp9kjm.com\/index.php\/wp-json\/wp\/v2\/posts\/3366\/revisions"}],"predecessor-version":[{"id":3401,"href":"https:\/\/sp9kjm.com\/index.php\/wp-json\/wp\/v2\/posts\/3366\/revisions\/3401"}],"wp:attachment":[{"href":"https:\/\/sp9kjm.com\/index.php\/wp-json\/wp\/v2\/media?parent=3366"}],"wp:term":[{"taxonomy":"category","embeddable":true,"href":"https:\/\/sp9kjm.com\/index.php\/wp-json\/wp\/v2\/categories?post=3366"},{"taxonomy":"post_tag","embeddable":true,"href":"https:\/\/sp9kjm.com\/index.php\/wp-json\/wp\/v2\/tags?post=3366"}],"curies":[{"name":"wp","href":"https:\/\/api.w.org\/{rel}","templated":true}]}}