{"id":3343,"date":"2021-06-28T18:18:52","date_gmt":"2021-06-28T16:18:52","guid":{"rendered":"https:\/\/sp9kjm.pl\/?p=3343"},"modified":"2021-06-29T20:52:35","modified_gmt":"2021-06-29T18:52:35","slug":"najnowsze-informacje-klubowe","status":"publish","type":"post","link":"https:\/\/sp9kjm.com\/index.php\/2021\/06\/28\/najnowsze-informacje-klubowe\/","title":{"rendered":"Najnowsze informacje klubowe"},"content":{"rendered":"\n<p>W ostatni\u0105 \u015brod\u0119 tj. 23 czerwca br. o godz. 10.00 w Zarz\u0105dzie Wojew\u00f3dzkim LOK w Katowicach przy ulicy Grabowej 3a odby\u0142a si\u0119 odprawa z prezesami 3 \u015bl\u0105skich LOK-owskich klub\u00f3w kr\u00f3tkofalarskich. Odpraw\u0119 przeprowadzi\u0142 prezes ZW LOK<strong> Leszek SP9WZR<\/strong>, a wzi\u0119li w nich udzia\u0142: <strong>Czes\u0142aw SP9FZU<\/strong> \u2013 prezes gliwickiego klubu <strong>SP9KAG<\/strong>, <strong>Robert SQ9FMU<\/strong> \u2013 prezes tarnog\u00f3rskiego klubu <strong>SP9KDU<\/strong> i <strong>Tadeusz SP9HQJ<\/strong> \u2013 prezes siemianowickiego klubu <strong>SP9KJM<\/strong>. G\u0142\u00f3wnym tematem odprawy by\u0142o pobudzenie klub\u00f3w do wi\u0119kszej aktywno\u015bci, uzgodnienie dzia\u0142a\u0144 g\u0142\u00f3wnie w zakresie udzia\u0142u w zawodach krajowych i mi\u0119dzynarodowych, jak te\u017c innych aspekt\u00f3w aktywno\u015bci klubowych. Uzgodniono plan zamierze\u0144 na najbli\u017csze miesi\u0105ce. O szczeg\u00f3\u0142ach napiszemy w nast\u0119pnym komunikacie klubowym.<\/p>\n\n\n\n<!--more-->\n\n\n\n<div class=\"wp-block-image\"><figure class=\"aligncenter size-large\"><img loading=\"lazy\" decoding=\"async\" width=\"605\" height=\"453\" src=\"https:\/\/sp9kjm.pl\/wp-content\/uploads\/2021\/06\/obraz_2021-06-28_174724.png\" alt=\"\" class=\"wp-image-3344\" srcset=\"https:\/\/sp9kjm.com\/wp-content\/uploads\/2021\/06\/obraz_2021-06-28_174724.png 605w, https:\/\/sp9kjm.com\/wp-content\/uploads\/2021\/06\/obraz_2021-06-28_174724-300x225.png 300w, https:\/\/sp9kjm.com\/wp-content\/uploads\/2021\/06\/obraz_2021-06-28_174724-401x300.png 401w\" sizes=\"auto, (max-width: 605px) 100vw, 605px\" \/><figcaption>Od lewej: Tadeusz SP9HQJ, Czes\u0142aw SP9FZU, Leszek SP9WZR i Robert SQ9FMU<\/figcaption><\/figure><\/div>\n\n\n\n<p>&nbsp;&nbsp;&nbsp;&nbsp; Kolejna dobra informacja to: powracamy do gie\u0142d kr\u00f3tkofalarskich. Decyzja o przywr\u00f3ceniu gie\u0142d by\u0142a wynikiem oczekiwa\u0144 ze strony \u015bl\u0105skiego \u015brodowiska kr\u00f3tkofalarskiego, pasjonat\u00f3w techniki radiowej, kolekcjoner\u00f3w sprz\u0119tu radiowego&nbsp;oraz kierownictwa Domu Kultury \u201eChemik\u201d w Siemianowicach \u015al. Uwzgl\u0119dniaj\u0105c te sugestie i oczekiwania Zarz\u0105d klubu<strong> SP9KJM<\/strong> w Siemianowicach \u015al. podj\u0105\u0142 decyzj\u0119, \u017ce najbli\u017csza gie\u0142da odb\u0119dzie si\u0119 w sobot\u0119 tj. 3 lipca 2021 r. w Domu Kultury \u201eChemik\u201d przy ulicy Niepodleg\u0142o\u015bci 51 w Siemianowicach \u015al\u0105skich.&nbsp;Je\u015bli b\u0119dzie odpowiednia frekwencja i je\u015bli nie b\u0119dzie nowych obostrze\u0144 covidowych to gie\u0142dy b\u0119d\u0105 si\u0119 odbywa\u0107 w  ka\u017cd\u0105 pierwsz\u0105 sobot\u0119 miesi\u0105ca. Zapraszamy zatem wszystkich ch\u0119tnych na wznowion\u0105 gie\u0142d\u0119 kr\u00f3tkofalarsk\u0105.<\/p>\n\n\n\n<p>&nbsp;&nbsp;&nbsp;&nbsp; Mi\u0142\u0105 niespodziank\u0119 sprawi\u0142 nam syn naszego klubowicza <strong>Miko\u0142aja SQ9PCO<\/strong> 15.letni Piotrek, kt\u00f3ry dla naszego klubu zdoby\u0142 okoliczno\u015bciowy dyplom prezentowany poni\u017cej. Dzi\u0119kujemy.<\/p>\n\n\n\n<div class=\"wp-block-image\"><figure class=\"aligncenter size-large\"><img loading=\"lazy\" decoding=\"async\" width=\"364\" height=\"508\" src=\"https:\/\/sp9kjm.pl\/wp-content\/uploads\/2021\/06\/obraz_2021-06-28_174815.png\" alt=\"\" class=\"wp-image-3345\" srcset=\"https:\/\/sp9kjm.com\/wp-content\/uploads\/2021\/06\/obraz_2021-06-28_174815.png 364w, https:\/\/sp9kjm.com\/wp-content\/uploads\/2021\/06\/obraz_2021-06-28_174815-215x300.png 215w\" sizes=\"auto, (max-width: 364px) 100vw, 364px\" \/><\/figure><\/div>\n\n\n\n<p>&nbsp;&nbsp;&nbsp;&nbsp; W ostatni\u0105 niedziel\u0119 tj. 27 czerwca br. w Muzeum Powsta\u0144 \u015al\u0105skich w \u015awi\u0119toch\u0142owicach odby\u0142o si\u0119, zorganizowane przez Zarz\u0105d \u015al\u0105skiego OT PZK w Katowicach,&nbsp; podsumowanie akcji dyplomowej zwi\u0105zanej 100. Rocznic\u0105 III Powstania \u015al\u0105skiego, w kt\u00f3rym wzi\u0119li udzia\u0142 przedstawiciele klub\u00f3w bior\u0105cych udzia\u0142 a tej akcji. Siemianowicki klub <strong>SP9KJM<\/strong> reprezentowali: <strong>Tadeusz SP9HQJ<\/strong> i <strong>Sebastian SP9TDA<\/strong>. Uhonorowano kluby i operator\u00f3w bior\u0105cych udzia\u0142 w ostatniej akcji dyplomowej, ale r\u00f3wnie\u017c za udzia\u0142 w trzech akcjach dyplomach zwi\u0105zanych z Powstaniami \u015al\u0105skimi. R\u00f3wnie\u017c nasz klub zosta\u0142 uhonorowany okoliczno\u015bciowym grawertonem, a operatorzy otrzymali okoliczno\u015bciowe dyplomy. Wszyscy uczestnicy spotkania otrzymali prezenty w postaci okoliczno\u015bciowych kubk\u00f3w oraz materia\u0142\u00f3w promocyjnych Muzeum. Dzi\u0119kujemy naszym operatorom klubowym za aktywno\u015b\u0107 w akcji dyplomowej.<\/p>\n\n\n\n<p>Poni\u017cej kilka zdj\u0119\u0107 obrazuj\u0105cych to wydarzenie.<\/p>\n\n\n\n<div class=\"wp-block-image\"><figure class=\"aligncenter size-large\"><img loading=\"lazy\" decoding=\"async\" width=\"474\" height=\"266\" src=\"https:\/\/sp9kjm.pl\/wp-content\/uploads\/2021\/06\/obraz_2021-06-28_175100.png\" alt=\"\" class=\"wp-image-3346\" srcset=\"https:\/\/sp9kjm.com\/wp-content\/uploads\/2021\/06\/obraz_2021-06-28_175100.png 474w, https:\/\/sp9kjm.com\/wp-content\/uploads\/2021\/06\/obraz_2021-06-28_175100-300x168.png 300w\" sizes=\"auto, (max-width: 474px) 100vw, 474px\" \/><figcaption>Muzeum Powsta\u0144 \u015al\u0105skich w \u015awi\u0119toch\u0142owicach przy ulicy Wiktora Polaka 1.<\/figcaption><\/figure><\/div>\n\n\n\n<div class=\"wp-block-image\"><figure class=\"aligncenter size-large\"><img loading=\"lazy\" decoding=\"async\" width=\"472\" height=\"265\" src=\"https:\/\/sp9kjm.pl\/wp-content\/uploads\/2021\/06\/image-2.png\" alt=\"\" class=\"wp-image-3347\" srcset=\"https:\/\/sp9kjm.com\/wp-content\/uploads\/2021\/06\/image-2.png 472w, https:\/\/sp9kjm.com\/wp-content\/uploads\/2021\/06\/image-2-300x168.png 300w\" sizes=\"auto, (max-width: 472px) 100vw, 472px\" \/><figcaption>Od lewej: Jacek SP6BPK, Mariusz SP6YG, Janek SP9DLY, Alfred SP9CTW, Marek SP9HTY i Artur SQ9BDB<\/figcaption><\/figure><\/div>\n\n\n\n<div class=\"wp-block-image\"><figure class=\"aligncenter size-large\"><img loading=\"lazy\" decoding=\"async\" width=\"472\" height=\"259\" src=\"https:\/\/sp9kjm.pl\/wp-content\/uploads\/2021\/06\/image-3.png\" alt=\"\" class=\"wp-image-3348\" srcset=\"https:\/\/sp9kjm.com\/wp-content\/uploads\/2021\/06\/image-3.png 472w, https:\/\/sp9kjm.com\/wp-content\/uploads\/2021\/06\/image-3-300x165.png 300w\" sizes=\"auto, (max-width: 472px) 100vw, 472px\" \/><figcaption>Od lewej: Marek SP9HTY, Alfred SP9CTW, Marcin SQ9ITA, Monika SP9CZ, Bronek SP9WZJ, Sebastian SP9TDA<\/figcaption><\/figure><\/div>\n\n\n\n<div class=\"wp-block-image\"><figure class=\"aligncenter size-large\"><img loading=\"lazy\" decoding=\"async\" width=\"443\" height=\"286\" src=\"https:\/\/sp9kjm.pl\/wp-content\/uploads\/2021\/06\/obraz_2021-06-28_175208.png\" alt=\"\" class=\"wp-image-3349\" srcset=\"https:\/\/sp9kjm.com\/wp-content\/uploads\/2021\/06\/obraz_2021-06-28_175208.png 443w, https:\/\/sp9kjm.com\/wp-content\/uploads\/2021\/06\/obraz_2021-06-28_175208-300x194.png 300w\" sizes=\"auto, (max-width: 443px) 100vw, 443px\" \/><figcaption>Od lewej: Robert SQ9FMU, Hubert SP9MDY i Marek SP9HTY<\/figcaption><\/figure><\/div>\n\n\n\n<div class=\"wp-block-image\"><figure class=\"aligncenter size-large\"><img loading=\"lazy\" decoding=\"async\" width=\"452\" height=\"254\" src=\"https:\/\/sp9kjm.pl\/wp-content\/uploads\/2021\/06\/obraz_2021-06-28_175223.png\" alt=\"\" class=\"wp-image-3350\" srcset=\"https:\/\/sp9kjm.com\/wp-content\/uploads\/2021\/06\/obraz_2021-06-28_175223.png 452w, https:\/\/sp9kjm.com\/wp-content\/uploads\/2021\/06\/obraz_2021-06-28_175223-300x169.png 300w\" sizes=\"auto, (max-width: 452px) 100vw, 452px\" \/><figcaption>Wr\u0119czenie okoliczno\u015bciowego grawertonu dyrektor Muzeum Iwonie Szopie przez SP9HQJ i SP9HTY<\/figcaption><\/figure><\/div>\n\n\n\n<div class=\"wp-block-image\"><figure class=\"aligncenter size-large\"><img loading=\"lazy\" decoding=\"async\" width=\"458\" height=\"257\" src=\"https:\/\/sp9kjm.pl\/wp-content\/uploads\/2021\/06\/obraz_2021-06-28_175240.png\" alt=\"\" class=\"wp-image-3351\" srcset=\"https:\/\/sp9kjm.com\/wp-content\/uploads\/2021\/06\/obraz_2021-06-28_175240.png 458w, https:\/\/sp9kjm.com\/wp-content\/uploads\/2021\/06\/obraz_2021-06-28_175240-300x168.png 300w\" sizes=\"auto, (max-width: 458px) 100vw, 458px\" \/><figcaption>Wr\u0119czenie okoliczno\u015bciowego grawertonu instruktorce Muzeum Agnieszce Pietron<\/figcaption><\/figure><\/div>\n\n\n\n<div class=\"wp-block-image\"><figure class=\"aligncenter size-large\"><img loading=\"lazy\" decoding=\"async\" width=\"348\" height=\"248\" src=\"https:\/\/sp9kjm.pl\/wp-content\/uploads\/2021\/06\/image-4.png\" alt=\"\" class=\"wp-image-3353\" srcset=\"https:\/\/sp9kjm.com\/wp-content\/uploads\/2021\/06\/image-4.png 348w, https:\/\/sp9kjm.com\/wp-content\/uploads\/2021\/06\/image-4-300x214.png 300w\" sizes=\"auto, (max-width: 348px) 100vw, 348px\" \/><figcaption>Okoliczno\u015bciowy grawerton przyznany klubowi SP9KJM<\/figcaption><\/figure><\/div>\n\n\n\n<p>&nbsp;&nbsp;&nbsp;&nbsp; Po cz\u0119\u015bci oficjalnej uczestnicy spotkania mieli okazj\u0119 zwiedzi\u0107 eksponaty Muzeum w postaci zdj\u0119\u0107, gad\u017cet\u00f3w powsta\u0144czych oraz obejrze\u0107 ciekawe filmy przybli\u017caj\u0105ce problematyk\u0119 powsta\u0144 \u015bl\u0105skich.<\/p>\n\n\n\n<div class=\"wp-block-image\"><figure class=\"aligncenter size-large\"><img loading=\"lazy\" decoding=\"async\" width=\"422\" height=\"237\" src=\"https:\/\/sp9kjm.pl\/wp-content\/uploads\/2021\/06\/obraz_2021-06-28_175340.png\" alt=\"\" class=\"wp-image-3354\" srcset=\"https:\/\/sp9kjm.com\/wp-content\/uploads\/2021\/06\/obraz_2021-06-28_175340.png 422w, https:\/\/sp9kjm.com\/wp-content\/uploads\/2021\/06\/obraz_2021-06-28_175340-300x168.png 300w\" sizes=\"auto, (max-width: 422px) 100vw, 422px\" \/><figcaption>W jednej z sal Muzeum<\/figcaption><\/figure><\/div>\n\n\n\n<div class=\"wp-block-image\"><figure class=\"aligncenter size-large\"><img loading=\"lazy\" decoding=\"async\" width=\"419\" height=\"235\" src=\"https:\/\/sp9kjm.pl\/wp-content\/uploads\/2021\/06\/obraz_2021-06-28_175359.png\" alt=\"\" class=\"wp-image-3355\" srcset=\"https:\/\/sp9kjm.com\/wp-content\/uploads\/2021\/06\/obraz_2021-06-28_175359.png 419w, https:\/\/sp9kjm.com\/wp-content\/uploads\/2021\/06\/obraz_2021-06-28_175359-300x168.png 300w\" sizes=\"auto, (max-width: 419px) 100vw, 419px\" \/><figcaption>Niemiecki&nbsp; pojazd pancerny. Na pierwszym planie Jurek SP5GEO.<\/figcaption><\/figure><\/div>\n\n\n\n<div class=\"wp-block-image\"><figure class=\"aligncenter size-large\"><img loading=\"lazy\" decoding=\"async\" width=\"400\" height=\"300\" src=\"https:\/\/sp9kjm.pl\/wp-content\/uploads\/2021\/06\/obraz_2021-06-28_175421.png\" alt=\"\" class=\"wp-image-3356\" srcset=\"https:\/\/sp9kjm.com\/wp-content\/uploads\/2021\/06\/obraz_2021-06-28_175421.png 400w, https:\/\/sp9kjm.com\/wp-content\/uploads\/2021\/06\/obraz_2021-06-28_175421-300x225.png 300w\" sizes=\"auto, (max-width: 400px) 100vw, 400px\" \/><figcaption>Fragment wirtualnego Muzeum<\/figcaption><\/figure><\/div>\n\n\n\n<hr class=\"wp-block-separator\"\/>\n\n\n\n<p><strong>&nbsp;&nbsp;&nbsp;&nbsp; Wa\u017cniejsze zawody krajowe KF w lipcu \u2013 <\/strong>kalendarz i regulaminy zawod\u00f3w znajduj\u0105 si\u0119 na stronie<strong>: <\/strong><a href=\"https:\/\/logsp.pzk.org.pl\/?page=contests\" target=\"_blank\" rel=\"noreferrer noopener\">https:\/\/logsp.pzk.org.pl\/?page=contests<\/a> Wa\u017cniejsze zawody to:<\/p>\n\n\n\n<ol class=\"wp-block-list\" type=\"1\"><li>07.07.2021 \u2013 \u015broda, godz. 7.00 \u2013 Si\u00f3demka na Si\u00f3demce \u2013 40m. \u2013 CW\/SSB \u2013 Organizator: \u0141\u00f3dzki OT PZK.<\/li><li>16.07.2021 \u2013 pi\u0105tek, godz. 16.00 \u2013 Zawody Grunwaldzkie \u2013 80m. SSB \u2013 Organizator: ZHP \u2013 HK\u0141 <strong>SP4SHT<\/strong>, HK\u0141 <strong>SP5ZIP<\/strong>, FK\u0141 <strong>SP2ZHJ<\/strong>.<\/li><li>17.07.2021 \u2013 sobota, godz. 5.00 \u2013 Lubelski Lipiec 1980. Organizator: Lubelski OT PZK.<\/li><\/ol>\n\n\n\n<p><strong>&nbsp;&nbsp;&nbsp;&nbsp; Wa\u017cniejsze zawody na UKF:<\/strong><\/p>\n\n\n\n<ol class=\"wp-block-list\" type=\"1\"><li>3-4 lipca 2021, 14.00 UTC &#8211; sobota start 24H; Pr\u00f3by Subregionalne, 50\/70 144 432 i mikrofale.<\/li><li>CQ VHF \u2013 17-18 lipca 2021, godz. 18.00 <a href=\"https:\/\/www.cqww-vhf.com\/index.htm%2050%20i%20144\" target=\"_blank\" rel=\"noreferrer noopener\">https:\/\/www.cqww-vhf.com\/index.htm 50 i 144<\/a>.<\/li><\/ol>\n\n\n\n<p>&nbsp;&nbsp;&nbsp;&nbsp; Najwa\u017cniejsze zawody mi\u0119dzynarodowe w lipcu to IARU HF World Championship trwaj\u0105ce w dniach 10-11.07.2021 od godz.12.00. W zawodach tych nale\u017cy wzi\u0105\u0107 udzia\u0142 i nawi\u0105zywa\u0107 \u0142\u0105czno\u015bci ze stacjami <strong>SN0HQ<\/strong>.<\/p>\n\n\n\n<hr class=\"wp-block-separator\"\/>\n\n\n\n<p>\u00a0\u00a0\u00a0\u00a0 <strong><strong>Informuj\u0119 r\u00f3wnie\u017c, i\u017c w czasie wakacji tj. od 1 lipca do 31 sierpnia br. klub b\u0119dzie czynny w ka\u017cd\u0105 \u015brod\u0119 od godziny 16.00 do 18.00, a w zale\u017cno\u015bci od potrzeb do godz. 19.00.<\/strong><\/strong><\/p>\n\n\n\n<hr class=\"wp-block-separator\"\/>\n\n\n\n<p><strong>Kolejna informacja: <\/strong>na stronie \u015al\u0105skiego Oddzia\u0142u Terenowego PZK w Katowicach tj.<a href=\"http:\/\/pzk.katowice.pl\/index.php?news&amp;nid=203\" target=\"_blank\" rel=\"noreferrer noopener\">http:\/\/pzk.katowice.pl\/index.php?news&amp;nid=203<\/a> czytamy:<\/p>\n\n\n\n<div class=\"wp-block-image\"><figure class=\"aligncenter size-large\"><img loading=\"lazy\" decoding=\"async\" width=\"120\" height=\"130\" src=\"https:\/\/sp9kjm.pl\/wp-content\/uploads\/2021\/06\/obraz_2021-06-28_175815.png\" alt=\"\" class=\"wp-image-3358\"\/><\/figure><\/div>\n\n\n\n<p>Wszystkich zainteresowanych, kt\u00f3rzy jak co roku chc\u0105 sp\u0119dzi\u0107 mile czas w gronie kole\u017canek, koleg\u00f3w i przyjaci\u00f3\u0142 b\u0119d\u0105cych pasjonatami radia i fal eteru serdecznie zapraszamy do Zarzecza nad Jeziorem \u017bywieckim. Zmieniamy miejsce i termin corocznego Pikniku Eterowego. Z Koniakowa i Kubalonki przenosimy si\u0119 nad Jezioro \u017bywieckie do Szkolnego Schroniska M\u0142odzie\u017cowego w Zarzeczu. Pi\u0119knie po\u0142o\u017cony obiekt jest we w\u0142adaniu Starostwa Powiatowego w \u017bywcu, pod kt\u00f3rego patronatem funkcjonuje <strong>\u017bywiecki Klub Kr\u00f3tkofalowc\u00f3w<\/strong> <strong>SP9PSB<\/strong>. Spotykamy si\u0119 w pi\u0105tek 27 sierpnia na spotkaniu integracyjnym przy ognisku. Sobotni program og\u0142osimy w p\u00f3\u017aniejszym terminie. Ko\u0144czymy XVI Piknik Eterowy w niedziele 29 sierpnia tu\u017c po \u015bniadaniu.<\/p>\n\n\n\n<p><br>Wszystkie informacje dotycz\u0105ce zakwaterowania oraz dane kontaktowe Szkolnego Schroniska M\u0142odzie\u017cowego Zarzecze dost\u0119pne s\u0105 na stronie <a href=\"https:\/\/ssmzarzecze.pl\" target=\"_blank\" rel=\"noreferrer noopener\">https:\/\/ssmzarzecze.pl<\/a><\/p>\n\n\n\n<p>Dost\u0119pne s\u0105 noclegi:<\/p>\n\n\n\n<ul class=\"wp-block-list\"><li>w domkach campingowych typu &#8222;Brda&#8221; \u2013 9-cio osobowe<\/li><\/ul>\n\n\n\n<ul class=\"wp-block-list\"><li>w domku rodzinnym &#8222;Beskidek &#8221; -7- osobowy<\/li><\/ul>\n\n\n\n<ul class=\"wp-block-list\"><li>noclegi w Centrum Konferencyjno\u2013Wypoczynkowym: pokoje 2 i 3 osobowe<\/li><\/ul>\n\n\n\n<ul class=\"wp-block-list\"><li>miejsce pod przyczepy kempingowe i kampery<\/li><\/ul>\n\n\n\n<ul class=\"wp-block-list\"><li>miejsce pod namioty.<\/li><\/ul>\n\n\n\n<p><strong>Jest mo\u017cliwo\u015b\u0107 rozliczenia koszt\u00f3w pobytu bonami wakacyjnymi!!!<\/strong><\/p>\n\n\n\n<p>W tym terminie obiekt jest do naszej wy\u0142\u0105cznej dyspozycji, wi\u0119c mo\u017cna ju\u017c rezerwowa\u0107 noclegi i pobyt.<\/p>\n\n\n\n<p>Serdecznie zapraszamy w dniach 27\u201329 sierpnia 2021 na szesnasty ju\u017c Piknik Eterowy<br>do Szkolnego Schroniska M\u0142odzie\u017cowe w Zarzeczu, ul. Beskidzka 80; 34-325 \u0141odygowice.<br>Email: ssm-zarzecze@zywiec.powiat.pl; Tel.: 33 863 35 81; Kom.: 48 519 187&nbsp;094<br><br>* <strong>Henryk SP9FHZ<\/strong>, \u015al\u0105ski Oddzia\u0142 Terenowy PZK<\/p>\n\n\n\n<p>&nbsp;&nbsp; e-mail: sp9fhz@gmail.com, tel. 502-286-600<\/p>\n\n\n\n<p>* <strong>J\u00f3zef SQ9EJ<\/strong>, <strong>\u017bywiecki Klub Kr\u00f3tkofalowc\u00f3w<\/strong> <strong>SP9PSB<\/strong><\/p>\n\n\n\n<p><strong>Tekst: Tadeusz SP9HQJ<\/strong><\/p>\n\n\n\n<p><strong>Zdj\u0119cia: SP9HQJ, SP9MDY<\/strong><\/p>\n","protected":false},"excerpt":{"rendered":"<p>W ostatni\u0105 \u015brod\u0119 tj. 23 czerwca br. o godz. 10.00 w Zarz\u0105dzie Wojew\u00f3dzkim LOK w Katowicach przy ulicy Grabowej 3a odby\u0142a si\u0119 odprawa z prezesami 3 \u015bl\u0105skich LOK-owskich klub\u00f3w kr\u00f3tkofalarskich. Odpraw\u0119 przeprowadzi\u0142 prezes ZW LOK Leszek SP9WZR, a wzi\u0119li w &hellip; <a href=\"https:\/\/sp9kjm.com\/index.php\/2021\/06\/28\/najnowsze-informacje-klubowe\/\">Czytaj dalej <span class=\"meta-nav\">&rarr;<\/span><\/a><\/p>\n","protected":false},"author":5,"featured_media":0,"comment_status":"closed","ping_status":"closed","sticky":false,"template":"","format":"standard","meta":{"c2c-post-author-ip":"","footnotes":""},"categories":[38,34],"tags":[],"class_list":["post-3343","post","type-post","status-publish","format-standard","hentry","category-latest-news","category-news"],"_links":{"self":[{"href":"https:\/\/sp9kjm.com\/index.php\/wp-json\/wp\/v2\/posts\/3343","targetHints":{"allow":["GET"]}}],"collection":[{"href":"https:\/\/sp9kjm.com\/index.php\/wp-json\/wp\/v2\/posts"}],"about":[{"href":"https:\/\/sp9kjm.com\/index.php\/wp-json\/wp\/v2\/types\/post"}],"author":[{"embeddable":true,"href":"https:\/\/sp9kjm.com\/index.php\/wp-json\/wp\/v2\/users\/5"}],"replies":[{"embeddable":true,"href":"https:\/\/sp9kjm.com\/index.php\/wp-json\/wp\/v2\/comments?post=3343"}],"version-history":[{"count":2,"href":"https:\/\/sp9kjm.com\/index.php\/wp-json\/wp\/v2\/posts\/3343\/revisions"}],"predecessor-version":[{"id":3360,"href":"https:\/\/sp9kjm.com\/index.php\/wp-json\/wp\/v2\/posts\/3343\/revisions\/3360"}],"wp:attachment":[{"href":"https:\/\/sp9kjm.com\/index.php\/wp-json\/wp\/v2\/media?parent=3343"}],"wp:term":[{"taxonomy":"category","embeddable":true,"href":"https:\/\/sp9kjm.com\/index.php\/wp-json\/wp\/v2\/categories?post=3343"},{"taxonomy":"post_tag","embeddable":true,"href":"https:\/\/sp9kjm.com\/index.php\/wp-json\/wp\/v2\/tags?post=3343"}],"curies":[{"name":"wp","href":"https:\/\/api.w.org\/{rel}","templated":true}]}}