{"id":3250,"date":"2021-05-27T21:09:35","date_gmt":"2021-05-27T19:09:35","guid":{"rendered":"https:\/\/sp9kjm.pl\/?p=3250"},"modified":"2021-05-28T16:54:15","modified_gmt":"2021-05-28T14:54:15","slug":"kolejne-dobre-wiesci-z-sp9kjm","status":"publish","type":"post","link":"https:\/\/sp9kjm.com\/index.php\/2021\/05\/27\/kolejne-dobre-wiesci-z-sp9kjm\/","title":{"rendered":"Kolejne dobre wie\u015bci z SP9KJM"},"content":{"rendered":"\n<p>    Akcja radiowa zwi\u0105zana z 100.leciem III Powstania \u015al\u0105skiego przebiega sprawnie i na dzie\u0144 27 maja br. przeprowadzono ju\u017c ponad 3200 \u0142\u0105czno\u015bci, a \u0142\u0105czno\u015bci ci\u0105gle przybywa. Tak wi\u0119c do ko\u0144ca maja br. jest du\u017ca szansa, \u017ce b\u0119dzie ponad 4000 \u0142\u0105czno\u015bci, a mo\u017ce dobijemy do 5000 QSOs. Koledzy pracuj\u0105 na wszystkich pasmach i wieloma emisjami. Bardzo doceniamy naszych niezawodnych radiotelegrafist\u00f3w tj. <strong>Janka SP9DLY<\/strong> i <strong>W\u0142odka SP9DUX<\/strong> pracuj\u0105cych emisj\u0105 CW. Dzi\u0119kujemy za aktywno\u015b\u0107!<\/p>\n\n\n\n<p>&nbsp;&nbsp;&nbsp;&nbsp; Jak przekaza\u0142 prezes \u015al\u0105skiego Oddzia\u0142u Terenowego PZK w Katowicach <strong>Marek SP9HTY<\/strong>, Zarz\u0105d OT 06 PZK w Katowicach po zako\u0144czeniu akcji dyplomowej wynagrodzi najbardziej zas\u0142u\u017cone kluby i operator\u00f3w okoliczno\u015bciowymi pucharami i dyplomami, a ponadto wydrukuje swoiste tableaux ze zdj\u0119ciami operator\u00f3w klubowych za trzy edycje dyplomowe zwi\u0105zane z powstaniami \u015bl\u0105skimi. Tak wi\u0119c operatorzy klubowi z <strong>SP9KJM<\/strong> te\u017c zostan\u0105 umieszczeni w tych tableaux. Dla mniej wtajemniczonych w znajomo\u015bci j\u0119zyka francuskiego informacja, kt\u00f3ra mo\u017ce si\u0119 przyda\u0107: tableau (tablica) to liczba pojedyncza, natomiast tableaux to liczba mnoga s\u0142owa tableau (tablice).<\/p>\n\n\n\n<p>&nbsp;&nbsp;&nbsp;&nbsp; A oto sylwetki naszych zawodnik\u00f3w:<\/p>\n\n\n\n<!--more-->\n\n\n\n<figure class=\"wp-block-gallery columns-2 is-cropped wp-block-gallery-1 is-layout-flex wp-block-gallery-is-layout-flex\"><ul class=\"blocks-gallery-grid\"><li class=\"blocks-gallery-item\"><figure><img loading=\"lazy\" decoding=\"async\" width=\"270\" height=\"180\" src=\"https:\/\/sp9kjm.pl\/wp-content\/uploads\/2021\/05\/obraz_2021-05-27_203619.png\" alt=\"\" data-id=\"3251\" data-link=\"https:\/\/sp9kjm.pl\/?attachment_id=3251\" class=\"wp-image-3251\"\/><figcaption class=\"blocks-gallery-item__caption\">SP2NNO &#8211; KF<\/figcaption><\/figure><\/li><li class=\"blocks-gallery-item\"><figure><img loading=\"lazy\" decoding=\"async\" width=\"278\" height=\"179\" src=\"https:\/\/sp9kjm.pl\/wp-content\/uploads\/2021\/05\/obraz_2021-05-27_203627.png\" alt=\"\" data-id=\"3252\" data-link=\"https:\/\/sp9kjm.pl\/?attachment_id=3252\" class=\"wp-image-3252\"\/><figcaption class=\"blocks-gallery-item__caption\">SP9TDA &#8211; KF<\/figcaption><\/figure><\/li><li class=\"blocks-gallery-item\"><figure><img loading=\"lazy\" decoding=\"async\" width=\"296\" height=\"222\" src=\"https:\/\/sp9kjm.pl\/wp-content\/uploads\/2021\/05\/obraz_2021-05-27_203634.png\" alt=\"\" data-id=\"3253\" data-link=\"https:\/\/sp9kjm.pl\/?attachment_id=3253\" class=\"wp-image-3253\"\/><figcaption class=\"blocks-gallery-item__caption\">SQ9NIU &#8211; KF<\/figcaption><\/figure><\/li><li class=\"blocks-gallery-item\"><figure><img loading=\"lazy\" decoding=\"async\" width=\"219\" height=\"225\" src=\"https:\/\/sp9kjm.pl\/wp-content\/uploads\/2021\/05\/obraz_2021-05-27_203638.png\" alt=\"\" data-id=\"3254\" data-link=\"https:\/\/sp9kjm.pl\/?attachment_id=3254\" class=\"wp-image-3254\"\/><figcaption class=\"blocks-gallery-item__caption\">SQ9ITA &#8211; KF<\/figcaption><\/figure><\/li><li class=\"blocks-gallery-item\"><figure><img loading=\"lazy\" decoding=\"async\" width=\"150\" height=\"251\" src=\"https:\/\/sp9kjm.pl\/wp-content\/uploads\/2021\/05\/obraz_2021-05-27_203658.png\" alt=\"\" data-id=\"3257\" data-link=\"https:\/\/sp9kjm.pl\/?attachment_id=3257\" class=\"wp-image-3257\"\/><figcaption class=\"blocks-gallery-item__caption\">SQ9PCO &#8211; KF<\/figcaption><\/figure><\/li><li class=\"blocks-gallery-item\"><figure><img loading=\"lazy\" decoding=\"async\" width=\"386\" height=\"247\" src=\"https:\/\/sp9kjm.pl\/wp-content\/uploads\/2021\/05\/obraz_2021-05-27_203704.png\" alt=\"\" data-id=\"3258\" data-full-url=\"https:\/\/sp9kjm.pl\/wp-content\/uploads\/2021\/05\/obraz_2021-05-27_203704.png\" data-link=\"https:\/\/sp9kjm.pl\/?attachment_id=3258\" class=\"wp-image-3258\" srcset=\"https:\/\/sp9kjm.com\/wp-content\/uploads\/2021\/05\/obraz_2021-05-27_203704.png 386w, https:\/\/sp9kjm.com\/wp-content\/uploads\/2021\/05\/obraz_2021-05-27_203704-300x192.png 300w\" sizes=\"auto, (max-width: 386px) 100vw, 386px\" \/><figcaption class=\"blocks-gallery-item__caption\">SQ9MLZ &#8211; UKF<\/figcaption><\/figure><\/li><li class=\"blocks-gallery-item\"><figure><img loading=\"lazy\" decoding=\"async\" width=\"161\" height=\"234\" src=\"https:\/\/sp9kjm.pl\/wp-content\/uploads\/2021\/05\/obraz_2021-05-27_203649.png\" alt=\"\" data-id=\"3255\" data-link=\"https:\/\/sp9kjm.pl\/?attachment_id=3255\" class=\"wp-image-3255\"\/><figcaption class=\"blocks-gallery-item__caption\">SP9DUX &#8211; CW<\/figcaption><\/figure><\/li><li class=\"blocks-gallery-item\"><figure><img loading=\"lazy\" decoding=\"async\" width=\"236\" height=\"234\" src=\"https:\/\/sp9kjm.pl\/wp-content\/uploads\/2021\/05\/obraz_2021-05-27_204634.png\" alt=\"\" data-id=\"3263\" data-full-url=\"https:\/\/sp9kjm.pl\/wp-content\/uploads\/2021\/05\/obraz_2021-05-27_204634.png\" data-link=\"https:\/\/sp9kjm.pl\/?attachment_id=3263\" class=\"wp-image-3263\" srcset=\"https:\/\/sp9kjm.com\/wp-content\/uploads\/2021\/05\/obraz_2021-05-27_204634.png 236w, https:\/\/sp9kjm.com\/wp-content\/uploads\/2021\/05\/obraz_2021-05-27_204634-150x150.png 150w\" sizes=\"auto, (max-width: 236px) 100vw, 236px\" \/><figcaption class=\"blocks-gallery-item__caption\">SP9DLY &#8211; CW<\/figcaption><\/figure><\/li><\/ul><\/figure>\n\n\n\n<hr class=\"wp-block-separator\"\/>\n\n\n\n<p>A oto ciekawostka &#8211; mi\u0142a niespodzianka (poni\u017cej), jak\u0105 sprawi\u0142 nam <strong>W\u0142odek SP9DUX<\/strong> przesy\u0142aj\u0105c nam zdj\u0119cie z 1965 roku, kiedy to pracowa\u0142 na radiostacji RBM 1. Takie zdj\u0119cie ma dzi\u015b warto\u015b\u0107 historyczn\u0105. Starsi koledzy pami\u0119taj\u0105 pewnie to urz\u0105dzenie i charakterystyczny klucz telegraficzny. W dawnych czasach tj. w latach 60.tych i 70.tych to urz\u0105dzenie demobilowe by\u0142o niemal w ka\u017cdym klubie. Nie wszyscy maj\u0105 takie pami\u0105tki. W\u0142odku: dzi\u0119kujemy. A mo\u017ce pozostali koledzy te\u017c posiadaj\u0105 takie pami\u0105tkowe zdj\u0119cia? Je\u015bli tak to przysy\u0142ajcie je na adres <a href=\"mailto:sp9hqj@poczta.fm\">sp9hqj@poczta.fm<\/a> lub <a rel=\"noreferrer noopener\" href=\"mailto:klub@sp9kjm.pl\" target=\"_blank\">klub@sp9kjm.pl<\/a> &#8211; opublikujemy je na stronie klubowej.<\/p>\n\n\n\n<div class=\"wp-block-image\"><figure class=\"aligncenter size-large\"><img loading=\"lazy\" decoding=\"async\" width=\"444\" height=\"307\" src=\"https:\/\/sp9kjm.pl\/wp-content\/uploads\/2021\/05\/obraz_2021-05-27_203752.png\" alt=\"\" class=\"wp-image-3259\" srcset=\"https:\/\/sp9kjm.com\/wp-content\/uploads\/2021\/05\/obraz_2021-05-27_203752.png 444w, https:\/\/sp9kjm.com\/wp-content\/uploads\/2021\/05\/obraz_2021-05-27_203752-300x207.png 300w, https:\/\/sp9kjm.com\/wp-content\/uploads\/2021\/05\/obraz_2021-05-27_203752-434x300.png 434w\" sizes=\"auto, (max-width: 444px) 100vw, 444px\" \/><figcaption>W\u0142odek SP9DUX pracuj\u0105cy w dawnych latach na historycznym urz\u0105dzeniu \u2013 RBM 1.<\/figcaption><\/figure><\/div>\n\n\n\n<hr class=\"wp-block-separator\"\/>\n\n\n\n<p>Ostatnio otrzymali\u015bmy kolejne mi\u0142e niespodzianki. W tegorocznych zawodach \u201ePACC Contest 2021\u201d klub nasz zaj\u0105\u0142 2 miejsce w kategorii <strong>MM MIX HP. Brawo dla Krzysztofa SQ9NIU<\/strong> i <strong>Marka SP2NNO<\/strong>, kt\u00f3rzy pracowali pod znakiem klubowym. Poni\u017cej okoliczno\u015bciowy dyplom.<\/p>\n\n\n\n<div class=\"wp-block-image\"><figure class=\"aligncenter size-large\"><img loading=\"lazy\" decoding=\"async\" width=\"526\" height=\"372\" src=\"https:\/\/sp9kjm.pl\/wp-content\/uploads\/2021\/05\/obraz_2021-05-27_203824.png\" alt=\"\" class=\"wp-image-3260\" srcset=\"https:\/\/sp9kjm.com\/wp-content\/uploads\/2021\/05\/obraz_2021-05-27_203824.png 526w, https:\/\/sp9kjm.com\/wp-content\/uploads\/2021\/05\/obraz_2021-05-27_203824-300x212.png 300w, https:\/\/sp9kjm.com\/wp-content\/uploads\/2021\/05\/obraz_2021-05-27_203824-424x300.png 424w\" sizes=\"auto, (max-width: 526px) 100vw, 526px\" \/><\/figure><\/div>\n\n\n\n<p><strong>Krzysztof SQ9NIU<\/strong> i <strong>Marek SP2NNO<\/strong> w zawodach tych pracowali r\u00f3wnie\u017c pod w\u0142asnymi znakami i w kategorii SOAB SSB HP zdobyli kolejno: 1 i 2 miejsce. Brawo Panowie!<\/p>\n\n\n\n<figure class=\"wp-block-image size-large\"><img loading=\"lazy\" decoding=\"async\" width=\"1024\" height=\"724\" src=\"https:\/\/sp9kjm.pl\/wp-content\/uploads\/2021\/05\/obraz_2021-05-28_153501-1024x724.png\" alt=\"\" class=\"wp-image-3281\" srcset=\"https:\/\/sp9kjm.com\/wp-content\/uploads\/2021\/05\/obraz_2021-05-28_153501-1024x724.png 1024w, https:\/\/sp9kjm.com\/wp-content\/uploads\/2021\/05\/obraz_2021-05-28_153501-300x212.png 300w, https:\/\/sp9kjm.com\/wp-content\/uploads\/2021\/05\/obraz_2021-05-28_153501-768x543.png 768w, https:\/\/sp9kjm.com\/wp-content\/uploads\/2021\/05\/obraz_2021-05-28_153501-1536x1086.png 1536w, https:\/\/sp9kjm.com\/wp-content\/uploads\/2021\/05\/obraz_2021-05-28_153501-2048x1448.png 2048w, https:\/\/sp9kjm.com\/wp-content\/uploads\/2021\/05\/obraz_2021-05-28_153501-424x300.png 424w\" sizes=\"auto, (max-width: 1024px) 100vw, 1024px\" \/><\/figure>\n\n\n\n<div class=\"wp-block-image\"><figure class=\"aligncenter size-large\"><img loading=\"lazy\" decoding=\"async\" width=\"490\" height=\"346\" src=\"https:\/\/sp9kjm.pl\/wp-content\/uploads\/2021\/05\/obraz_2021-05-27_203929.png\" alt=\"\" class=\"wp-image-3261\" srcset=\"https:\/\/sp9kjm.com\/wp-content\/uploads\/2021\/05\/obraz_2021-05-27_203929.png 490w, https:\/\/sp9kjm.com\/wp-content\/uploads\/2021\/05\/obraz_2021-05-27_203929-300x212.png 300w, https:\/\/sp9kjm.com\/wp-content\/uploads\/2021\/05\/obraz_2021-05-27_203929-425x300.png 425w\" sizes=\"auto, (max-width: 490px) 100vw, 490px\" \/><\/figure><\/div>\n\n\n\n<hr class=\"wp-block-separator\"\/>\n\n\n\n<p>W czwartek od jednego z organizator\u00f3w tegorocznych zawod\u00f3w SPDX RTTY <strong>Krzysztofa SP2UUU<\/strong> mailem otrzymali\u015bmy nast\u0119puj\u0105c\u0105 informacj\u0119:<\/p>\n\n\n\n<p><em>Jest nam mi\u0142o pogratulowa\u0107 zaj\u0119cia jednego z czo\u0142owych miejsc w zawodach SPDX RTTY 2021. <\/em><em>W za\u0142\u0105czniku dyplom. Komisja zawod\u00f3w. Vy 73<\/em><\/p>\n\n\n\n<p><em>Pozdrowienia, Krzysztof \u2013 SP2UUU<\/em><\/p>\n\n\n\n<div class=\"wp-block-image\"><figure class=\"aligncenter size-large\"><img loading=\"lazy\" decoding=\"async\" width=\"895\" height=\"636\" src=\"https:\/\/sp9kjm.pl\/wp-content\/uploads\/2021\/05\/obraz_2021-05-27_211526.png\" alt=\"\" class=\"wp-image-3277\" srcset=\"https:\/\/sp9kjm.com\/wp-content\/uploads\/2021\/05\/obraz_2021-05-27_211526.png 895w, https:\/\/sp9kjm.com\/wp-content\/uploads\/2021\/05\/obraz_2021-05-27_211526-300x213.png 300w, https:\/\/sp9kjm.com\/wp-content\/uploads\/2021\/05\/obraz_2021-05-27_211526-768x546.png 768w, https:\/\/sp9kjm.com\/wp-content\/uploads\/2021\/05\/obraz_2021-05-27_211526-422x300.png 422w\" sizes=\"auto, (max-width: 895px) 100vw, 895px\" \/><\/figure><\/div>\n\n\n\n<p>W zawodach tych klub reprezentowali <strong>Sebastian SP9TDA<\/strong> i <strong>Marek SP2NNO<\/strong> i jak wida\u0107 zaj\u0119li 5 miejsce w kraju. BRAWO!<\/p>\n\n\n\n<hr class=\"wp-block-separator\"\/>\n\n\n\n<p>&nbsp;&nbsp;&nbsp;&nbsp; Powy\u017csze dyplomy wskazuj\u0105 na to, \u017ce zaczynamy osi\u0105ga\u0107 coraz lepsze wyniki i zdobywamy czo\u0142owe miejsca w licznych zawodach. Dzi\u0119kuj\u0119 Kolegom za ich trud w rozs\u0142awianiu klubu w kraju i na \u015bwiecie.<\/p>\n\n\n\n<p><strong>&nbsp;&nbsp;&nbsp;&nbsp; <\/strong>Mi\u0142\u0105&nbsp; niespodziank\u0119 zrobi\u0142 nam w ostatni\u0105 niedziel\u0119 tj. 23 maja br. <strong>Mateusz SQ9MLZ<\/strong> wraz z <strong>Andrzejem SP9AM<\/strong>. Wybrali si\u0119 oni bowiem na G\u00f3r\u0119 Siewiersk\u0105 w Gminie Psary ko\u0142o B\u0119dzina i w ramach akcji dyplomowej zwi\u0105zanej z 100. Rocznic\u0105 III Powstania \u015al\u0105skiego pracowali na UKF pod klubowym znakiem okoliczno\u015bciowym <strong>SO2921PS<\/strong>. Jak przekaza\u0142 Mateusz, nie by\u0142o \u0142atwo dosta\u0107 si\u0119 na miejsce nadawania, ale <strong>Andrzej SP9AM<\/strong>, zaprawiony w bojach terenowych pokona\u0142 i t\u0119 przeszkod\u0119. Kolegom tym, przy wykorzystaniu anteny 2&#215;5\/8 w wersji mobilowej NR22LH Diamond uda\u0142o si\u0119 przeprowadzi\u0107 25 \u0142\u0105czno\u015bci. Najwi\u0119cej \u0142\u0105czno\u015bci by\u0142o oczywi\u015bcie z SP9, ale by\u0142y te\u017c QSOs z SP6 i OK2. Dzi\u0119kujemy naszym klubowiczom za t\u0119 aktywno\u015b\u0107 radiow\u0105.<\/p>\n\n\n\n<div class=\"wp-block-image\"><figure class=\"aligncenter size-large\"><img loading=\"lazy\" decoding=\"async\" width=\"540\" height=\"243\" src=\"https:\/\/sp9kjm.pl\/wp-content\/uploads\/2021\/05\/obraz_2021-05-27_204659.png\" alt=\"\" class=\"wp-image-3264\" srcset=\"https:\/\/sp9kjm.com\/wp-content\/uploads\/2021\/05\/obraz_2021-05-27_204659.png 540w, https:\/\/sp9kjm.com\/wp-content\/uploads\/2021\/05\/obraz_2021-05-27_204659-300x135.png 300w, https:\/\/sp9kjm.com\/wp-content\/uploads\/2021\/05\/obraz_2021-05-27_204659-500x225.png 500w\" sizes=\"auto, (max-width: 540px) 100vw, 540px\" \/><figcaption>Na zdj\u0119ciu: Mateusz SQ9MLZ nawi\u0105zuje pierwsze \u0142\u0105czno\u015bci na UKF. Autorem zdj\u0119cia jest Andrzej SP9AM<\/figcaption><\/figure><\/div>\n\n\n\n<p>A co poza tym? W ostatni dzie\u0144 klubowy tj. we wtorek 25 maja br. w klubie by\u0142 o\u017cywiony ruch. Uporz\u0105dkowali\u015bmy bowiem pomieszczenie klubowe przenosz\u0105c niepotrzebne przedmioty do podr\u0119cznego magazynku klubowego znajduj\u0105cego si\u0119 w piwnicy i pozbyli\u015bmy si\u0119 niepotrzebnych rzeczy. W tej akcji wzi\u0119li udzia\u0142: <strong>Jacek SQ9BEC<\/strong>, <strong>Mateusz SQ9MLZ<\/strong>, <strong>Tadeusz SP9HQJ<\/strong>, a tak\u017ce dwaj Koledzy z Chorzowa, kt\u00f3rzy po raz trzeci odwiedzili nasz klub. Kolegom z Chorzowa spodoba\u0142a si\u0119 atmosfera panuj\u0105ca w klubie i pewnie cz\u0119\u015bciej b\u0119d\u0105 nas odwiedza\u0107. A tak na marginesie: <strong>Mateusz SQ9MLZ<\/strong>, doskona\u0142y specjalista w zakresie urz\u0105dze\u0144 radiowych i spraw antenowych, wraz z drugim specjalist\u0105 <strong>Jackiem SQ9BEC<\/strong> po raz kolejny udzieli\u0142 daleko id\u0105cych porad chorzowskim Kolegom w zakresie spraw antenowych i urz\u0105dze\u0144 nadawczo-odbiorczych.<\/p>\n\n\n\n<div class=\"wp-block-image\"><figure class=\"aligncenter size-large\"><img loading=\"lazy\" decoding=\"async\" width=\"532\" height=\"399\" src=\"https:\/\/sp9kjm.pl\/wp-content\/uploads\/2021\/05\/obraz_2021-05-27_204738.png\" alt=\"\" class=\"wp-image-3265\" srcset=\"https:\/\/sp9kjm.com\/wp-content\/uploads\/2021\/05\/obraz_2021-05-27_204738.png 532w, https:\/\/sp9kjm.com\/wp-content\/uploads\/2021\/05\/obraz_2021-05-27_204738-300x225.png 300w, https:\/\/sp9kjm.com\/wp-content\/uploads\/2021\/05\/obraz_2021-05-27_204738-400x300.png 400w\" sizes=\"auto, (max-width: 532px) 100vw, 532px\" \/><figcaption>Mateusz SQ9MLZ, jako specjalista urz\u0105dze\u0144 i anten, jest w swoim \u017cywiole. Na zdj\u0119ciu obja\u015bnia kolegom z Chorzowa zawi\u0142o\u015bci zwi\u0105zane ze stosowaniem urz\u0105dze\u0144 oraz wykorzystaniem anten.<\/figcaption><\/figure><\/div>\n\n\n\n<div class=\"wp-block-image\"><figure class=\"aligncenter size-large\"><img loading=\"lazy\" decoding=\"async\" width=\"526\" height=\"395\" src=\"https:\/\/sp9kjm.pl\/wp-content\/uploads\/2021\/05\/obraz_2021-05-27_204815.png\" alt=\"\" class=\"wp-image-3266\" srcset=\"https:\/\/sp9kjm.com\/wp-content\/uploads\/2021\/05\/obraz_2021-05-27_204815.png 526w, https:\/\/sp9kjm.com\/wp-content\/uploads\/2021\/05\/obraz_2021-05-27_204815-300x225.png 300w, https:\/\/sp9kjm.com\/wp-content\/uploads\/2021\/05\/obraz_2021-05-27_204815-399x300.png 399w\" sizes=\"auto, (max-width: 526px) 100vw, 526px\" \/><figcaption>Mateusz SQ9MLZ, poza Markiem SP2NNO i Jackiem SQ9BEC, jest klubowym guru w zakresie urz\u0105dze\u0144 nadawczo-odbiorczych i anten. Jego rady i do\u015bwiadczenia s\u0105 bezcenne<\/figcaption><\/figure><\/div>\n\n\n\n<p>&nbsp;&nbsp;&nbsp;&nbsp; By\u0142a te\u017c okazja wyr\u00f3\u017cnienia <strong>Romka SP9UVQ<\/strong> okoliczno\u015bciowym pismem pochwalnym za aktywno\u015b\u0107 na rzecz klubu <strong>SP9KJM<\/strong>.<\/p>\n\n\n\n<div class=\"wp-block-image\"><figure class=\"aligncenter size-large\"><img loading=\"lazy\" decoding=\"async\" width=\"303\" height=\"404\" src=\"https:\/\/sp9kjm.pl\/wp-content\/uploads\/2021\/05\/obraz_2021-05-27_204904.png\" alt=\"\" class=\"wp-image-3267\" srcset=\"https:\/\/sp9kjm.com\/wp-content\/uploads\/2021\/05\/obraz_2021-05-27_204904.png 303w, https:\/\/sp9kjm.com\/wp-content\/uploads\/2021\/05\/obraz_2021-05-27_204904-225x300.png 225w\" sizes=\"auto, (max-width: 303px) 100vw, 303px\" \/><figcaption>Romek SP9UVQ obdarzony okoliczno\u015bciowym pismem pochwalnym<br>przez prezesa klubu Tadeusza SP9HQJ<br>&nbsp;<\/figcaption><\/figure><\/div>\n\n\n\n<div class=\"wp-block-image\"><figure class=\"aligncenter size-large\"><img loading=\"lazy\" decoding=\"async\" width=\"591\" height=\"766\" src=\"https:\/\/sp9kjm.pl\/wp-content\/uploads\/2021\/05\/obraz_2021-05-27_205018.png\" alt=\"\" class=\"wp-image-3268\" srcset=\"https:\/\/sp9kjm.com\/wp-content\/uploads\/2021\/05\/obraz_2021-05-27_205018.png 591w, https:\/\/sp9kjm.com\/wp-content\/uploads\/2021\/05\/obraz_2021-05-27_205018-231x300.png 231w\" sizes=\"auto, (max-width: 591px) 100vw, 591px\" \/><\/figure><\/div>\n\n\n\n<hr class=\"wp-block-separator\"\/>\n\n\n\n<p>&nbsp;&nbsp;&nbsp;&nbsp; Poni\u017cej wa\u017cne informacje \u2013 wyci\u0105g z Komunikatu PZK Nr 21\/2021 odnosz\u0105ce si\u0119 do najbardziej aktualnych spraw og\u00f3lnopolskich.<\/p>\n\n\n\n<p><strong><em>WYCI\u0104G Z KOMUNIKATU Polskiego Zwi\u0105zku Kr\u00f3tkofalowc\u00f3w NR 21\/2021 z dnia 26 maja 2021 r.<\/em><\/strong><\/p>\n\n\n\n<p><strong><em>\u0141o\u015b 2021<\/em><\/strong><\/p>\n\n\n\n<p><em>W zwi\u0105zku z licznymi telefonami od pragn\u0105cych odwiedzi\u0107 nasz\u0105 g\u00f3rk\u0119 w tradycyjnym terminie i nadal brakiem mo\u017cliwo\u015bci oficjalnych dzia\u0142a\u0144 organizacyjnych, informuj\u0119 i prosz\u0119<\/em> <em>o przekazanie poni\u017cszej informacji:<\/em><\/p>\n\n\n\n<p><em>C<\/em><em>elem umilenia pobytu zgromadzonym tam kole\u017cankom i kolegom zapewnili\u015bmy stoisko firmy cateringowej z ciep\u0142ymi posi\u0142kami i odpowiednimi napojami, czynne w pi\u0105tek i sobot\u0119. Ponadto jednostka WOT dostarczy pr\u0105d z agregatu dla wszystkich uczestnik\u00f3w, a my postaramy si\u0119 go rozprowadzi\u0107 w terenie. W tym samym czasie wojskowi \u0142\u0105czno\u015bciowcy z Sieradza b\u0119d\u0105 tam przeprowadzali pr\u00f3by na mikrofalach. Niestety nie uda\u0142o nam si\u0119 znale\u017a\u0107 ch\u0119tnych do sprz\u0105tania tego terenu i uczestnicy mog\u0105 zobaczy\u0107, jak to wygl\u0105da bez naszej pracy przed ka\u017cd\u0105 imprez\u0105. Przyczyna jest jedna i oczywista: fala krytyki, jaka przelewa si\u0119 przez Internet k\u0142adzie si\u0119 cieniem na t\u0119 imprezz\u0119. Nadal PZK jest jedynym u\u017cytkownikiem tego terenu i ka\u017cdy kr\u00f3tkofalowiec mo\u017ce z tego korzysta\u0107 do woli. Prosimy tylko nie pozostawia\u0107 tam swoich \u015bmieci. Zgodnie z przepisami nadal obowi\u0105zuje zasada DDM (dezynfekcja, dystans, maseczki). \u017bycz\u0119 przyjemnego pobytu, udanych \u0142\u0105czno\u015bci i mi\u0142ych wra\u017ce\u0144 ze spotka\u0144 z kolegami.<\/em><\/p>\n\n\n\n<p><strong><em>73, Marek SP9UO<\/em><\/strong><\/p>\n\n\n\n<p><strong>Komentarz SP9HQJ: <\/strong>w tym roku oficjalnie nie ma spotkania na \u0141O\u015a, ale na miejsce to nieoficjalnie uda si\u0119 wielu kr\u00f3tkofalowc\u00f3w. Z naszego klubu wybiera si\u0119 w najbli\u017csz\u0105 sobot\u0119 tam Mateusz SQ9MLZ i pisz\u0105cy te s\u0142owa Tadeusz SP9HQJ.&nbsp; Mam wolne miejsca w samochodzie i mog\u0119 zabra\u0107 ka\u017cd\u0105 ch\u0119tn\u0105 osob\u0119.<\/p>\n\n\n\n<p><strong><em>Czemu s\u0142u\u017c\u0105 sk\u0142adki do IARU?<\/em><\/strong><\/p>\n\n\n\n<p><em>Wszystkie stowarzyszenia cz\u0142onkowskie IARU co roku op\u0142acaj\u0105 sk\u0142adki za swoich cz\u0142onk\u00f3w. IARU, a w naszym przypadku Region 1 IARU z tych sk\u0142adek pokrywa koszty zwi\u0105zane z funkcjonowaniem s\u0142u\u017cby radiokomunikacyjnej amatorskiej. To nie jest tak, \u017ce wszystkie prawa, kt\u00f3re mamy jako kr\u00f3tkofalowcy zosta\u0142y nam przez jakie\u015b bli\u017cej nieokre\u015blone gremium podarowane raz na zawsze. Tak naprawd\u0119 to po to w 1925 roku powsta\u0142 Mi\u0119dzynarodowy Zwi\u0105zek Radiokomunikacyjny (International Amateur Radio Union), aby w og\u00f3le mog\u0142o rozwija\u0107 si\u0119 kr\u00f3tkofalarstwo. Nie chodzi tu o chronologi\u0119 i pozyskiwanie pasm do pracy dla radioamator\u00f3w, tylko o sam fakt, \u017ce te wszystkie pasma by\u0142y wywalczone i wytargowane na kolejnych WRC (World Radio Conference) w ramach ITU (International Telcommunication Union). W ITU s\u0105 reprezentowane rz\u0105dy pa\u0144stw cz\u0142onkowskich. Konferencje s\u0105 d\u0142ugie i kosztowne. IARU wysy\u0142a tam swoich przedstawicieli i przygotowuje materia\u0142y z wszelkich dziedzin od przydzia\u0142u pasm, mo\u017cliwych emisji, niepo\u017c\u0105danych sygna\u0142\u00f3w, kompatybilno\u015bci elektromagnetycznej etc., aby broni\u0107 zar\u00f3wno pasm jak i mo\u017cliwo\u015bci nadawania i odbioru s\u0142abych sygna\u0142\u00f3w we wszechogarniaj\u0105cym QRM-ie. Sam fakt op\u0142acania sk\u0142adki do IARU przez zrzeszonych kr\u00f3tkofalowc\u00f3w sprawia, \u017ce za ich pieni\u0105dze wszyscy pozostali niezrzeszeni mog\u0105 uprawia\u0107 swoje hobby otrzymuj\u0105c owe warto\u015bci za darmo kosztem tych \u015bwiadomych. Samo IARU nie jest jakim\u015b mitycznym tworem. W nim dzia\u0142aj\u0105 cz\u0142onkowie stowarzysze\u0144 &#8211; w tym przypadku<\/em><\/p>\n\n\n\n<p><em>PZK. Ci Koledzy po\u015bwi\u0119caj\u0105 swoj\u0105 wiedz\u0119 i czas pracuj\u0105c spo\u0142ecznie na rzecz og\u00f3lno\u015bwiatowego, w tym polskiego \u015brodowiska kr\u00f3tkofalowc\u00f3w. Za rekompensat\u0119 maj\u0105 co najwy\u017cej zwrot koszt\u00f3w dojazdu o ile takie wyst\u0119puj\u0105.<\/em><\/p>\n\n\n\n<p><em>Pisz\u0119 to dlatego, by po raz kolejny u\u015bwiadomi\u0107 kr\u00f3tkofalowcom, \u017ce ka\u017cde stowarzyszenie jest po co\u015b, a nie samo dla siebie i jego kondycja r\u00f3wnie\u017c finansowa ma istotny wp\u0142yw na przysz\u0142o\u015b\u0107 naszego pi\u0119knego hobby. Mylenie PZK z obs\u0142ug\u0105 QSL, kt\u00f3ra jest tylko jednym elementem kr\u00f3tkofalarstwa jest b\u0142\u0119dne. <\/em><em>Najwa\u017cniejsza jest dzia\u0142alno\u015b\u0107 zewn\u0119trzna naszej organizacji czyli<\/em><em> <\/em><em>w\u0142a\u015bnie aktywno\u015b\u0107 w ramach IARU<\/em><em>, wsp\u00f3\u0142praca z partnerami spo\u0142ecznymi oraz administracj\u0105, obrona naszych praw do stawiania i wieszania anten, uk\u0142adanie si\u0119 z UKE i ministerstwami, w taki spos\u00f3b by stworzy\u0107 jak najlepsze warunki dla naszej pracy w eterze. Zagro\u017ce\u0144 by\u0142o i jest bardzo wiele, niekt\u00f3re jeszcze dadz\u0105 si\u0119 nam we znaki, o ile nie b\u0119dziemy wystarczaj\u0105co czujni. O tym napisz\u0119 i przypomn\u0119 w kolejnych artyku\u0142ach.<\/em><\/p>\n\n\n\n<p><strong><em>Piotr SP2JMR<\/em><\/strong><\/p>\n\n\n\n<p><strong>Komentarz SP9HQJ: <\/strong>s\u0105dz\u0119, \u017ce powy\u017cszy tekst przybli\u017cy\u0142 nieco sens przynale\u017cno\u015bci do PZK. Korzy\u015b\u0107 z tego p\u0142yn\u0105ca to nie tylko darmowa obs\u0142uga kart QSL i odpowiedzialno\u015b\u0107 z tytu\u0142u OC, ale wiele innych aspekt\u00f3w, o kt\u00f3rych wielu z nas zapomina albo nie wie. Nie kto inny, ale PZK dba interesy wszystkich polskich kr\u00f3tkofalowc\u00f3w, nawet tych niezrzeszonych w PZK. Gdyby nie PZK to nie by\u0142oby wielu dotychczasowych zdobyczy np. nowych pasm. Ostatnio Prezydium ZG PZK konsultuje z UKE spraw\u0119 niezw\u0142ocznego przy\u015bpieszenia egzamin\u00f3w na \u015bwiadectwo operatora. Jedn\u0105 z g\u0142\u00f3wnych propozycji ze strony PZK jest przywr\u00f3cenie egzaminator\u00f3w wywodz\u0105cych si\u0119 ze \u015brodowiska kr\u00f3tkofalowc\u00f3w. Szczeg\u00f3\u0142y w tej sprawie znajduj\u0105 si\u0119 na stronie&nbsp; <a href=\"https:\/\/pzk.org.pl\/news.php?readmore=4786\" target=\"_blank\" rel=\"noreferrer noopener\">https:\/\/pzk.org.pl\/news.php?readmore=4786<\/a> Na stronie tej znajduje si\u0119 b\u0119d\u0105cy na etapie uzgodnie\u0144 projekt Porozumienia w sprawie egzamin\u00f3w os\u00f3b ubiegaj\u0105cych si\u0119 o \u015bwiadectwo operatora urz\u0105dze\u0144 radiowych w s\u0142u\u017cbie radiokomunikacyjnej amatorskiej zawarte pomi\u0119dzy Prezesem UKE a PZK.<\/p>\n\n\n\n<p>&nbsp;&nbsp;&nbsp;&nbsp; A na stronie <a href=\"https:\/\/pzk.org.pl\/news.php?readmore=4783\" target=\"_blank\" rel=\"noreferrer noopener\">https:\/\/pzk.org.pl\/news.php?readmore=4783<\/a> czytamy:<\/p>\n\n\n\n<p><strong>Ankieta w ramach przygotowa\u0144 do warsztatowej cz\u0119\u015bci Konferencji Generalnej 1. Regionu IARU 2021<\/strong><\/p>\n\n\n\n<p><strong>Wa\u017cne!<\/strong><\/p>\n\n\n\n<p>Pom\u00f3\u017c nam zbada\u0107 s\u0142abe i mocne strony kr\u00f3tkofalarstwa w Polsce!<\/p>\n\n\n\n<p>Stowarzyszenia kr\u00f3tkofalowc\u00f3w z Regionu 1 IARU podj\u0119\u0142y si\u0119 przeprowadzania analizy stanu kr\u00f3tkofalarstwa w swoich krajach, zbadania mocnych i s\u0142abych stron a tak\u017ce zewn\u0119trznych zagro\u017ce\u0144 i szans na rozw\u00f3j naszego hobby.<\/p>\n\n\n\n<p>W zwi\u0105zku z tym w imieniu PZK, jako cz\u0142onka IARU, zwracamy si\u0119 z pro\u015bb\u0105 do wszystkich kr\u00f3tkofalowc\u00f3w w Polsce o wype\u0142nienie ankiety SWOT znajduj\u0105cej si\u0119 pod poni\u017cszym linkiem:&nbsp;<strong>Stan kr\u00f3tkofalarstwa w Polsce <\/strong><a href=\"https:\/\/forms.gle\/Re75F5CexnQxLqDG7\" target=\"_blank\" rel=\"noreferrer noopener\"><strong>https:\/\/forms.gle\/Re75F5CexnQxLqDG7<\/strong><\/a><\/p>\n\n\n\n<p>Przed wype\u0142nieniem ankiety prosimy o uwa\u017cne przeczytanie obja\u015bnie\u0144.<\/p>\n\n\n\n<p>Do wype\u0142nienia ankiety zapraszamy wszystkich kr\u00f3tkofalowc\u00f3w, aktywnych i nieaktywnych, nas\u0142uchowc\u00f3w i innej ma\u015bci pasjonat\u00f3w \u0142\u0105czno\u015bci radiowych. Zaproszenie jest adresowane do os\u00f3b b\u0119d\u0105cych cz\u0142onkami PZK, innych organizacji, a tak\u017ce samotnik\u00f3w.<\/p>\n\n\n\n<p>Wi\u0119cej wyja\u015bnie\u0144 w samej ankiecie. Nie czekaj! Wype\u0142nij ju\u017c dzisiaj (ogromna pro\u015bba: niby zalecali\u015bmy, \u017ceby nie p\u00f3\u017aniej ni\u017c do dnia 23.05.2021 r. (do tego dnia wp\u0142yn\u0119\u0142o ok. 270 odpowiedzi), ale&#8230; absolutnie definitywny i nieprzekraczalny termin to 28.05.2021 r.) i pochwal si\u0119 tym na social mediach! \ud83d\ude0a<\/p>\n\n\n\n<p>Wielkie dzi\u0119ki z g\u00f3ry za wk\u0142ad!!! \ud83d\ude0a<\/p>\n\n\n\n<p>Ankiet\u0119 koordynuje Zesp\u00f3\u0142 przedstawicieli PZK na obrady Konferencji Generalnej IARU R1 2021 w nast\u0119puj\u0105cym sk\u0142adzie: Kol. Mariusz Busi\u0142o SP5ITI, Kol. Micha\u0142 Brennek SP2J, Kol. Tomasz Ciepielowski SP5CCC, Kol. Piotr Wilko\u0144 SQ8L i Kol. Pawe\u0142 Zakrzewski SP7TEV.<\/p>\n\n\n\n<p>Info: Pawe\u0142 SP7TEV, Mariusz SP5ITI<\/p>\n\n\n\n<p><strong>Komentarz SP9HQJ: <\/strong>zach\u0119cam wszystkich do wype\u0142nienia ankiety i przes\u0142ania jej na wskazany adres. Wyniki ankiety pozwol\u0105 na opracowanie przez PZK strategii PZK na najbli\u017csze lata.<\/p>\n\n\n\n<p><strong>&nbsp;&nbsp;&nbsp;&nbsp; Dodatkowe informacje:<\/strong> na stronie <a href=\"http:\/\/lok.org.pl\/aktualnosci\/xvi-wojewodzki-zjazd-delegatow-lok-w-katowicach\" target=\"_blank\" rel=\"noreferrer noopener\"><em>http:\/\/lok.org.pl\/aktualnosci\/xvi-wojewodzki-zjazd-delegatow-lok-w-katowicach<\/em><\/a><em> <\/em>ukaza\u0142a si\u0119 informacja &#8211; artyku\u0142 autorstwa Tadeusza SP9HQJ w sprawie XVI Wojew\u00f3dzkiego Zjazdu Delegat\u00f3w LOK, jaki odby\u0142 si\u0119 14 marca br. w Domu Kultury \u201eChemik\u201d w Siemianowicach \u015al.<\/p>\n\n\n\n<p><strong>&nbsp;&nbsp;&nbsp;&nbsp; Kolejna dobra informacja:<\/strong> W Zarz\u0105dzie g\u0142\u00f3wnym LOK \u2013 Pion sport\u00f3w obronnych, politechnizacyjnych i wodnych Wydzia\u0142 Szkolenia i Sport\u00f3w \u0141\u0105czno\u015bci ukaza\u0142 si\u0119 opublikowany 1 maja 2021 r. Komunikat Klasyfikacyjny LOK Edycja 2021 Cz\u0119\u015b\u0107 \u2013 KF CW\/SSB,&nbsp; w kt\u00f3rym czytamy:&nbsp;<\/p>\n\n\n\n<p><strong>TYDZIE\u0143 LIGI OBRONY KRAJU I \u017bO\u0141NIERZA POLSKIEGO<\/strong><\/p>\n\n\n\n<p><strong>EDYCJA 2021<\/strong><\/p>\n\n\n\n<p><strong>1 MAJA 2021<\/strong><\/p>\n\n\n\n<p><strong>CZ\u0118\u015a\u0106 &#8211; KF CW\/SSB<\/strong><\/p>\n\n\n\n<p>MULTI-OP CW L<\/p>\n\n\n\n<figure class=\"wp-block-table\"><table><tbody><tr><td>L.p.<\/td><td>Znak<\/td><td>CW<\/td><td>SSB<\/td><td>QSO zg\u0142oszone<\/td><td>QSO zaliczone<\/td><td>Pkt<\/td><td>Mno\u017cnik<\/td><td>Rezultat<\/td><td>% QSO<\/td><\/tr><tr><td>1.<\/td><td>SP4KHM<\/td><td>0<\/td><td>63<\/td><td>63<\/td><td>58<\/td><td>116<\/td><td>0<\/td><td>116<\/td><td>92,06<\/td><\/tr><tr><td>2.<\/td><td>SP9KJM<\/td><td>0<\/td><td>61<\/td><td>61<\/td><td>55<\/td><td>110<\/td><td>0<\/td><td>110<\/td><td>90,16<\/td><\/tr><tr><td>3.<\/td><td>SN3P<\/td><td>0<\/td><td>59<\/td><td>59<\/td><td>55<\/td><td>110<\/td><td>0<\/td><td>110<\/td><td>93,22<\/td><\/tr><tr><td>4.<\/td><td>SN7KAB<\/td><td>0<\/td><td>60<\/td><td>60<\/td><td>54<\/td><td>108<\/td><td>0<\/td><td>108<\/td><td>90,00<\/td><\/tr><tr><td>5.<\/td><td>SP8KAF<\/td><td>0<\/td><td>39<\/td><td>39<\/td><td>30<\/td><td>60<\/td><td>0<\/td><td>60<\/td><td>76,92<\/td><\/tr><\/tbody><\/table><\/figure>\n\n\n\n<p>\u00a0\u00a0\u00a0\u00a0 Tak wi\u0119c w kategorii Multi Operator zaj\u0119li\u015bmy 2 miejsce, natomiast w klasyfikacji globalnej, na 83 stacje bior\u0105ce udzia\u0142 w zawodach w wielu kategoriach, klub <strong>SP9KJM<\/strong> zaj\u0105\u0142 24 miejsce. To te\u017c niez\u0142y wynik. Dzi\u0119kujemy <strong>Marcinowi SQ9ITA<\/strong>!<\/p>\n\n\n\n<p><strong>Info: Tadeusz SP9HQJ<\/strong><strong><\/strong><\/p>\n","protected":false},"excerpt":{"rendered":"<p>Akcja radiowa zwi\u0105zana z 100.leciem III Powstania \u015al\u0105skiego przebiega sprawnie i na dzie\u0144 27 maja br. przeprowadzono ju\u017c ponad 3200 \u0142\u0105czno\u015bci, a \u0142\u0105czno\u015bci ci\u0105gle przybywa. Tak wi\u0119c do ko\u0144ca maja br. jest du\u017ca szansa, \u017ce b\u0119dzie ponad 4000 \u0142\u0105czno\u015bci, a &hellip; <a href=\"https:\/\/sp9kjm.com\/index.php\/2021\/05\/27\/kolejne-dobre-wiesci-z-sp9kjm\/\">Czytaj dalej <span class=\"meta-nav\">&rarr;<\/span><\/a><\/p>\n","protected":false},"author":5,"featured_media":0,"comment_status":"closed","ping_status":"closed","sticky":false,"template":"","format":"standard","meta":{"c2c-post-author-ip":"","footnotes":""},"categories":[38,34],"tags":[],"class_list":["post-3250","post","type-post","status-publish","format-standard","hentry","category-latest-news","category-news"],"_links":{"self":[{"href":"https:\/\/sp9kjm.com\/index.php\/wp-json\/wp\/v2\/posts\/3250","targetHints":{"allow":["GET"]}}],"collection":[{"href":"https:\/\/sp9kjm.com\/index.php\/wp-json\/wp\/v2\/posts"}],"about":[{"href":"https:\/\/sp9kjm.com\/index.php\/wp-json\/wp\/v2\/types\/post"}],"author":[{"embeddable":true,"href":"https:\/\/sp9kjm.com\/index.php\/wp-json\/wp\/v2\/users\/5"}],"replies":[{"embeddable":true,"href":"https:\/\/sp9kjm.com\/index.php\/wp-json\/wp\/v2\/comments?post=3250"}],"version-history":[{"count":9,"href":"https:\/\/sp9kjm.com\/index.php\/wp-json\/wp\/v2\/posts\/3250\/revisions"}],"predecessor-version":[{"id":3287,"href":"https:\/\/sp9kjm.com\/index.php\/wp-json\/wp\/v2\/posts\/3250\/revisions\/3287"}],"wp:attachment":[{"href":"https:\/\/sp9kjm.com\/index.php\/wp-json\/wp\/v2\/media?parent=3250"}],"wp:term":[{"taxonomy":"category","embeddable":true,"href":"https:\/\/sp9kjm.com\/index.php\/wp-json\/wp\/v2\/categories?post=3250"},{"taxonomy":"post_tag","embeddable":true,"href":"https:\/\/sp9kjm.com\/index.php\/wp-json\/wp\/v2\/tags?post=3250"}],"curies":[{"name":"wp","href":"https:\/\/api.w.org\/{rel}","templated":true}]}}