{"id":3131,"date":"2021-04-08T17:46:20","date_gmt":"2021-04-08T15:46:20","guid":{"rendered":"https:\/\/sp9kjm.pl\/?p=3131"},"modified":"2021-04-08T21:57:33","modified_gmt":"2021-04-08T19:57:33","slug":"swieta-swieta-i-po-swietach","status":"publish","type":"post","link":"https:\/\/sp9kjm.com\/index.php\/2021\/04\/08\/swieta-swieta-i-po-swietach\/","title":{"rendered":"\u015awi\u0119ta, \u015bwi\u0119ta i po \u015bwi\u0119tach \u2026."},"content":{"rendered":"\n<p>&nbsp;&nbsp;&nbsp;&nbsp; Mi\u0142o nam poinformowa\u0107 cz\u0142onk\u00f3w i sympatyk\u00f3w naszego klubu oraz czytelnik\u00f3w przegl\u0105daj\u0105cych nasz\u0105 stron\u0119 klubow\u0105, \u017ce w ostatnich zawodach pod nazw\u0105 \u201eCQ WPX SSB Contest&nbsp;2021\u201d, przeprowadzonych w ostatni weekend kwietnia br. nasza stacja klubowa zaj\u0119\u0142a 2 miejsce w kraju, 36 miejsce w Europie i 81 miejsce w \u015bwiecie. Zosta\u0142y ju\u017c opublikowane oficjalne wyniki: <a rel=\"noreferrer noopener\" href=\"https:\/\/cqwpx.com\/raw.htm?mode=ph\" target=\"_blank\">https:\/\/cqwpx.com\/raw.htm?mode=ph<\/a>. Na temat udzia\u0142u naszej reprezentacji klubowej w tych zawodach pisali\u015bmy w poprzednich edycjach na naszej stronie. Dla przypomnienia: w sk\u0142ad reprezentacji klubowej wchodzili: <strong>Krzysztof SQ9NIU<\/strong>, <strong>Sebastian SP9TDA<\/strong> i <strong>Tadeusz SP9HQJ<\/strong>. Coraz cz\u0119\u015bciej sygna\u0142 naszej stacji klubowej s\u0142yszany jest w zawodach krajowych i mi\u0119dzynarodowych i udaje si\u0119 nam poprawia\u0107 wyniki. Zapraszamy pozosta\u0142ych operator\u00f3w klubowych do udzia\u0142u w zawodach. Dzia\u0142ania koordynacyjne w zakresie zawod\u00f3w prowadzi <strong>Marek SP2NNO<\/strong> i z Markiem nale\u017cy uzgadnia\u0107 sw\u00f3j ewentualny udzia\u0142 w zawodach. Namiar na Marka: <a rel=\"noreferrer noopener\" href=\"mailto:marekfoterek@wp.pl\" data-type=\"mailto\" data-id=\"mailto:marekfoterek@wp.pl\" target=\"_blank\">marekfoterek@wp.pl<\/a>. Dodaj\u0119, \u017ce w zawodach brali\u015bmy udzia\u0142 z QTH <strong>Krzysztofa SQ9NIU<\/strong>, na kt\u00f3rym Krzysztof posiada do\u015b\u0107 dobrze rozbudowany system antenowy na KF.<\/p>\n\n\n\n<!--more-->\n\n\n\n<p><\/p>\n\n\n\n<p>Tegoroczne \u015awi\u0119ta Wielkanocne, cho\u0107 inne ni\u017c zwykle z powodu wirusa Covid 19 nale\u017ca\u0142y do bardziej pracowitych nie tylko dla naszych klubowicz\u00f3w. W tym roku z soboty na niedziel\u0119&nbsp; odby\u0142y si\u0119 bowiem presti\u017cowe zawody pod nazw\u0105 \u201eSP DX Contest\u201d i wypada\u0142o wzi\u0105\u0107 w nich udzia\u0142. R\u00f3wnie\u017c nasi klubowicze nie pr\u00f3\u017cnowali i zaakcentowali swoj\u0105 obecno\u015b\u0107. <strong>Sebastian SP9TDA<\/strong> w zawodach tych pracowa\u0142 pod znakiem klubowym w pa\u015bmie 80 metrowym gdzie przeprowadzi\u0142 43 \u0142\u0105czno\u015bci w niedzielny poranek oraz w pa\u015bmie 20m przeprowadzaj\u0105c 26 QSO pod swoim znakiem. <\/p>\n\n\n\n<div class=\"wp-block-image\"><figure class=\"aligncenter size-large\"><img loading=\"lazy\" decoding=\"async\" width=\"491\" height=\"333\" src=\"https:\/\/sp9kjm.pl\/wp-content\/uploads\/2021\/04\/obraz_2021-04-08_171900.png\" alt=\"\" class=\"wp-image-3132\" srcset=\"https:\/\/sp9kjm.com\/wp-content\/uploads\/2021\/04\/obraz_2021-04-08_171900.png 491w, https:\/\/sp9kjm.com\/wp-content\/uploads\/2021\/04\/obraz_2021-04-08_171900-300x203.png 300w, https:\/\/sp9kjm.com\/wp-content\/uploads\/2021\/04\/obraz_2021-04-08_171900-442x300.png 442w\" sizes=\"auto, (max-width: 491px) 100vw, 491px\" \/><figcaption>Sebastian SP9TDA w swoim radioshacku<\/figcaption><\/figure><\/div>\n\n\n\n<p>&nbsp;&nbsp;&nbsp;&nbsp; R\u00f3wnie\u017c<strong> Krzysztof SQ9NIU<\/strong> pracowa\u0142 w zawodach pod w\u0142asnym znakiem i uda\u0142o mu si\u0119 przeprowadzi\u0107 oko\u0142o 300 \u0142\u0105czno\u015bci. Wg relacji Krzysztofa warunki propagacyjne w tym roku nie by\u0142y najlepsze. W miar\u0119 dobrze pracowa\u0142o si\u0119 w pa\u015bmie 20 metr\u00f3w, natomiast na wy\u017cszych pasmach w zasadzie nie by\u0142o s\u0142ycha\u0107 korespondent\u00f3w. Krzysztof w swoim QTH w Katowicach posiada dobrze rozwini\u0119ty system antenowy na KF i dzi\u0119ki jego uprzejmo\u015bci, pod znakiem klubowym cz\u0119sto pracujemy stamt\u0105d w wa\u017cniejszych zawodach krajowych i mi\u0119dzynarodowych.&nbsp;Zapraszamy do wsp\u00f3\u0142pracy w tym zakresie pozosta\u0142ych klubowicz\u00f3w. Tu ka\u017cdy z klubowicz\u00f3w mo\u017ce wykaza\u0107 si\u0119 nie tylko sprawno\u015bci\u0105 operatorsk\u0105, ale r\u00f3wnie\u017c doskonali\u0107 si\u0119 w tym zakresie.<\/p>\n\n\n\n<div class=\"wp-block-image\"><figure class=\"aligncenter size-large\"><img loading=\"lazy\" decoding=\"async\" width=\"400\" height=\"300\" src=\"https:\/\/sp9kjm.pl\/wp-content\/uploads\/2021\/04\/obraz_2021-04-08_172727.png\" alt=\"\" class=\"wp-image-3133\" srcset=\"https:\/\/sp9kjm.com\/wp-content\/uploads\/2021\/04\/obraz_2021-04-08_172727.png 400w, https:\/\/sp9kjm.com\/wp-content\/uploads\/2021\/04\/obraz_2021-04-08_172727-300x225.png 300w\" sizes=\"auto, (max-width: 400px) 100vw, 400px\" \/><figcaption>Krzysztof SQ9NIU w swoim radioshacku<\/figcaption><\/figure><\/div>\n\n\n\n<p>W poniedzia\u0142ek wielkanocny odby\u0142y si\u0119 zorganizowane przez \u015al\u0105ski Oddzia\u0142 Terenowy PZK w Katowicach&nbsp; zawody pod nazw\u0105 \u201ePisanka Wielkanocna 2021\u201d, w kt\u00f3rej <strong>Mateusz SQ9MLZ<\/strong> wzi\u0105\u0142 udzia\u0142 pod znakiem klubowym. Wg relacji Mateusza warunki na UKF by\u0142y z\u0142e, ale uda\u0142o Mu si\u0119 przeprowadzi\u0107 34 \u0142\u0105czno\u015bci. A tak gwoli informacji: Mateusz, jako typowy in\u017cynier \u2013 \u015bcis\u0142y umys\u0142,&nbsp;specjalizuje si\u0119 w wykonywaniu anten, w budowie wielu urz\u0105dze\u0144 i na tym polu posiada wiele imponuj\u0105cych osi\u0105gni\u0119\u0107. Ostatnio pochwali\u0142 si\u0119 wykonan\u0105 przez siebie skrzynk\u0105 antenow\u0105 na KF, kt\u00f3r\u0105 testowa\u0142 na urz\u0105dzeniu klubowym. Testy wypad\u0142y pozytywnie<\/p>\n\n\n\n<div class=\"wp-block-image\"><figure class=\"aligncenter size-large\"><img loading=\"lazy\" decoding=\"async\" width=\"348\" height=\"360\" src=\"https:\/\/sp9kjm.pl\/wp-content\/uploads\/2021\/04\/obraz_2021-04-08_172850.png\" alt=\"\" class=\"wp-image-3134\" srcset=\"https:\/\/sp9kjm.com\/wp-content\/uploads\/2021\/04\/obraz_2021-04-08_172850.png 348w, https:\/\/sp9kjm.com\/wp-content\/uploads\/2021\/04\/obraz_2021-04-08_172850-290x300.png 290w\" sizes=\"auto, (max-width: 348px) 100vw, 348px\" \/><figcaption>Mateusz SQ9MLZ w swoim \u201ekr\u00f3lestwie radiowym\u201d<\/figcaption><\/figure><\/div>\n\n\n\n<p>&nbsp;&nbsp;&nbsp;&nbsp; A oto jedna z anten <strong>Mateusza SQ9MLZ<\/strong> \u2013 7 elementowy Quad na UKF wg <strong>GW4CQT<\/strong>.  Mieli\u015bmy okazj\u0119 pozna\u0107 jej w\u0142a\u015bciwo\u015bci w czasie terenowych zawod\u00f3w na UKF.<\/p>\n\n\n\n<div class=\"wp-block-image\"><figure class=\"aligncenter size-large\"><img loading=\"lazy\" decoding=\"async\" width=\"445\" height=\"250\" src=\"https:\/\/sp9kjm.pl\/wp-content\/uploads\/2021\/04\/obraz_2021-04-08_172910.png\" alt=\"\" class=\"wp-image-3135\" srcset=\"https:\/\/sp9kjm.com\/wp-content\/uploads\/2021\/04\/obraz_2021-04-08_172910.png 445w, https:\/\/sp9kjm.com\/wp-content\/uploads\/2021\/04\/obraz_2021-04-08_172910-300x169.png 300w\" sizes=\"auto, (max-width: 445px) 100vw, 445px\" \/><\/figure><\/div>\n\n\n\n<p>A poni\u017cej inna antena Mateusza &#8211; Delta na 20 m portable<\/p>\n\n\n\n<div class=\"wp-block-image\"><figure class=\"aligncenter size-large\"><img loading=\"lazy\" decoding=\"async\" width=\"262\" height=\"437\" src=\"https:\/\/sp9kjm.pl\/wp-content\/uploads\/2021\/04\/obraz_2021-04-08_172921.png\" alt=\"\" class=\"wp-image-3136\" srcset=\"https:\/\/sp9kjm.com\/wp-content\/uploads\/2021\/04\/obraz_2021-04-08_172921.png 262w, https:\/\/sp9kjm.com\/wp-content\/uploads\/2021\/04\/obraz_2021-04-08_172921-180x300.png 180w\" sizes=\"auto, (max-width: 262px) 100vw, 262px\" \/><\/figure><\/div>\n\n\n\n<p>W zawodach &#8222;Pisanka Wielkanocna 2021&#8221; wzi\u0105\u0142 udzia\u0142 r\u00f3wnie\u017c kolejny nasz klubowicz <strong>Miko\u0142aj SQ9PCO<\/strong>, kt\u00f3ry w cz\u0119\u015bci KF pracuj\u0105c pod w\u0142asnym znakiem zaliczy\u0142 30 QSO.<\/p>\n\n\n\n<div class=\"wp-block-image\"><figure class=\"aligncenter size-large\"><img loading=\"lazy\" decoding=\"async\" width=\"320\" height=\"391\" src=\"https:\/\/sp9kjm.pl\/wp-content\/uploads\/2021\/04\/obraz_2021-04-08_215411.png\" alt=\"\" class=\"wp-image-3152\" srcset=\"https:\/\/sp9kjm.com\/wp-content\/uploads\/2021\/04\/obraz_2021-04-08_215411.png 320w, https:\/\/sp9kjm.com\/wp-content\/uploads\/2021\/04\/obraz_2021-04-08_215411-246x300.png 246w\" sizes=\"auto, (max-width: 320px) 100vw, 320px\" \/><\/figure><\/div>\n\n\n\n<p>Nie wszyscy kr\u00f3tkofalowcy maj\u0105 komfort w postaci uprawiania kr\u00f3tkofalarskiego hobby bez problem\u00f3w. W r\u00f3\u017cnych zak\u0105tkach kraju pokutuje jeszcze w\u015br\u00f3d niekt\u00f3rych os\u00f3b stary przes\u0105d z lat 20-tych ubieg\u0142ego wieku polegaj\u0105cy na tym, \u017ce przez anteny kr\u00f3tkofalarskie kury nie znosz\u0105 jaj, a krowy wykazuj\u0105 mniejsz\u0105 mleczno\u015b\u0107. To zabobon, kt\u00f3ry nie polega na prawdzie, a jedynie robi przys\u0142owiow\u0105 \u201ewod\u0119 z m\u00f3zgu\u201d u os\u00f3b niewtajemniczonych w zakresie nowoczesnej techniki radiowej. A wystarczy troch\u0119 poczyta\u0107 w Internecie, aby przekona\u0107 si\u0119, \u017ce technika radiowa stosowana przez kr\u00f3tkofalowc\u00f3w nie ma \u017cadnego negatywnego wp\u0142ywu na \u017cycie i ludzkie zdrowie. Aby potwierdzi\u0107 t\u0119 tez\u0119, b\u0119dziemy tu od czasu do czasu prezentowa\u0107 r\u00f3\u017cne materia\u0142y -informacje potwierdzaj\u0105ce fakt braku jakiegokolwiek negatywnego wp\u0142ywu na \u017cycie i zdrowie ludzkie ze strony kr\u00f3tkofalarskich fal radiowych. A prawda jest jak najbardziej prozaiczna: kr\u00f3tkofalowcy w wi\u0119kszo\u015bci przes\u0142uchuj\u0105 kr\u00f3tkofalarskie pasma radiowe (nie powoduje to emisji fal radiowych), a je\u015bli si\u0119 odezw\u0105 w eterze to czas nadawania wynosi zaledwie kilka minut i jest to moc nadajnika 50-100 Wat\u00f3w. To \u017cadne zagro\u017cenie. A co mo\u017cna powiedzie\u0107, kiedy nie\u015bwiadomi posiadacze telefon\u00f3w kom\u00f3rkowych godzinami prowadz\u0105 rozmowy nara\u017caj\u0105c w\u0142asne \u017cycie i zdrowie? Tu jest znaczne zagro\u017cenie i nale\u017cy kierowa\u0107 si\u0119 m\u0105dro\u015bci\u0105 \u017cyciow\u0105 i zdrowym rozs\u0105dkiem korzystaj\u0105c z telefonu kom\u00f3rkowego. Fakty w tym zakresie same m\u00f3wi\u0105 za siebie.<\/p>\n\n\n\n<p>&nbsp;&nbsp;&nbsp;&nbsp; Reasumuj\u0105c: nie ma \u017cadnego zagro\u017cenia dla zdrowia i \u017cycia ludzkiego ze strony urz\u0105dze\u0144 nadawczo-odbiorczych kr\u00f3tkofalowc\u00f3w. Jest jeszcze jedna prawda, kt\u00f3ra by\u0107 mo\u017ce nie dociera do wielu os\u00f3b: kr\u00f3tkofalowiec nie jest przeciwnikiem spo\u0142ecze\u0144stwa i w\u0142adz (rozwieszaj\u0105c swoje anteny nadawczo-odbiorcze), a wr\u0119cz odwrotnie \u2013 sojusznikiem. W przypadku awarii system\u00f3w zasilania, kiedy to \u201epadnie\u201d radio, telewizja i inne systemy \u0142\u0105czno\u015bci to mo\u017ce okaza\u0107 si\u0119, \u017ce jedynym \u015brodkiem komunikacji mo\u017ce zosta\u0107 kr\u00f3tkofalowiec \u2013 \u201ez\u0142ota r\u0105czka\u201d, posiadaj\u0105ca alternatywne \u017ar\u00f3d\u0142o zasilania i w sytuacji jakiegokolwiek zagro\u017cenia cywilizacyjnego mo\u017ce s\u0142u\u017cy\u0107 w\u0142adzom i spo\u0142ecze\u0144stwu pomagaj\u0105c w ratowaniu \u017cycia i zdrowia ludzi. A przyk\u0142adem takiego dzia\u0142ania ze strony kr\u00f3tkofalowc\u00f3w by\u0142a ich pomoc w czasie s\u0142ynnej powodzi w dorzeczu Odry w 1997 roku, kiedy to w wyniku podtopie\u0144 \u201epad\u0142a\u201d elektryczno\u015b\u0107 i zaprzesta\u0142o swojej dzia\u0142alno\u015bci lokalne radio, telewizja i sie\u0107 telekomunikacyjna. To wtedy jedynie kr\u00f3tkofalowcy z tego regionu pomogli w opanowaniu sytuacji zapewniaj\u0105c \u0142\u0105czno\u015b\u0107. W\u0142adze pa\u0144stwowe i samorz\u0105dowe doceni\u0142y i nadal doceniaj\u0105 prospo\u0142eczn\u0105 dzia\u0142alno\u015b\u0107 \u015brodowiska kr\u00f3tkofalowc\u00f3w, co w praktyce ma prze\u0142o\u017cenie na praktyk\u0119: dzi\u015b kr\u00f3tkofalowcy zorganizowani s\u0105 w sztabach zarz\u0105dzania kryzysowego i w sytuacji zagro\u017cenia s\u0142u\u017c\u0105 swoim sprz\u0119tem pomagaj\u0105c w ratowaniu \u017cycia i zdrowia obywateli. Ale nie zawsze doceniaj\u0105 to sp\u00f3\u0142dzielnie mieszkaniowe i wsp\u00f3lnoty mieszkaniowe utrudniaj\u0105c kr\u00f3tkofalowcom monta\u017c anten nadawczo-odbiorczych wymy\u015blaj\u0105c coraz to nowe preteksty w postaci np. antena kr\u00f3tkofalowca zak\u0142\u00f3ca widok krajobrazowy lub podobne bzdury. Ale kiedy dojdzie do nieszcz\u0119\u015bcia, to by\u0107 mo\u017ce i ci ludzie przejrz\u0105 na oczy. By\u0107 mo\u017ce wtedy zrozumiej\u0105, \u017ce pope\u0142nili wielki b\u0142\u0105d utrudniaj\u0105c \u017cycie kr\u00f3tkofalowcom. A zatem w interesie og\u00f3lnospo\u0142ecznym nie nale\u017cy utrudnia\u0107 uprawiania kr\u00f3tkofalarskiego hobby grupie pasjonat\u00f3w, kt\u00f3rzy w sytuacji zagro\u017cenia zawsze mog\u0105 s\u0142u\u017cy\u0107 pomoc\u0105 dla nas wszystkich. Przepisy prawne stoj\u0105 po stronie kr\u00f3tkofalowc\u00f3w i w sytuacjach spornych ze sp\u00f3\u0142dzielniami mieszkaniowymi i wsp\u00f3lnotami mieszkaniowymi zawsze w s\u0105dach wygrywaj\u0105 kr\u00f3tkofalowcy. Ale to \u015brodowisko nie chce spraw s\u0105dowych i najcz\u0119\u015bciej pr\u00f3buje dogada\u0107 si\u0119 z adwersarzami. Przemy\u015blmy to \u2013 to rada dla sp\u00f3\u0142dzielni mieszkaniowych i wsp\u00f3lnot mieszkaniowych. Pomagajmy sobie wzajemnie, a nie utrudniajmy sobie \u017cycia. Oby moje racje co do r\u00f3\u017cnego typu nieszcz\u0119\u015b\u0107-zagro\u017ce\u0144 cywilizacyjnych nie spe\u0142ni\u0142y si\u0119 i aby\u015bmy mogli nadal funkcjonowa\u0107 bez takich zagro\u017ce\u0144. Ale zawsze warto mie\u0107 na uwadze takie zagro\u017cenia i ewentualn\u0105 pomoc nie tylko siemianowickiego&nbsp; \u015brodowiska kr\u00f3tkofalowc\u00f3w.<\/p>\n\n\n\n<p>&nbsp;&nbsp;&nbsp;&nbsp; A oto jeden z artyku\u0142\u00f3w wyszukanych w Internecie na stronie:&nbsp; <a href=\"https:\/\/isrodmiescie.pl\/artykul\/anteny-na-powislu\/300033\" target=\"_blank\" rel=\"noreferrer noopener\">https:\/\/isrodmiescie.pl\/artykul\/anteny-na-powislu\/300033<\/a> przedstawiaj\u0105cy problematyk\u0119 instalowania anten nadawczo-odbiorczych:<\/p>\n\n\n\n<p><strong><em>Anteny na Powi\u015blu \u2013 ostateczne wyja\u015bnienie tajemnicy<\/em><\/strong><\/p>\n\n\n\n<div class=\"wp-block-image\"><figure class=\"aligncenter size-large\"><img loading=\"lazy\" decoding=\"async\" width=\"534\" height=\"289\" src=\"https:\/\/sp9kjm.pl\/wp-content\/uploads\/2021\/04\/obraz_2021-04-08_174103.png\" alt=\"\" class=\"wp-image-3137\" srcset=\"https:\/\/sp9kjm.com\/wp-content\/uploads\/2021\/04\/obraz_2021-04-08_174103.png 534w, https:\/\/sp9kjm.com\/wp-content\/uploads\/2021\/04\/obraz_2021-04-08_174103-300x162.png 300w, https:\/\/sp9kjm.com\/wp-content\/uploads\/2021\/04\/obraz_2021-04-08_174103-500x271.png 500w\" sizes=\"auto, (max-width: 534px) 100vw, 534px\" \/><\/figure><\/div>\n\n\n\n<p><em>Po 2,5 roku od publikacji artyku\u0142u skontaktowa\u0142 si\u0119 z nami w\u0142a\u015bciciel anteny znajduj\u0105cej si\u0119 na dachu jednego z budynk\u00f3w przy ulicy Radnej. Okazuje si\u0119, \u017ce jej posiadaczem jest kr\u00f3tkofalowiec, cz\u0142onek Polskiego Zwi\u0105zku Kr\u00f3tkofalowc\u00f3w oraz Mi\u0119dzynarodowej Unii Telekomunikacyjnej od 45 lat, kt\u00f3ry posiada liczne zas\u0142ugi i osi\u0105gni\u0119cia w sporcie radioamatorskim potwierdzone wieloma trofeami. Jest r\u00f3wnie\u017c cz\u0142onkiem Og\u00f3lnopolskiej Radiowej Sieci \u0141\u0105czno\u015bci Kryzysowej.<\/em><\/p>\n\n\n\n<p><em>Absolwent Wy\u017cszej Szko\u0142y Morskiej w Gdyni. W latach 1980-1999 pracowa\u0142 jako Radio Oficer na statkach polskich i obcych bander. W chwili obecnej jest zatrudniony jako kapitan na brytyjskich statkach ratowniczych obs\u0142uguj\u0105cych platformy wiertnicze na Morzu P\u00f3\u0142nocnym.<\/em><\/p>\n\n\n\n<p><em>W\/w posiada Pozwolenie Radiowe, kt\u00f3re upowa\u017cnia do u\u017cywania stacji radiowej, a co si\u0119 z tym wi\u0105\u017ce do instalacji system\u00f3w antenowych, na kt\u00f3re ma pozwolenie Wsp\u00f3lnoty Mieszkaniowej. Posiada r\u00f3wnie\u017c homologacj\u0119 i potwierdzenie pomiaru promieniowania elektromagnetycznego pod k\u0105tem szkodliwo\u015bci dla zdrowia ludzi oraz \u015brodowiska naturalnego i dopuszczeniu anteny do u\u017cytku jako ca\u0142kowicie bezpiecznej dla mieszka\u0144c\u00f3w (w ka\u017cdej chwili do wgl\u0105du). Promieniowanie elektromagnetyczne jest dobrze odfiltrowane i nie wp\u0142ywa na zak\u0142\u00f3cenia odbioru innych sygna\u0142\u00f3w radiowych, telewizyjnych i satelitarnych.<\/em><\/p>\n\n\n\n<p><em>Antena znajduj\u0105ca si\u0119 po drugiej stronie ulicy r\u00f3wnie\u017c nale\u017cy do kr\u00f3tkofalowca, kt\u00f3ry na jej instalacj\u0119 i u\u017cytkowanie posiada niezb\u0119dne zezwolenia. Jej w\u0142a\u015bcicielem jest magister in\u017cynier informatyki zatrudniony w wiod\u0105cej \u015bwiatowej firmie komputerowej i radiokomunikacyjnej maj\u0105cej swoje przedstawicielstwo w Warszawie.<\/em><\/p>\n\n\n\n<p><em>W zwi\u0105zku z tym okoliczni mieszka\u0144cy nie musz\u0105 si\u0119 niczego obawia\u0107 i miejmy nadziej\u0119, \u017ce sprawa zosta\u0142a ostatecznie wyja\u015bniona.<\/em><\/p>\n\n\n\n<p><em>Wi\u0119cej nt. kr\u00f3tkofalowc\u00f3w:<\/em><\/p>\n\n\n\n<p><a href=\"https:\/\/pzk.org.pl\" target=\"_blank\" rel=\"noreferrer noopener\">https:\/\/pzk.org.pl<\/a><\/p>\n\n\n\n<p><a href=\"https:\/\/pl.wikipedia.org\/wiki\/Polski_Zwi\u0105zek_Krkr\u00f3tkofalowc\u00f3w\" target=\"_blank\" rel=\"noreferrer noopener\">https:\/\/pl.wikipedia.org\/wiki\/Polski_Zwi\u0105zek_Krkr\u00f3tkofalowc\u00f3w<\/a><\/p>\n\n\n\n<p><a href=\"http:\/\/www.pzk.info.pl\/start\" target=\"_blank\" rel=\"noreferrer noopener\"><em>http:\/\/www.pzk.info.pl\/start<\/em><\/a><\/p>\n\n\n\n<p><a href=\"http:\/\/ostol.pl\/co-to-jest-krotkofalarstwo\/\" target=\"_blank\" rel=\"noreferrer noopener\"><em>http:\/\/ostol.pl\/co-to-jest-krotkofalarstwo\/<\/em><\/a><\/p>\n\n\n\n<p><a href=\"http:\/\/www.cbworld.republika.pl\/zostankf.htm\" target=\"_blank\" rel=\"noreferrer noopener\"><em>http:\/\/www.cbworld.republika.pl\/zostankf.htm<\/em><\/a><\/p>\n\n\n\n<p>&nbsp;&nbsp;&nbsp;&nbsp; Powstrzymuj\u0119 si\u0119 od zamieszczenia licznych komentarzy w tej sprawie \u2013 padaj\u0105 tu zar\u00f3wno komentarze pozytywne, jak i negatywne. Autorzy negatywnych komentarzy, by\u0107 mo\u017ce, nie do ko\u0144ca rozumiej\u0105 na czym polega kr\u00f3tkofalarstwo i zawsze wietrz\u0105 podst\u0119p. Ale charakter prowadzonych tu polemik pokazuje jakie mamy podzielone spo\u0142ecze\u0144stwo. A jaki jest spos\u00f3b na poznanie prawdy? Du\u017co czyta\u0107, poszerza\u0107 swoje horyzonty my\u015blowe i wyci\u0105ga\u0107 wnioski. Nie ma bowiem \u017cadnych zagro\u017ce\u0144 ze strony urz\u0105dze\u0144 kr\u00f3tkofalarskich.<\/p>\n\n\n\n<p><strong>&nbsp;&nbsp;&nbsp;&nbsp; Wnioski ko\u0144cowe:<\/strong> dzi\u0119kujemy naszym klubowiczom za aktywno\u015b\u0107 radiow\u0105 w tych trudnych czasach. Musimy jeszcze troch\u0119 poczeka\u0107, a\u017c wirus Covid 19 nie b\u0119dzie stanowi\u0142 powa\u017cnego zagro\u017cenia nie tylko dla naszego \u015brodowiska. A p\u00f3ki co to musimy pozosta\u0107 w naszych mieszkaniach i o\u017cywiajmy cz\u0119\u015bciej pasma radiowe. Je\u015bli nast\u0105pi\u0105 normalne czasy to przed naszym klubowym \u015brodowiskiem jest wiele wyzwa\u0144. Jednym z takich wyzwa\u0144 s\u0105 wyprawy terenowe z radiostacj\u0105 klubow\u0105. A miejsc do wypraw mamy kilka i podejmiemy decyzj\u0119 o wyborze najlepszej lokalizacji na wypady weekendowe. Cieszy nas fakt, \u017ce prezesem \u015al\u0105skiej Organizacji Wojew\u00f3dzkiej LOK w Katowicach zosta\u0142 kr\u00f3tkofalowiec <strong>Leszek Walig\u00f3ra SP9WZR <\/strong>z tarnog\u00f3rskiego klubu <strong>SP9KDU<\/strong>. Z <strong>Leszkiem SP9WZR<\/strong> znamy si\u0119 prawie 40 lat i ju\u017c wst\u0119pnie okre\u015blili\u015bmy p\u0142aszczyzny wsp\u00f3\u0142pracy. Powr\u00f3cimy mi\u0119dzy innymi do kontynuowania popularnych w poprzednich latach zawod\u00f3w terenowych pod nazw\u0105 \u201ePolny Dzie\u0144\u201d.<\/p>\n\n\n\n<p>A w odniesieniu do sp\u00f3\u0142dzielni mieszkaniowych i wsp\u00f3lnot mieszkaniowych to nasza pro\u015bba: pomagajmy sobie nawzajem dla naszego wsp\u00f3lnego dobra, a nie utrudniajmy sobie \u017cycia.<\/p>\n\n\n\n<p><strong>Info: Tadeusz SP9HQJ<\/strong><\/p>\n","protected":false},"excerpt":{"rendered":"<p>&nbsp;&nbsp;&nbsp;&nbsp; Mi\u0142o nam poinformowa\u0107 cz\u0142onk\u00f3w i sympatyk\u00f3w naszego klubu oraz czytelnik\u00f3w przegl\u0105daj\u0105cych nasz\u0105 stron\u0119 klubow\u0105, \u017ce w ostatnich zawodach pod nazw\u0105 \u201eCQ WPX SSB Contest&nbsp;2021\u201d, przeprowadzonych w ostatni weekend kwietnia br. nasza stacja klubowa zaj\u0119\u0142a 2 miejsce w kraju, 36 &hellip; <a href=\"https:\/\/sp9kjm.com\/index.php\/2021\/04\/08\/swieta-swieta-i-po-swietach\/\">Czytaj dalej <span class=\"meta-nav\">&rarr;<\/span><\/a><\/p>\n","protected":false},"author":5,"featured_media":0,"comment_status":"closed","ping_status":"closed","sticky":false,"template":"","format":"standard","meta":{"c2c-post-author-ip":"","footnotes":""},"categories":[38,34],"tags":[],"class_list":["post-3131","post","type-post","status-publish","format-standard","hentry","category-latest-news","category-news"],"_links":{"self":[{"href":"https:\/\/sp9kjm.com\/index.php\/wp-json\/wp\/v2\/posts\/3131","targetHints":{"allow":["GET"]}}],"collection":[{"href":"https:\/\/sp9kjm.com\/index.php\/wp-json\/wp\/v2\/posts"}],"about":[{"href":"https:\/\/sp9kjm.com\/index.php\/wp-json\/wp\/v2\/types\/post"}],"author":[{"embeddable":true,"href":"https:\/\/sp9kjm.com\/index.php\/wp-json\/wp\/v2\/users\/5"}],"replies":[{"embeddable":true,"href":"https:\/\/sp9kjm.com\/index.php\/wp-json\/wp\/v2\/comments?post=3131"}],"version-history":[{"count":10,"href":"https:\/\/sp9kjm.com\/index.php\/wp-json\/wp\/v2\/posts\/3131\/revisions"}],"predecessor-version":[{"id":3154,"href":"https:\/\/sp9kjm.com\/index.php\/wp-json\/wp\/v2\/posts\/3131\/revisions\/3154"}],"wp:attachment":[{"href":"https:\/\/sp9kjm.com\/index.php\/wp-json\/wp\/v2\/media?parent=3131"}],"wp:term":[{"taxonomy":"category","embeddable":true,"href":"https:\/\/sp9kjm.com\/index.php\/wp-json\/wp\/v2\/categories?post=3131"},{"taxonomy":"post_tag","embeddable":true,"href":"https:\/\/sp9kjm.com\/index.php\/wp-json\/wp\/v2\/tags?post=3131"}],"curies":[{"name":"wp","href":"https:\/\/api.w.org\/{rel}","templated":true}]}}