{"id":3039,"date":"2021-03-12T18:32:48","date_gmt":"2021-03-12T17:32:48","guid":{"rendered":"https:\/\/sp9kjm.com\/?p=3039"},"modified":"2021-03-12T18:33:51","modified_gmt":"2021-03-12T17:33:51","slug":"przybywa-nam-dyplomow","status":"publish","type":"post","link":"https:\/\/sp9kjm.com\/index.php\/2021\/03\/12\/przybywa-nam-dyplomow\/","title":{"rendered":"Przybywa nam dyplom\u00f3w"},"content":{"rendered":"\n<p>Coraz cz\u0119\u015bciej znak naszej stacji klubowej jest s\u0142yszany w eterze. Nasza obecno\u015b\u0107 w bardziej presti\u017cowych zawodach krajowych i mi\u0119dzynarodowych powoli staje si\u0119 norm\u0105. Na KF najwi\u0119ksz\u0105 aktywno\u015b\u0107 wykazuje <strong>Krzysztof SQ9NIU<\/strong>, <strong>Marek SP2NNO<\/strong>, <strong>Sebastian SP9TDA <\/strong>oraz czasami <strong>Tadeusz SP9HQJ<\/strong>. Na UKF nie do pobicia pozostaje <strong>Mateusz SQ9MLZ<\/strong>. W zawodach nie mo\u017cemy si\u0119 r\u00f3wna\u0107 do krajowych stacji kontekstowych wyposa\u017conych w rozbudowane systemy antenowe, ale mimo to zaczynamy osi\u0105ga\u0107 coraz lepsze wyniki. A oto tylko niekt\u00f3re z nich:<\/p>\n\n\n\n<ol class=\"wp-block-list\" type=\"1\"><li>W zawodach \u201eSP OTC 2021\u201d w kategorii D (pozosta\u0142e stacje SSB) nasz klub zaj\u0105\u0142 3 miejsce w kraju, a w tej kategorii bra\u0142o udzia\u0142 39 stacji. Brawo <strong>Marcinie SQ9ITA<\/strong>.<\/li><li>W zawodach UKF pod nazw\u0105 \u201e2020 IARU Region I 144 MHz Contest\u201d w kategorii MO-LP stacja klubowa zaj\u0119\u0142a 23 miejsce w I Regionie IARU i 3 miejsce w kraju. Brawo <strong>Mateusz SQ9MLZ<\/strong>.<\/li><li>W \u201ezawodach Podkarpackich\u201d nasza stacja uzyska\u0142a 6 miejsce w kraju, a tej kategorii pracowa\u0142o 68 stacji. To niez\u0142y wynik, na kt\u00f3ry w pe\u0142ni zas\u0142u\u017cy\u0142 pracuj\u0105cy w zawodach <strong>Marcin SQ9ITA<\/strong>. Brawo!<\/li><li>W zawodach \u201eDzie\u0144 My\u015bli Braterskiej\u201d stacja klubowa zaj\u0119\u0142a 12 miejsce ex aequo ze stacj\u0105 <strong>SP4KPP<\/strong> uzyskuj\u0105c tak\u0105 sam\u0105 liczb\u0119 punkt\u00f3w. Ale w zawodach tych <strong>Marcin SQ9ITA<\/strong> pracowa\u0142 zaledwie 15 minut. Jak na tak kr\u00f3tki czas to wynik imponuj\u0105cy. Brawo Marcinie !<\/li><li>W zawodach \u201eEU DX Contest KF 21\u201d nasza stacja klubowa uzyska\u0142a 21 miejsce, co te\u017c nie jest z\u0142ym wynikiem.&nbsp; W zawodach tych pracowali: <strong>Krzysztof SQ9NIU<\/strong>, <strong>Marek SP2NNO<\/strong> i <strong>Tadeusz SP9HQJ<\/strong>. Dzi\u0119kujemy zawodnikom.<\/li><li>W zawodach \u201eJA DX Contest\u201d zaj\u0119li\u015bmy 8 miejsce w kraju. W zawodach tych pracowali: <strong>Krzysztof SQ9NIU<\/strong>, <strong>Marek SP2NNO<\/strong> i <strong>Sebastian SP9TDA<\/strong>. Dzi\u0119kujemy za aktywno\u015b\u0107.<\/li><\/ol>\n\n\n\n<!--more-->\n\n\n\n<p>Nie ma jeszcze wynik\u00f3w innych zawod\u00f3w, w kt\u00f3rych nasza stacja klubowa wzi\u0119\u0142a udzia\u0142. A oto niekt\u00f3re dyplomy zdobyte w wyniku zawod\u00f3w:<\/p>\n\n\n\n<div class=\"wp-block-image\"><figure class=\"aligncenter size-large\"><img loading=\"lazy\" decoding=\"async\" width=\"474\" height=\"336\" src=\"https:\/\/sp9kjm.com\/wp-content\/uploads\/2021\/03\/obraz_2021-03-12_182505.png\" alt=\"\" class=\"wp-image-3040\" srcset=\"https:\/\/sp9kjm.com\/wp-content\/uploads\/2021\/03\/obraz_2021-03-12_182505.png 474w, https:\/\/sp9kjm.com\/wp-content\/uploads\/2021\/03\/obraz_2021-03-12_182505-300x213.png 300w, https:\/\/sp9kjm.com\/wp-content\/uploads\/2021\/03\/obraz_2021-03-12_182505-423x300.png 423w\" sizes=\"auto, (max-width: 474px) 100vw, 474px\" \/><\/figure><\/div>\n\n\n\n<div class=\"wp-block-image\"><figure class=\"aligncenter size-large\"><img loading=\"lazy\" decoding=\"async\" width=\"488\" height=\"349\" src=\"https:\/\/sp9kjm.com\/wp-content\/uploads\/2021\/03\/obraz_2021-03-12_182519.png\" alt=\"\" class=\"wp-image-3041\" srcset=\"https:\/\/sp9kjm.com\/wp-content\/uploads\/2021\/03\/obraz_2021-03-12_182519.png 488w, https:\/\/sp9kjm.com\/wp-content\/uploads\/2021\/03\/obraz_2021-03-12_182519-300x215.png 300w, https:\/\/sp9kjm.com\/wp-content\/uploads\/2021\/03\/obraz_2021-03-12_182519-419x300.png 419w\" sizes=\"auto, (max-width: 488px) 100vw, 488px\" \/><\/figure><\/div>\n\n\n\n<div class=\"wp-block-image\"><figure class=\"aligncenter size-large\"><img loading=\"lazy\" decoding=\"async\" width=\"517\" height=\"365\" src=\"https:\/\/sp9kjm.com\/wp-content\/uploads\/2021\/03\/obraz_2021-03-12_182529.png\" alt=\"\" class=\"wp-image-3042\" srcset=\"https:\/\/sp9kjm.com\/wp-content\/uploads\/2021\/03\/obraz_2021-03-12_182529.png 517w, https:\/\/sp9kjm.com\/wp-content\/uploads\/2021\/03\/obraz_2021-03-12_182529-300x212.png 300w, https:\/\/sp9kjm.com\/wp-content\/uploads\/2021\/03\/obraz_2021-03-12_182529-425x300.png 425w\" sizes=\"auto, (max-width: 517px) 100vw, 517px\" \/><\/figure><\/div>\n\n\n\n<p>Nieco inn\u0105 aktywno\u015b\u0107 wykazuje <strong>Miko\u0142aj SQ9PCO<\/strong>, kt\u00f3ry specjalizuje si\u0119 w akcjach dyplomowych. Miko\u0142aj sam wydaje dyplomy, jak te\u017c zdobywa dyplomy na rzecz klubu. Wszystkie dyplomy umieszczane s\u0105 w zak\u0142adce klubowej pod nazw\u0105 Puchary i dyplomy. W ostatnim okresie Miko\u0142aj zdoby\u0142 dla klubu ponad 10 dyplom\u00f3w. Tu prezentuj\u0119 3 najciekawsze dyplomy zdobyte przez Miko\u0142aja:<\/p>\n\n\n\n<div class=\"wp-block-image\"><figure class=\"aligncenter size-large\"><img loading=\"lazy\" decoding=\"async\" width=\"537\" height=\"395\" src=\"https:\/\/sp9kjm.com\/wp-content\/uploads\/2021\/03\/obraz_2021-03-12_182552.png\" alt=\"\" class=\"wp-image-3043\" srcset=\"https:\/\/sp9kjm.com\/wp-content\/uploads\/2021\/03\/obraz_2021-03-12_182552.png 537w, https:\/\/sp9kjm.com\/wp-content\/uploads\/2021\/03\/obraz_2021-03-12_182552-300x221.png 300w, https:\/\/sp9kjm.com\/wp-content\/uploads\/2021\/03\/obraz_2021-03-12_182552-408x300.png 408w\" sizes=\"auto, (max-width: 537px) 100vw, 537px\" \/><\/figure><\/div>\n\n\n\n<div class=\"wp-block-image\"><figure class=\"aligncenter size-large\"><img loading=\"lazy\" decoding=\"async\" width=\"537\" height=\"375\" src=\"https:\/\/sp9kjm.com\/wp-content\/uploads\/2021\/03\/obraz_2021-03-12_182606.png\" alt=\"\" class=\"wp-image-3044\" srcset=\"https:\/\/sp9kjm.com\/wp-content\/uploads\/2021\/03\/obraz_2021-03-12_182606.png 537w, https:\/\/sp9kjm.com\/wp-content\/uploads\/2021\/03\/obraz_2021-03-12_182606-300x209.png 300w, https:\/\/sp9kjm.com\/wp-content\/uploads\/2021\/03\/obraz_2021-03-12_182606-430x300.png 430w\" sizes=\"auto, (max-width: 537px) 100vw, 537px\" \/><\/figure><\/div>\n\n\n\n<div class=\"wp-block-image\"><figure class=\"aligncenter size-large\"><img loading=\"lazy\" decoding=\"async\" width=\"537\" height=\"377\" src=\"https:\/\/sp9kjm.com\/wp-content\/uploads\/2021\/03\/obraz_2021-03-12_182621.png\" alt=\"\" class=\"wp-image-3045\" srcset=\"https:\/\/sp9kjm.com\/wp-content\/uploads\/2021\/03\/obraz_2021-03-12_182621.png 537w, https:\/\/sp9kjm.com\/wp-content\/uploads\/2021\/03\/obraz_2021-03-12_182621-300x211.png 300w, https:\/\/sp9kjm.com\/wp-content\/uploads\/2021\/03\/obraz_2021-03-12_182621-427x300.png 427w\" sizes=\"auto, (max-width: 537px) 100vw, 537px\" \/><\/figure><\/div>\n\n\n\n<p>W ostatni wtorek nasz klub odwiedzi\u0142 Dyrektor Biura \u015al\u0105skiej Organizacji LOK w Katowicach Ryszard Kasprzyk. Jego wizyta podyktowana by\u0142a ustaleniom zwi\u0105zanym z przewidywanym na najbli\u017csz\u0105 niedziel\u0119 tj. 14 marca br. Zebrania Sprawozdawczo-Wyborczego ZW LOK w Katowicach, kt\u00f3re b\u0119dzie mia\u0142o miejsce w Domu Kultury \u201eChemik\u201d w Siemianowicach \u015al\u0105skich. Po za\u0142atwieniu formalno\u015bci z kierownikiem DK \u201eChemik\u201d by\u0142a okazja do uzgodnienia wielu spraw organizacyjnych dotycz\u0105cych naszego klubu. Uzgodnili\u015bmy, \u017ce klub w\u0142\u0105czy si\u0119 do organizacji zebrania zapewniaj\u0105c logistyk\u0119. Om\u00f3wili\u015bmy r\u00f3wnie\u017c spraw\u0119 naszych wyjazd\u00f3w z radiostacj\u0105 klubow\u0105 w teren i pomoc logistyczn\u0105 ZW LOK w tym zakresie. Jedno jest pewne: na daleko id\u0105c\u0105 pomoc ze strony ZW LOK w Katowicach zawsze mo\u017cemy liczy\u0107. Zapoznali\u015bmy r\u00f3wnie\u017c z naszymi dokonaniami i sukcesami, jakie na przestrzeni ostatnich dw\u00f3ch lat uda\u0142o si\u0119 nam osi\u0105gn\u0105\u0107. A dokonali\u015bmy naprawd\u0119 wiele. W nast\u0119pnej relacji przeka\u017cemy mi\u0119dzy innymi informacj\u0119 z przebiegu Zjazdu.<\/p>\n\n\n\n<p>I na koniec smutna wiadomo\u015b\u0107: 9 marca 2021 r., po kr\u00f3tkiej chorobie w wieku 72 lat, zmar\u0142 <strong>Mieczys\u0142aw Ko\u0142odziejski&nbsp;SP9NWN<\/strong>. Mieczys\u0142aw by\u0142 wieloletnim cz\u0142onkiem \u015al\u0105skiego Oddzia\u0142u Terenowego OT 06 PZK w Katowicach. By\u0142 doskona\u0142ym operatorem klubu <strong>SP9PTO<\/strong>, a nast\u0119pnie <strong>SP9YGD<\/strong>. Pracowa\u0142 na pasmach HF i UHF, uczestniczy\u0142 w wielu zawodach krajowych i mi\u0119dzynarodowych, by\u0142 wsp\u00f3\u0142organizatorem gry harcersko-survivalowej pod nazw\u0105 \u201ePustynna Burza&#8221;. By\u0142 Jednym z pierwszych operator\u00f3w emisjami cyfrowymi w SP. By\u0142 te\u017c uczestnikiem ekspedycji IOTA EJ0PL. Sta\u0142y uczestnik spotka\u0144 kr\u00f3tkofalarskich. Nie us\u0142yszymy ju\u017c charakterystycznego, broadcastingowego g\u0142osu \u015aP. Mieczys\u0142awa. Wyrazy wsp\u00f3\u0142czucia rodzinie sk\u0142adaj\u0105 koledzy z <strong>SP9YGD<\/strong> oraz Zarz\u0105d i cz\u0142onkowie OT 06 w Katowicach oraz cz\u0142onkowie klubu <strong>SP9KJM<\/strong>.<\/p>\n\n\n\n<div class=\"wp-block-image\"><figure class=\"aligncenter size-large\"><img loading=\"lazy\" decoding=\"async\" width=\"321\" height=\"465\" src=\"https:\/\/sp9kjm.com\/wp-content\/uploads\/2021\/03\/obraz_2021-03-12_182642.png\" alt=\"\" class=\"wp-image-3046\" srcset=\"https:\/\/sp9kjm.com\/wp-content\/uploads\/2021\/03\/obraz_2021-03-12_182642.png 321w, https:\/\/sp9kjm.com\/wp-content\/uploads\/2021\/03\/obraz_2021-03-12_182642-207x300.png 207w\" sizes=\"auto, (max-width: 321px) 100vw, 321px\" \/><figcaption>SP9NWN \u2013 SK<\/figcaption><\/figure><\/div>\n\n\n\n<p><strong>Info: Tadeusz SP9HQJ<\/strong><\/p>\n","protected":false},"excerpt":{"rendered":"<p>Coraz cz\u0119\u015bciej znak naszej stacji klubowej jest s\u0142yszany w eterze. Nasza obecno\u015b\u0107 w bardziej presti\u017cowych zawodach krajowych i mi\u0119dzynarodowych powoli staje si\u0119 norm\u0105. Na KF najwi\u0119ksz\u0105 aktywno\u015b\u0107 wykazuje Krzysztof SQ9NIU, Marek SP2NNO, Sebastian SP9TDA oraz czasami Tadeusz SP9HQJ. Na UKF &hellip; <a href=\"https:\/\/sp9kjm.com\/index.php\/2021\/03\/12\/przybywa-nam-dyplomow\/\">Czytaj dalej <span class=\"meta-nav\">&rarr;<\/span><\/a><\/p>\n","protected":false},"author":5,"featured_media":0,"comment_status":"closed","ping_status":"closed","sticky":false,"template":"","format":"standard","meta":{"c2c-post-author-ip":"","footnotes":""},"categories":[38,34],"tags":[],"class_list":["post-3039","post","type-post","status-publish","format-standard","hentry","category-latest-news","category-news"],"_links":{"self":[{"href":"https:\/\/sp9kjm.com\/index.php\/wp-json\/wp\/v2\/posts\/3039","targetHints":{"allow":["GET"]}}],"collection":[{"href":"https:\/\/sp9kjm.com\/index.php\/wp-json\/wp\/v2\/posts"}],"about":[{"href":"https:\/\/sp9kjm.com\/index.php\/wp-json\/wp\/v2\/types\/post"}],"author":[{"embeddable":true,"href":"https:\/\/sp9kjm.com\/index.php\/wp-json\/wp\/v2\/users\/5"}],"replies":[{"embeddable":true,"href":"https:\/\/sp9kjm.com\/index.php\/wp-json\/wp\/v2\/comments?post=3039"}],"version-history":[{"count":2,"href":"https:\/\/sp9kjm.com\/index.php\/wp-json\/wp\/v2\/posts\/3039\/revisions"}],"predecessor-version":[{"id":3048,"href":"https:\/\/sp9kjm.com\/index.php\/wp-json\/wp\/v2\/posts\/3039\/revisions\/3048"}],"wp:attachment":[{"href":"https:\/\/sp9kjm.com\/index.php\/wp-json\/wp\/v2\/media?parent=3039"}],"wp:term":[{"taxonomy":"category","embeddable":true,"href":"https:\/\/sp9kjm.com\/index.php\/wp-json\/wp\/v2\/categories?post=3039"},{"taxonomy":"post_tag","embeddable":true,"href":"https:\/\/sp9kjm.com\/index.php\/wp-json\/wp\/v2\/tags?post=3039"}],"curies":[{"name":"wp","href":"https:\/\/api.w.org\/{rel}","templated":true}]}}