{"id":2911,"date":"2021-01-13T21:08:41","date_gmt":"2021-01-13T20:08:41","guid":{"rendered":"https:\/\/sp9kjm.com\/?p=2911"},"modified":"2021-01-13T21:13:27","modified_gmt":"2021-01-13T20:13:27","slug":"sp9kjm-w-czasie-w-pandemii-koronawirusa-covid-19","status":"publish","type":"post","link":"https:\/\/sp9kjm.com\/index.php\/2021\/01\/13\/sp9kjm-w-czasie-w-pandemii-koronawirusa-covid-19\/","title":{"rendered":"SP9KJM w czasie w pandemii Koronawirusa Covid 19"},"content":{"rendered":"\n<p>Dalszy wzrost zachorowa\u0144 na wirus Covid 19 i restrykcyjne decyzje w\u0142adz pa\u0144stwowych, polegaj\u0105ce na zakazie wszelkiego typu dzia\u0142alno\u015bci zbiorowej sprowadzaj\u0105cej si\u0119 do uczestnictwa jedynie do 5 os\u00f3b spowodowa\u0142y, \u017ce aktywno\u015b\u0107 wielu organizacji pozarz\u0105dowych zawiesi\u0142a swoj\u0105 dzia\u0142alno\u015b\u0107.&nbsp;Tak te\u017c si\u0119 sta\u0142o z naszym klubem.&nbsp;Ale nie poddajemy si\u0119: je\u015bli mo\u017cna spotka\u0107 si\u0119 w mniejszym gronie to i my r\u00f3wnie\u017c stosujemy si\u0119 do tego zalecenia. Po okresie zawieszenia dzia\u0142alno\u015bci klubowej na okres \u015bwi\u0105teczno &#8211; noworoczny, po raz pierwszy w tym roku, w zmniejszonym sk\u0142adzie osobowym spotkali\u015bmy si\u0119&nbsp; 5 stycznia. W czasie tego spotkania, poza prezesem klubu <strong>Tadeuszem SP9HQJ<\/strong> w spotkaniu wzi\u0105\u0142 <strong>J\u00f3zef SQ9FII<\/strong>, <strong>Sebastian SP9TDA<\/strong> i <strong>Krzysztof SQ9NIU<\/strong>.<\/p>\n\n\n\n<!--more-->\n\n\n\n<p>&nbsp;&nbsp;&nbsp;&nbsp; W czasie tego spotkania klubowego nasz skarbnik klubowy <strong>J\u00f3zef SQ9FII<\/strong> przedstawi\u0142 aktualn\u0105 sytuacj\u0119 finansow\u0105 klubow\u0105 stwierdzaj\u0105c, \u017ce dysponujemy kwot\u0105, kt\u00f3ra w tym roku nie pozwala na wielkie szale\u0144stwa, ale na mniejsze przedsi\u0119wzi\u0119cia. W zwi\u0105zku z powy\u017cszym uprzejmie prosimy naszych koleg\u00f3w klubowych o dokonywanie op\u0142at cz\u0142onkowskich na rok bie\u017c\u0105cych wynosz\u0105cych rocznie 120 z\u0142otych. Op\u0142aty te mo\u017cna wnosi\u0107 w dw\u00f3ch ratach. Wniesione op\u0142aty cz\u0142onkowskie znacznie podbuduj\u0105 nasz bud\u017cet klubowy, a to b\u0119dzie mia\u0142o realny wp\u0142yw na realizacj\u0119 naszych przedsi\u0119wzi\u0119\u0107 klubowych. Jednym z wa\u017cniejszych planowanych przedsi\u0119wzi\u0119\u0107 jest wiosenna wyprawa naszego zespo\u0142u klubowego w ciekawe miejsce poza granicami naszego kraju i udzia\u0142 w zawodach mi\u0119dzynarodowych. Czy nam si\u0119 to uda? Na chwil\u0119 obecn\u0105 nie wiemy, poniewa\u017c ograniczenia w zakresie wirusa Covid 19 nie pozwalaj\u0105 na swobodne podr\u00f3\u017ce po Europie. Zatem poczekajmy na dalszy rozw\u00f3j wypadk\u00f3w. Ale, poza planowanymi wypadami zagranicznymi(o ile warunki pandemiczne ust\u0105pi\u0105) zamierzamy bra\u0107 udzia\u0142 w wielu przedsi\u0119wzi\u0119ciach og\u00f3lnopolskich (np. \u0141O\u015a 2021) i regionalnych(np. Koniak\u00f3w 2021, Spotkanie na Polanie klubu <strong>SP9PEW<\/strong> i inne). Zamierzamy te\u017c przeprowadzi\u0107 klubowe wyjazdy w teren np. do O\u015brodka Harcerskiego w Kucobach ko\u0142o Olesna i w inne ciekawsze miejsca. Zawsze w takich przypadkach pracowa\u0107 b\u0119dziemy pod znakiem klubowym.<\/p>\n\n\n\n<p>\u00a0\u00a0\u00a0\u00a0 Aby sprosta\u0107 tym zadaniom potrzebne b\u0119d\u0105 odpowiednie \u015brodki. Zamierzamy r\u00f3wnie\u017c przygotowa\u0107 naszym przedstawicielom koszulki klubowe, koszulki organizacyjne i polarowe bluzy ze znakiem klubowym oraz logo PZK i LOK. Mamy te\u017c najprostsz\u0105 wiat\u0119 chroni\u0105c\u0105 nas przed opadami w czasie wyjazd\u00f3w terenowych, ale po naszej ostatniej listopadowej aktywno\u015bci w ramach zawod\u00f3w UKF w Siewierskiej G\u00f3rze na skutek silnego wiatru uleg\u0142a uszkodzeniu i nale\u017cy pomy\u015ble\u0107 o nabyciu czego\u015b porz\u0105dniejszego. Nie m\u00f3wi\u0119 te\u017c o zakupie sprz\u0119tu nadawczo &#8211; odbiorczego, na co r\u00f3wnie\u017c potrzeba troch\u0119 kasy. Ale od czego s\u0105 pomys\u0142y naszych klubowych koleg\u00f3w? Ostatnio zrodzi\u0142 si\u0119 ciekawy pomys\u0142, ale na razie nie m\u00f3wi\u0119 o tym g\u0142o\u015bno. Jednym s\u0142owem: pomys\u0142\u00f3w nam nie brakuje i pewnie uda si\u0119 nam tzn. ca\u0142emu Zespo\u0142owi osi\u0105ga\u0107 zaplanowane cele.<\/p>\n\n\n\n<p>&nbsp;&nbsp;&nbsp;&nbsp; R\u00f3wnie\u017c w czasie ostatniego spotkania klubowego tj. we wtorek 12 stycznia br. by\u0142 obecny prezes klubu <strong>SP9HQJ<\/strong>, a wkr\u00f3tce przyby\u0142 <strong>Mateusz SQ9MLZ<\/strong>, kt\u00f3ry zaproponowa\u0142 szereg ciekawych przedsi\u0119wzi\u0119\u0107 na rok bie\u017c\u0105cy. By\u0107 mo\u017ce uda si\u0119 wsp\u00f3lnymi si\u0142ami rozwi\u0105za\u0107 problem antenowy Mateusza, kt\u00f3remu lokalna sp\u00f3\u0142dzielnia mieszkaniowa utrudnia monta\u017c anteny Delta&nbsp;Loop. Ale dzi\u0119ki znajomo\u015bciom w SSM Siemianowice \u015al. i pomocy kierownictwa DK \u201eChemik\u201d mo\u017ce uda si\u0119 rozwi\u0105za\u0107&nbsp;ten problem.<\/p>\n\n\n\n<p>&nbsp;&nbsp;&nbsp;&nbsp; A p\u00f3ki co, to z racji zarz\u0105dze\u0144 w\u0142adz pa\u0144stwowych zmuszeni jeste\u015bmy do pozostania w naszych domostwach. Dlaczego nie mo\u017cna wykorzysta\u0107 tego czasu do pracy na pasmach radiowych i znacznie je o\u017cywi\u0107? Mo\u017cemy te\u017c bra\u0107 udzia\u0142 w zawodach krajowych i mi\u0119dzynarodowych, a tych nie brakuje. O tym porozmawiamy w czasie nast\u0119pnych spotka\u0144 klubowych.<\/p>\n\n\n\n<p>\u00a0\u00a0\u00a0\u00a0 Ostatnio <strong>Miko\u0142aj SQ9PCO<\/strong> z Koniecpola ko\u0142o Cz\u0119stochowy zwr\u00f3ci\u0142 si\u0119 do mnie z pro\u015bb\u0105 o zostanie cz\u0142onkiem naszego klubu, poniewa\u017c kibicuje naszym dokonaniom i chcia\u0142by by\u0107 w takim doborowym towarzystwie. W tej sytuacji zgodzi\u0142em si\u0119 i od teraz przyby\u0142 nam kolejny cz\u0142onek. O czym \u015bwiadczy ten przypadek? Ano o tym, \u017ce wiele os\u00f3b (podobnie jak Miko\u0142aj) \u015bledzi nasza stron\u0119 internetow\u0105 i widzi, \u017ce mimo wielu trudno\u015bci nasz klub nadal si\u0119 rozwija i przybywa tu coraz\u00a0wi\u0119cej kr\u00f3tkofalowc\u00f3w. Zatem Miko\u0142aju: witamy Ci\u0119 w naszych skromnych progach klubowych i zapraszamy Ci\u0119 do cz\u0119stych wizyt.<\/p>\n\n\n\n<div class=\"wp-block-image\"><figure class=\"aligncenter size-large\"><img loading=\"lazy\" decoding=\"async\" width=\"475\" height=\"269\" src=\"https:\/\/sp9kjm.com\/wp-content\/uploads\/2021\/01\/obraz_2021-01-13_205639.png\" alt=\"\" class=\"wp-image-2912\" srcset=\"https:\/\/sp9kjm.com\/wp-content\/uploads\/2021\/01\/obraz_2021-01-13_205639.png 475w, https:\/\/sp9kjm.com\/wp-content\/uploads\/2021\/01\/obraz_2021-01-13_205639-300x170.png 300w\" sizes=\"auto, (max-width: 475px) 100vw, 475px\" \/><figcaption>Miko\u0142aj SQ9PCO<\/figcaption><\/figure><\/div>\n\n\n\n<p>\u00a0Ale skoro wspomnia\u0142em o <strong>Miko\u0142aju SQ9PCO<\/strong>, to warto r\u00f3wnie\u017c wspomnie\u0107, \u017ce Miko\u0142aj jest autorem wielu kr\u00f3tkofalarskich akcji dyplomowych o zasi\u0119gu krajowym. Ostatni\u0105 akcj\u0105 dyplomow\u0105 Miko\u0142aja jest akcja dyplomowa\u00a0 zwi\u0105zana z 107 rocznic\u0105 urodzin <strong>Antoniego Z\u0119bika SP7LA<\/strong>.<\/p>\n\n\n\n<figure class=\"wp-block-embed is-type-video is-provider-youtube wp-block-embed-youtube wp-embed-aspect-4-3 wp-has-aspect-ratio\"><div class=\"wp-block-embed__wrapper\">\n<iframe loading=\"lazy\" title=\"Wywiad z SP7LA - konstruktorem radiostacji &quot;B\u0141YSKAWICA&quot;\" width=\"584\" height=\"438\" src=\"https:\/\/www.youtube.com\/embed\/KfCktLrWBkE?start=1&#038;feature=oembed\" frameborder=\"0\" allow=\"accelerometer; autoplay; clipboard-write; encrypted-media; gyroscope; picture-in-picture; web-share\" referrerpolicy=\"strict-origin-when-cross-origin\" allowfullscreen><\/iframe>\n<\/div><\/figure>\n\n\n\n<p>W lutowym wydaniu \u201eKr\u00f3tkofalowca Polskiego\u201d uka\u017ce si\u0119 artyku\u0142 na temat aktywno\u015bci dyplomowej Miko\u0142aja.<\/p>\n\n\n\n<p>Poni\u017cej Regulamin akcji dyplomowej:<\/p>\n\n\n\n<p><strong>Akcja Dyplomowa z okazji 107 Rocznicy urodzin Antoniego Z\u0119bika SP7LA 1914 \u2013 2009<\/strong><\/p>\n\n\n\n<p><strong>Regulamin dla stacji polskich<\/strong><\/p>\n\n\n\n<p><br>Dyplom otrzyma ka\u017cda amatorska stacja nadawcza i nas\u0142uchowa, kt\u00f3ra w dniach 13.01.2021 &#8211; 15.01.2021 przeprowadzi 3 QSO \/ SWL ze stacjami :<\/p>\n\n\n\n<p><strong>SQ9PCO<\/strong>, <strong>SQ8LUU<\/strong>, <strong>SQ5ABG<\/strong>&nbsp;na dowolnym pa\u015bmie, dowolnym rodzajem emisji, oraz prze\u015ble wykaz z danymi tych QSO \/ SWL na adres:&nbsp;<a href=\"mailto:sq9pco@gmail.com?subject=107%20Rocznica%20urodzin%20Antoniego%20Z%C4%99bika%20SP7LA&amp;body=Wykaz%20danych%20QSO%20do%20dyplomu%3A\" target=\"_blank\" rel=\"noreferrer noopener\">sq9pco@gmail.com<\/a>&nbsp;do dnia 18.01.2021 r.<\/p>\n\n\n\n<p><strong>UWAGA:<\/strong><\/p>\n\n\n\n<p>\u0141\u0105czno\u015bci \/ nas\u0142uchy&nbsp; z t\u0105 sam\u0105 stacj\u0105 mo\u017cna powt\u00f3rzy\u0107 w tym samym dniu innym rodzajem emisji lub t\u0105 sam\u0105 emisj\u0105 w nast\u0119pnym dniu.&nbsp;<\/p>\n\n\n\n<p>Informacje na temat tej akcji dyplomowej znajduj\u0105 si\u0119 na stronach:<\/p>\n\n\n\n<p><a href=\"https:\/\/www.qrz.com\/db\/SQ8LUU\" target=\"_blank\" rel=\"noreferrer noopener\">https:\/\/www.qrz.com\/db\/SQ8LUU<\/a><\/p>\n\n\n\n<p><a href=\"https:\/\/www.qrz.com\/db\/SQ9PCO\" target=\"_blank\" rel=\"noreferrer noopener\">https:\/\/www.qrz.com\/db\/SQ9PCO<\/a><\/p>\n\n\n\n<p>A tak wygl\u0105da \u0142atwy do uzyskania dyplom:<\/p>\n\n\n\n<div class=\"wp-block-image\"><figure class=\"aligncenter size-large\"><img loading=\"lazy\" decoding=\"async\" width=\"580\" height=\"410\" src=\"https:\/\/sp9kjm.com\/wp-content\/uploads\/2021\/01\/obraz_2021-01-13_205706.png\" alt=\"\" class=\"wp-image-2913\" srcset=\"https:\/\/sp9kjm.com\/wp-content\/uploads\/2021\/01\/obraz_2021-01-13_205706.png 580w, https:\/\/sp9kjm.com\/wp-content\/uploads\/2021\/01\/obraz_2021-01-13_205706-300x212.png 300w, https:\/\/sp9kjm.com\/wp-content\/uploads\/2021\/01\/obraz_2021-01-13_205706-424x300.png 424w\" sizes=\"auto, (max-width: 580px) 100vw, 580px\" \/><\/figure><\/div>\n\n\n\n<p>\u00a0\u00a0\u00a0\u00a0 Zapraszam zatem naszych klubowicz\u00f3w do ubiegania si\u0119 o ten dyplom.<\/p>\n\n\n\n<p>\u00a0\u00a0\u00a0\u00a0 A tak na marginesie:\u00a0nasza delegacja klubowa: <strong>SP9IIA<\/strong>, <strong>SP9UVQ<\/strong> i <strong>SP9HQJ <\/strong>wzi\u0119\u0142a udzia\u0142 w 2009 roku w Cz\u0119stochowie w pogrzebie wielce zas\u0142u\u017conego dla ca\u0142ego polskiego \u015brodowiska kr\u00f3tkofalarskiego Antoniego Z\u0119bika. Informacja w tej sprawie ukaza\u0142a si\u0119 na naszej stronie klubowej:\u00a0 <a rel=\"noreferrer noopener\" href=\"https:\/\/sp9kjm.pl\/index.php\/2009\/08\/18\/poegnanie-antoniego-zbika-sp7la\/#more-598\" target=\"_blank\">https:\/\/sp9kjm.pl\/index.php\/2009\/08\/18\/poegnanie-antoniego-zbika-sp7la\/#more-598<\/a><\/p>\n\n\n\n<p>Oto jedno ze zdj\u0119\u0107 obrazuj\u0105cych to wydarzenie<\/p>\n\n\n\n<div class=\"wp-block-image\"><figure class=\"aligncenter size-large\"><img loading=\"lazy\" decoding=\"async\" width=\"480\" height=\"322\" src=\"https:\/\/sp9kjm.com\/wp-content\/uploads\/2021\/01\/obraz_2021-01-13_205719.png\" alt=\"\" class=\"wp-image-2914\" srcset=\"https:\/\/sp9kjm.com\/wp-content\/uploads\/2021\/01\/obraz_2021-01-13_205719.png 480w, https:\/\/sp9kjm.com\/wp-content\/uploads\/2021\/01\/obraz_2021-01-13_205719-300x201.png 300w, https:\/\/sp9kjm.com\/wp-content\/uploads\/2021\/01\/obraz_2021-01-13_205719-447x300.png 447w\" sizes=\"auto, (max-width: 480px) 100vw, 480px\" \/><figcaption>Delegacja klubu SP9KJM. Od lewej: Eugeniusz SP9IIA i Tadeusz SP9HQJ jako oficjalna reprezentacja PZK na pogrzebie SP7LA<\/figcaption><\/figure><\/div>\n\n\n\n<p><strong>Info: Tadeusz SP9HQJ<\/strong><\/p>\n","protected":false},"excerpt":{"rendered":"<p>Dalszy wzrost zachorowa\u0144 na wirus Covid 19 i restrykcyjne decyzje w\u0142adz pa\u0144stwowych, polegaj\u0105ce na zakazie wszelkiego typu dzia\u0142alno\u015bci zbiorowej sprowadzaj\u0105cej si\u0119 do uczestnictwa jedynie do 5 os\u00f3b spowodowa\u0142y, \u017ce aktywno\u015b\u0107 wielu organizacji pozarz\u0105dowych zawiesi\u0142a swoj\u0105 dzia\u0142alno\u015b\u0107.&nbsp;Tak te\u017c si\u0119 sta\u0142o z &hellip; <a href=\"https:\/\/sp9kjm.com\/index.php\/2021\/01\/13\/sp9kjm-w-czasie-w-pandemii-koronawirusa-covid-19\/\">Czytaj dalej <span class=\"meta-nav\">&rarr;<\/span><\/a><\/p>\n","protected":false},"author":5,"featured_media":0,"comment_status":"closed","ping_status":"closed","sticky":false,"template":"","format":"standard","meta":{"c2c-post-author-ip":"","footnotes":""},"categories":[38,34],"tags":[],"class_list":["post-2911","post","type-post","status-publish","format-standard","hentry","category-latest-news","category-news"],"_links":{"self":[{"href":"https:\/\/sp9kjm.com\/index.php\/wp-json\/wp\/v2\/posts\/2911","targetHints":{"allow":["GET"]}}],"collection":[{"href":"https:\/\/sp9kjm.com\/index.php\/wp-json\/wp\/v2\/posts"}],"about":[{"href":"https:\/\/sp9kjm.com\/index.php\/wp-json\/wp\/v2\/types\/post"}],"author":[{"embeddable":true,"href":"https:\/\/sp9kjm.com\/index.php\/wp-json\/wp\/v2\/users\/5"}],"replies":[{"embeddable":true,"href":"https:\/\/sp9kjm.com\/index.php\/wp-json\/wp\/v2\/comments?post=2911"}],"version-history":[{"count":5,"href":"https:\/\/sp9kjm.com\/index.php\/wp-json\/wp\/v2\/posts\/2911\/revisions"}],"predecessor-version":[{"id":2921,"href":"https:\/\/sp9kjm.com\/index.php\/wp-json\/wp\/v2\/posts\/2911\/revisions\/2921"}],"wp:attachment":[{"href":"https:\/\/sp9kjm.com\/index.php\/wp-json\/wp\/v2\/media?parent=2911"}],"wp:term":[{"taxonomy":"category","embeddable":true,"href":"https:\/\/sp9kjm.com\/index.php\/wp-json\/wp\/v2\/categories?post=2911"},{"taxonomy":"post_tag","embeddable":true,"href":"https:\/\/sp9kjm.com\/index.php\/wp-json\/wp\/v2\/tags?post=2911"}],"curies":[{"name":"wp","href":"https:\/\/api.w.org\/{rel}","templated":true}]}}