{"id":2537,"date":"2020-05-26T19:49:38","date_gmt":"2020-05-26T17:49:38","guid":{"rendered":"https:\/\/sp9kjm.com\/?p=2537"},"modified":"2020-05-26T19:54:39","modified_gmt":"2020-05-26T17:54:39","slug":"krotkofalowiec-polski-czerwiec","status":"publish","type":"post","link":"https:\/\/sp9kjm.com\/index.php\/2020\/05\/26\/krotkofalowiec-polski-czerwiec\/","title":{"rendered":"Kr\u00f3tkofalowiec Polski &#8211; czerwiec"},"content":{"rendered":"\n<p>Na stronie:\u00a0<a rel=\"noreferrer noopener\" href=\"https:\/\/pzk.org.pl\/news.php?readmore=4653\" target=\"_blank\">PZK.ORG.PL<\/a>, ukaza\u0142o si\u0119 najnowsze wydanie \u201eKr\u00f3tkofalowca Polskiego\u201d. Jest \u00a0tam mi\u0119dzy innymi ciekawy artyku\u0142 cz\u0142onka naszego klubu <strong>Andrzeja SP9OHC<\/strong> pt. \u201eWyprawa na Karaiby w korona wirusem w tle\u201d. Andrzej mia\u0142 wybitnego pecha, poniewa\u017c wybra\u0142 si\u0119 na \u015bwiatow\u0105 wycieczk\u0119 swojego\u00a0\u017cycia, o kt\u00f3rej marzy\u0142 od lat. Niestety, pandemia koronawirusa uniemo\u017cliwi\u0142a nie tylko <strong>Andrzejowi SP9OHC<\/strong> osi\u0105gni\u0119cie zaplanowanych cel\u00f3w. Informacja na temat wyprawy Andrzeja, wraz z wieloma zdj\u0119ciami jest na stronie <a rel=\"noreferrer noopener\" href=\"https:\/\/sp9kjm.pl\/index.php\/2020\/05\/04\/wyprawa-na-karaiby-z-koronawirusem-w-tle\/#more-2468\" target=\"_blank\">SP9KJM<\/a>. Gdyby kto\u015b chcia\u0142 przeczyta\u0107 wszystkie wydania \u201eKr\u00f3tkofalowca \u00a0Polskiego\u201d, to mo\u017ce je znale\u017a\u0107 na stronie: <a href=\"https:\/\/pzk.org.pl\/news_cats.php?cat_id=148\" target=\"_blank\" rel=\"noreferrer noopener\">PZK<\/a>.<\/p>\n\n\n\n<p><strong>Info: Tadeusz SP9HQJ<\/strong><\/p>\n","protected":false},"excerpt":{"rendered":"<p>Na stronie:\u00a0PZK.ORG.PL, ukaza\u0142o si\u0119 najnowsze wydanie \u201eKr\u00f3tkofalowca Polskiego\u201d. Jest \u00a0tam mi\u0119dzy innymi ciekawy artyku\u0142 cz\u0142onka naszego klubu Andrzeja SP9OHC pt. \u201eWyprawa na Karaiby w korona wirusem w tle\u201d. Andrzej mia\u0142 wybitnego pecha, poniewa\u017c wybra\u0142 si\u0119 na \u015bwiatow\u0105 wycieczk\u0119 swojego\u00a0\u017cycia, o &hellip; <a href=\"https:\/\/sp9kjm.com\/index.php\/2020\/05\/26\/krotkofalowiec-polski-czerwiec\/\">Czytaj dalej <span class=\"meta-nav\">&rarr;<\/span><\/a><\/p>\n","protected":false},"author":5,"featured_media":0,"comment_status":"closed","ping_status":"closed","sticky":false,"template":"","format":"standard","meta":{"c2c-post-author-ip":"","footnotes":""},"categories":[38,34],"tags":[],"class_list":["post-2537","post","type-post","status-publish","format-standard","hentry","category-latest-news","category-news"],"_links":{"self":[{"href":"https:\/\/sp9kjm.com\/index.php\/wp-json\/wp\/v2\/posts\/2537","targetHints":{"allow":["GET"]}}],"collection":[{"href":"https:\/\/sp9kjm.com\/index.php\/wp-json\/wp\/v2\/posts"}],"about":[{"href":"https:\/\/sp9kjm.com\/index.php\/wp-json\/wp\/v2\/types\/post"}],"author":[{"embeddable":true,"href":"https:\/\/sp9kjm.com\/index.php\/wp-json\/wp\/v2\/users\/5"}],"replies":[{"embeddable":true,"href":"https:\/\/sp9kjm.com\/index.php\/wp-json\/wp\/v2\/comments?post=2537"}],"version-history":[{"count":5,"href":"https:\/\/sp9kjm.com\/index.php\/wp-json\/wp\/v2\/posts\/2537\/revisions"}],"predecessor-version":[{"id":2543,"href":"https:\/\/sp9kjm.com\/index.php\/wp-json\/wp\/v2\/posts\/2537\/revisions\/2543"}],"wp:attachment":[{"href":"https:\/\/sp9kjm.com\/index.php\/wp-json\/wp\/v2\/media?parent=2537"}],"wp:term":[{"taxonomy":"category","embeddable":true,"href":"https:\/\/sp9kjm.com\/index.php\/wp-json\/wp\/v2\/categories?post=2537"},{"taxonomy":"post_tag","embeddable":true,"href":"https:\/\/sp9kjm.com\/index.php\/wp-json\/wp\/v2\/tags?post=2537"}],"curies":[{"name":"wp","href":"https:\/\/api.w.org\/{rel}","templated":true}]}}