{"id":2296,"date":"2020-03-19T16:52:36","date_gmt":"2020-03-19T15:52:36","guid":{"rendered":"https:\/\/sp9kjm.com\/?p=2296"},"modified":"2020-03-19T16:54:21","modified_gmt":"2020-03-19T15:54:21","slug":"klubowicze-w-obliczu-pandemii-korona-wirusa","status":"publish","type":"post","link":"https:\/\/sp9kjm.com\/index.php\/2020\/03\/19\/klubowicze-w-obliczu-pandemii-korona-wirusa\/","title":{"rendered":"Klubowicze w obliczu pandemii korona wirusa"},"content":{"rendered":"\n<p>Nie\ntylko siemianowiccy kr\u00f3tkofalowcy prze\u017cywaj\u0105 trudne chwile zwi\u0105zane z\nnasileniem pandemii koronowirusa. Musimy stosowa\u0107 si\u0119 do zalece\u0144 s\u0142u\u017cb\nsanitarnych i organ\u00f3w administracji rz\u0105dowej i samorz\u0105dowej. Bardzo wszystkim\nnam doskwiera ta trudna sytuacja, kiedy to nie mo\u017cemy realizowa\u0107 zaplanowanych\nprzedsi\u0119wzi\u0119\u0107 klubowych. Mam nadziej\u0119, \u017ce ten nadzwyczajny stan niebawem si\u0119\nsko\u0144czy i przyst\u0105pimy do normalnej pracy klubowej.<\/p>\n\n\n\n<p>&nbsp;&nbsp;&nbsp;&nbsp; A p\u00f3ki co, to gar\u015b\u0107 kilku informacji z\npoprzednich tygodni, o kt\u00f3rych wcze\u015bniej nie informowali\u015bmy. O przysz\u0142e kadry\nchyba nie musimy si\u0119 martwi\u0107, poniewa\u017c nasz klub zaczyna odwiedza\u0107 coraz wi\u0119cej\nos\u00f3b. Oko\u0142o dw\u00f3ch tygodni temu nasz klub odwiedzi\u0142 mieszkaniec Siemianowic\n\u015al.-Bytkowa wraz z kilkuletnim synkiem. Mieszkaniec ten zamieszkuje niedaleko\nsiedziby klubu i od lat interesuje si\u0119 technikami radiowymi, a o wzmo\u017conej\naktywno\u015bci klubowej dowiedzia\u0142 si\u0119 z Internetu. R\u00f3wnie\u017c jego synkowi spodoba\u0142a\nsi\u0119 chyba atmosfera panuj\u0105ca w klubie, poniewa\u017c za nasz\u0105 sugesti\u0105 si\u0119gn\u0105\u0142 po\nmikrofon na UKF. Szkoda, \u017ce zawieszenie dzia\u0142alno\u015bci klubowej zwi\u0105zane z\npandemi\u0105 koronawirusza uniemo\u017cliwi na pewien czas mo\u017cliwo\u015b\u0107 odwiedzenia klubu.\nAle gdy ta trudna sytuacja minie, to powr\u00f3cimy do normalno\u015bci. Zapraszamy zatem\nnie tylko naszego s\u0105siada z synkiem do dalszego odwiedzania naszego klubu po\nustaniu pandemii.<\/p>\n\n\n\n<div class=\"wp-block-image\"><figure class=\"aligncenter size-large\"><img loading=\"lazy\" decoding=\"async\" width=\"1024\" height=\"768\" src=\"https:\/\/sp9kjm.com\/wp-content\/uploads\/2020\/03\/1-2-1024x768.jpg\" alt=\"\" class=\"wp-image-2297\" srcset=\"https:\/\/sp9kjm.com\/wp-content\/uploads\/2020\/03\/1-2-1024x768.jpg 1024w, https:\/\/sp9kjm.com\/wp-content\/uploads\/2020\/03\/1-2-300x225.jpg 300w, https:\/\/sp9kjm.com\/wp-content\/uploads\/2020\/03\/1-2-768x576.jpg 768w, https:\/\/sp9kjm.com\/wp-content\/uploads\/2020\/03\/1-2-400x300.jpg 400w, https:\/\/sp9kjm.com\/wp-content\/uploads\/2020\/03\/1-2.jpg 1386w\" sizes=\"auto, (max-width: 1024px) 100vw, 1024px\" \/><figcaption> Pierwsze kroki w kr\u00f3tkofalarstwie <\/figcaption><\/figure><\/div>\n\n\n\n<!--more-->\n\n\n\n<p>&nbsp;&nbsp;&nbsp;&nbsp; Je\u015bli chodzi o pozyskiwanie m\u0142odego\nnarybku, to w tym zakresie mamy wieloletnie do\u015bwiadczenie. W przesz\u0142o\u015bci\nzdarza\u0142y si\u0119 bowiem sytuacje, kiedy to nasz klub odwiedzali nie tylko\nklubowicze, ale r\u00f3wnie\u017c zaprzyja\u017anieni kr\u00f3tkofalowcy z innych klub\u00f3w w\ntowarzystwie swych dzieci, a niekt\u00f3re dzieciaki, po osi\u0105gni\u0119ciu pewnego wieku\nzdecydowa\u0142y si\u0119 i\u015b\u0107 \u015bladem rodzic\u00f3w i samodzielnie zacz\u0119\u0142y odwiedza\u0107 nasz klub.\nPoni\u017csze zdj\u0119cie przedstawia Roberta SP9WZS, kt\u00f3ry w 2003 roku odwiedzi\u0142 z\nsynkiem nasz klub mieszcz\u0105cy si\u0119 w\u00f3wczas przy ulicy Psczczelniczej 10. Ten ma\u0142y\nbrzd\u0105c zd\u0105\u017cy\u0142 w mi\u0119dzyczasie podrosn\u0105\u0107 i jest dzi\u015b osob\u0105 doros\u0142\u0105. Nie wiemy czy\nsynek ten poszed\u0142 w \u015blady swojego ojca i zainteresowa\u0142 si\u0119 kr\u00f3tkofalarstwem,\nale Robert pewnie nam o tym powie. Zatem Robercie: czekamy na informacje od\nCiebie. Czy uda\u0142o Ci si\u0119 nam\u00f3wi\u0107 syna do uprawiania kr\u00f3tkofalarstwa? <\/p>\n\n\n\n<div class=\"wp-block-image\"><figure class=\"aligncenter size-large\"><img loading=\"lazy\" decoding=\"async\" width=\"1024\" height=\"768\" src=\"https:\/\/sp9kjm.com\/wp-content\/uploads\/2020\/03\/2-2-1024x768.jpg\" alt=\"\" class=\"wp-image-2298\" srcset=\"https:\/\/sp9kjm.com\/wp-content\/uploads\/2020\/03\/2-2-1024x768.jpg 1024w, https:\/\/sp9kjm.com\/wp-content\/uploads\/2020\/03\/2-2-300x225.jpg 300w, https:\/\/sp9kjm.com\/wp-content\/uploads\/2020\/03\/2-2-768x576.jpg 768w, https:\/\/sp9kjm.com\/wp-content\/uploads\/2020\/03\/2-2-400x300.jpg 400w, https:\/\/sp9kjm.com\/wp-content\/uploads\/2020\/03\/2-2.jpg 1280w\" sizes=\"auto, (max-width: 1024px) 100vw, 1024px\" \/><figcaption> Robert SP9WZS wraz ze swym synkiem z wizyt\u0105 w klubie w 2003 roku. <\/figcaption><\/figure><\/div>\n\n\n\n<p>&nbsp;&nbsp;&nbsp;&nbsp; Zach\u0119camy zatem m\u0142odych kr\u00f3tkofalowc\u00f3w do\nodwiedzania naszego klubu wraz ze swymi dzie\u0107mi, a my postaramy si\u0119, aby\nzaszczepi\u0107 w nich duch kr\u00f3tkofalarstwa. Zadbajmy wsp\u00f3lnie o to, aby tradycje\nkr\u00f3tkofalarskie mia\u0142y charakter mi\u0119dzypokoleniowy.<\/p>\n\n\n\n<p>&nbsp;&nbsp;&nbsp;&nbsp; 29 lutego br. w siedzibie Domu Kultury\n\u201eChemik\u201d w Siemianowicach \u015al. mia\u0142o miejsce Walne Zebranie \u015al\u0105skiej Organizacji\nWojew\u00f3dzkiej LOK w Katowicach, na kt\u00f3rym to poinformowano zebranych przyznaniu\nokoliczno\u015bciowego dyplomu dla naszego klubu, jako przoduj\u0105cego klubu na \u015al\u0105sku.\nW kilka dni potem klub nasz odwiedzi\u0142 przedstawiciel Zarz\u0105du Miejskiego LOK w\nSiemianowicach \u015al. Marek Grzyb wr\u0119czaj\u0105 nam ten okoliczno\u015bciowy dyplom wraz z\nokoliczno\u015bciowym Medalem 75.lecia LOK. Bardzo dzi\u0119kujemy za te dary. Wida\u0107, \u017ce\ndoceniono nasze wzmo\u017cone wysi\u0142ki klubowe za ostatni rok. Bo tak naprawd\u0119, to\nnie mamy si\u0119 czego wstydzi\u0107 i nasze wsp\u00f3lne dzia\u0142ania zaczynaj\u0105 przynosi\u0107\npozytywne skutki. Zach\u0119camy zatem naszych klubowicz\u00f3w do dalszej aktywno\u015bci.<\/p>\n\n\n\n<div class=\"wp-block-image\"><figure class=\"aligncenter size-large is-resized\"><img loading=\"lazy\" decoding=\"async\" src=\"https:\/\/sp9kjm.com\/wp-content\/uploads\/2020\/03\/3-2.jpg\" alt=\"\" class=\"wp-image-2299\" width=\"584\" height=\"438\" srcset=\"https:\/\/sp9kjm.com\/wp-content\/uploads\/2020\/03\/3-2.jpg 868w, https:\/\/sp9kjm.com\/wp-content\/uploads\/2020\/03\/3-2-300x225.jpg 300w, https:\/\/sp9kjm.com\/wp-content\/uploads\/2020\/03\/3-2-768x576.jpg 768w, https:\/\/sp9kjm.com\/wp-content\/uploads\/2020\/03\/3-2-400x300.jpg 400w\" sizes=\"auto, (max-width: 584px) 100vw, 584px\" \/><figcaption> Marek Grzyb z ZM LOK w Siemianowicach \u015al. wr\u0119czaj\u0105cy okoliczno\u015bciowy dyplom i Medal 75.lecia LOK prezesowi klubu Tadeuszowi SP9HQJ <\/figcaption><\/figure><\/div>\n\n\n\n<div class=\"wp-block-image\"><figure class=\"aligncenter size-large\"><img loading=\"lazy\" decoding=\"async\" width=\"745\" height=\"1024\" src=\"https:\/\/sp9kjm.com\/wp-content\/uploads\/2020\/03\/4-2-745x1024.jpg\" alt=\"\" class=\"wp-image-2300\" srcset=\"https:\/\/sp9kjm.com\/wp-content\/uploads\/2020\/03\/4-2-745x1024.jpg 745w, https:\/\/sp9kjm.com\/wp-content\/uploads\/2020\/03\/4-2-218x300.jpg 218w, https:\/\/sp9kjm.com\/wp-content\/uploads\/2020\/03\/4-2-768x1055.jpg 768w, https:\/\/sp9kjm.com\/wp-content\/uploads\/2020\/03\/4-2.jpg 927w\" sizes=\"auto, (max-width: 745px) 100vw, 745px\" \/><\/figure><\/div>\n\n\n\n<div class=\"wp-block-image\"><figure class=\"aligncenter size-large\"><img loading=\"lazy\" decoding=\"async\" width=\"590\" height=\"687\" src=\"https:\/\/sp9kjm.com\/wp-content\/uploads\/2020\/03\/5-2.jpg\" alt=\"\" class=\"wp-image-2301\" srcset=\"https:\/\/sp9kjm.com\/wp-content\/uploads\/2020\/03\/5-2.jpg 590w, https:\/\/sp9kjm.com\/wp-content\/uploads\/2020\/03\/5-2-258x300.jpg 258w\" sizes=\"auto, (max-width: 590px) 100vw, 590px\" \/><\/figure><\/div>\n\n\n\n<p>&nbsp;&nbsp;&nbsp;&nbsp; O naszej aktywno\u015bci klubowej \u015bwiadczy\u0107\nmog\u0105 poni\u017csze zdj\u0119cia:<\/p>\n\n\n\n<figure class=\"wp-block-image size-large\"><img loading=\"lazy\" decoding=\"async\" width=\"1024\" height=\"768\" src=\"https:\/\/sp9kjm.com\/wp-content\/uploads\/2020\/03\/6-2-1024x768.jpg\" alt=\"\" class=\"wp-image-2302\" srcset=\"https:\/\/sp9kjm.com\/wp-content\/uploads\/2020\/03\/6-2-1024x768.jpg 1024w, https:\/\/sp9kjm.com\/wp-content\/uploads\/2020\/03\/6-2-300x225.jpg 300w, https:\/\/sp9kjm.com\/wp-content\/uploads\/2020\/03\/6-2-768x576.jpg 768w, https:\/\/sp9kjm.com\/wp-content\/uploads\/2020\/03\/6-2-400x300.jpg 400w, https:\/\/sp9kjm.com\/wp-content\/uploads\/2020\/03\/6-2.jpg 1141w\" sizes=\"auto, (max-width: 1024px) 100vw, 1024px\" \/><figcaption> W klubie zawsze dzieje si\u0119 co\u015b ciekawego <\/figcaption><\/figure>\n\n\n\n<div class=\"wp-block-image\"><figure class=\"aligncenter size-large\"><img loading=\"lazy\" decoding=\"async\" width=\"1024\" height=\"768\" src=\"https:\/\/sp9kjm.com\/wp-content\/uploads\/2020\/03\/7-2-1024x768.jpg\" alt=\"\" class=\"wp-image-2303\" srcset=\"https:\/\/sp9kjm.com\/wp-content\/uploads\/2020\/03\/7-2-1024x768.jpg 1024w, https:\/\/sp9kjm.com\/wp-content\/uploads\/2020\/03\/7-2-300x225.jpg 300w, https:\/\/sp9kjm.com\/wp-content\/uploads\/2020\/03\/7-2-768x576.jpg 768w, https:\/\/sp9kjm.com\/wp-content\/uploads\/2020\/03\/7-2-400x300.jpg 400w, https:\/\/sp9kjm.com\/wp-content\/uploads\/2020\/03\/7-2.jpg 1187w\" sizes=\"auto, (max-width: 1024px) 100vw, 1024px\" \/><figcaption> Jacek SQ9BEC (z prawej) wtajemnicza Henryka SP9UXH (z lewej) w szczeg\u00f3\u0142y swojego  nowatorskiego rozwi\u0105zania konstrukcyjnego <\/figcaption><\/figure><\/div>\n\n\n\n<div class=\"wp-block-image\"><figure class=\"aligncenter size-large\"><img loading=\"lazy\" decoding=\"async\" width=\"1024\" height=\"768\" src=\"https:\/\/sp9kjm.com\/wp-content\/uploads\/2020\/03\/8-1-1024x768.jpg\" alt=\"\" class=\"wp-image-2304\" srcset=\"https:\/\/sp9kjm.com\/wp-content\/uploads\/2020\/03\/8-1-1024x768.jpg 1024w, https:\/\/sp9kjm.com\/wp-content\/uploads\/2020\/03\/8-1-300x225.jpg 300w, https:\/\/sp9kjm.com\/wp-content\/uploads\/2020\/03\/8-1-768x576.jpg 768w, https:\/\/sp9kjm.com\/wp-content\/uploads\/2020\/03\/8-1-400x300.jpg 400w, https:\/\/sp9kjm.com\/wp-content\/uploads\/2020\/03\/8-1.jpg 1125w\" sizes=\"auto, (max-width: 1024px) 100vw, 1024px\" \/><figcaption> Waldek SQ9KQV ( z prawej) zaskoczy\u0142&nbsp; nas pomys\u0142em ciekawej akcji dyplomowej, kt\u00f3ry spodoba\u0142 si\u0119 wszystkim. W g\u0142\u0119bi od lewej Jacek SQ9EC i Henryk SP9UXH rozpracowuj\u0105cy problemy konstrukcyjne urz\u0105dze\u0144. <\/figcaption><\/figure><\/div>\n\n\n\n<figure class=\"wp-block-image size-large\"><img loading=\"lazy\" decoding=\"async\" width=\"1024\" height=\"768\" src=\"https:\/\/sp9kjm.com\/wp-content\/uploads\/2020\/03\/9-1-1024x768.jpg\" alt=\"\" class=\"wp-image-2305\" srcset=\"https:\/\/sp9kjm.com\/wp-content\/uploads\/2020\/03\/9-1-1024x768.jpg 1024w, https:\/\/sp9kjm.com\/wp-content\/uploads\/2020\/03\/9-1-300x225.jpg 300w, https:\/\/sp9kjm.com\/wp-content\/uploads\/2020\/03\/9-1-768x576.jpg 768w, https:\/\/sp9kjm.com\/wp-content\/uploads\/2020\/03\/9-1-400x300.jpg 400w, https:\/\/sp9kjm.com\/wp-content\/uploads\/2020\/03\/9-1.jpg 1105w\" sizes=\"auto, (max-width: 1024px) 100vw, 1024px\" \/><figcaption> Marek SP2NNO ze swym najnowszym dzie\u0142em, kt\u00f3re przechodzi etap test\u00f3w. Na razie nie zdradzamy szczeg\u00f3\u0142\u00f3w, ale urz\u0105dzenie to jest jednym z pierwszych w kraju. O szczeg\u00f3\u0142ach powiadomimy po pr\u00f3bach. <\/figcaption><\/figure>\n\n\n\n<p>A\noto dalsza ciekawostka \u2013 tym razem z ZG PZK :<\/p>\n\n\n\n<p>W Komunikacie\nPrezydium ZG PZK z18 marca br. ukaza\u0142o si\u0119 zdj\u0119cie wraz z nast\u0119puj\u0105cym tekstem:<\/p>\n\n\n\n<figure class=\"wp-block-image size-large\"><img loading=\"lazy\" decoding=\"async\" width=\"1024\" height=\"730\" src=\"https:\/\/sp9kjm.com\/wp-content\/uploads\/2020\/03\/99-1024x730.jpg\" alt=\"\" class=\"wp-image-2306\" srcset=\"https:\/\/sp9kjm.com\/wp-content\/uploads\/2020\/03\/99-1024x730.jpg 1024w, https:\/\/sp9kjm.com\/wp-content\/uploads\/2020\/03\/99-300x214.jpg 300w, https:\/\/sp9kjm.com\/wp-content\/uploads\/2020\/03\/99-768x547.jpg 768w, https:\/\/sp9kjm.com\/wp-content\/uploads\/2020\/03\/99-421x300.jpg 421w, https:\/\/sp9kjm.com\/wp-content\/uploads\/2020\/03\/99.jpg 1097w\" sizes=\"auto, (max-width: 1024px) 100vw, 1024px\" \/><figcaption> Po uroczystej inauguracji obchod\u00f3w 90 rocznicypowstania PZK, w p\u00f3\u017anych godzinach wieczornych w apartamencie hotelu \u201eDedek Park\u201d w Warszawie &nbsp;odby\u0142o si\u0119 spotkanie, a w\u0142a\u015bciwie narada dot. dalszego programu obchod\u00f3wnaszego jubileuszu. Od lewej: Jurgen DM2CNE \u2013 beneficjent OH PZK, Zygmunt SP5ELA, Piotr SP2JMR, Stefan SP1JJY, Tadeusz SP9HQJ, Jolanta XYL SP5ELA. Zdj\u0119cie wykona\u0142 najprawdopodobniej Krzysztof SQ2JK aparatem Tadeusza SP9HQJ. <\/figcaption><\/figure>\n\n\n\n<p>Kilka s\u0142\u00f3w o Jurgenie DM2CNE. Hans Juergen Hahn\nDM2CNE mieszka w Szwedt n. Odr\u0105 czyli blisko granicy z SP. Od ko\u0144ca lat 70 ub.\nwieku uczestniczy\u0142 w dziesi\u0105tkach imprez organizowanych przez PZK. Dotyczy to\nnp. zawod\u00f3w ARDF, zawod\u00f3w kr\u00f3tkofalarskich zar\u00f3wno KF jak i UKF, bra\u0142 aktywny\nudzia\u0142 w Zjazdach PKRVG, spotkaniach w Lipianach, My\u015bliborzu (LOT) i wielu\ninnych zw\u0142aszcza w zachodniej cz\u0119\u015bci Polski. Jurgen m\u00f3wi b. dobrze po Polsku i\n\u015bmia\u0142o mo\u017cna go nazwa\u0107 \u201eambasadorem\u201d niemieckich kr\u00f3tkofalowc\u00f3w w SP.<\/p>\n\n\n\n<p><strong>Info: SP2JMR<\/strong><\/p>\n\n\n\n<p><strong>P.S.<\/strong><\/p>\n\n\n\n<p>Tadeusz SP9HQJ, pe\u0142ni\u0105cy funkcj\u0119 wiceprezesa PZK,\nzajmuje si\u0119 nie tylko sprawami klubowymi, ale r\u00f3wnie\u017c og\u00f3lnopolskimi podejmuj\u0105c\nz Prezydium wiele wa\u017cnych dla PZK decyzji.<\/p>\n\n\n\n<p><strong>Na koniec chyba najbardziej smaczny k\u0105sek klubowy<\/strong>: <\/p>\n\n\n\n<p>Najwi\u0119ksz\u0105 aktywno\u015bci\u0105 wykaza\u0142 si\u0119 Mateusz SQ9MLZ,\nkt\u00f3ry 8 marca br. pod barwami klubowymi wzi\u0105\u0142 udzia\u0142 w zawodach pod nazw\u0105\nPierwsze Pr\u00f3by Subregionalne IARU na UKF osi\u0105gaj\u0105c imponuj\u0105cy wynik. W ci\u0105gu 6\ngodzin nawi\u0105za\u0142 bowiem 69 \u0142\u0105czno\u015bci krajowych i mi\u0119dzynarodowych. Z\no\u015bwiadczenia Mateusza wynika, \u017ce nawi\u0105zanie \u0142\u0105czno\u015bci z korespondentami z\nNiemiec, Czech, S\u0142owacji i W\u0119gier nie stanowi\u0142o wi\u0119kszego problemu, bowiem\nnajwi\u0119ksze wyzwanie stanowi\u0142o zaliczenie S\u0142owenii, Serbii, Rumunii, Austrii i\nChorwacji. <strong>Ale Mateuszowi i to si\u0119 uda\u0142o\ni zaj\u0105\u0142 I miejsce w kraju<\/strong>. Najd\u0142u\u017cszy dystans to 692 kilometry \u2013 \u0142\u0105czno\u015b\u0107\nze stacj\u0105 z Serbii YT3GTI, co w warunkach UKF stanowi nie lada wyczyn. A oto\ndziesi\u0105tka najdalej po\u0142o\u017conych stacji, z kt\u00f3rymi uda\u0142o si\u0119 nawi\u0105za\u0107 QSO:<\/p>\n\n\n\n<p>YT3GTI&nbsp;&nbsp;&nbsp;&nbsp; &#8211; 692km<\/p>\n\n\n\n<p>YU1BFG&nbsp;&nbsp; &#8211; 656km<\/p>\n\n\n\n<p>YT3N&nbsp; &nbsp;&nbsp;&nbsp;&nbsp;&nbsp; &#8211; 647km<\/p>\n\n\n\n<p>YU7ACO&nbsp; &#8211; 603km<\/p>\n\n\n\n<p>DF5A&nbsp; &nbsp;&nbsp;&nbsp;&nbsp;&nbsp; &#8211; 587km<\/p>\n\n\n\n<p>9A1CRS&nbsp;&nbsp;&nbsp; &#8211; 575km<\/p>\n\n\n\n<p>DR1H&nbsp; &nbsp;&nbsp;&nbsp;&nbsp;&nbsp; &#8211; 565km<\/p>\n\n\n\n<p>9A4P&nbsp;&nbsp; &nbsp;&nbsp;&nbsp;&nbsp;&nbsp; &#8211;\n565km<\/p>\n\n\n\n<p>9A5AY&nbsp;&nbsp; &nbsp;&nbsp;&#8211; 560km<\/p>\n\n\n\n<p>9A7D&nbsp; &nbsp;&nbsp;&nbsp;&nbsp; &#8211; 555km&nbsp;&nbsp;&nbsp;&nbsp;&nbsp; <\/p>\n\n\n\n<p>A\ntak wygl\u0105da to w praktyce: <\/p>\n\n\n\n<div class=\"wp-block-image\"><figure class=\"aligncenter size-large\"><img loading=\"lazy\" decoding=\"async\" width=\"389\" height=\"390\" src=\"https:\/\/sp9kjm.com\/wp-content\/uploads\/2020\/03\/999.jpg\" alt=\"\" class=\"wp-image-2307\" srcset=\"https:\/\/sp9kjm.com\/wp-content\/uploads\/2020\/03\/999.jpg 389w, https:\/\/sp9kjm.com\/wp-content\/uploads\/2020\/03\/999-300x300.jpg 300w, https:\/\/sp9kjm.com\/wp-content\/uploads\/2020\/03\/999-150x150.jpg 150w, https:\/\/sp9kjm.com\/wp-content\/uploads\/2020\/03\/999-299x300.jpg 299w\" sizes=\"auto, (max-width: 389px) 100vw, 389px\" \/><\/figure><\/div>\n\n\n\n<p>Oficjalne wyniki zawod\u00f3w opublikowane zosta\u0142y na stronie: <a href=\"http:\/\/vhfcontests.pk-ukf.pl\/?contest=801&amp;fbclid=IwAR00ikTlznIOoqILr2CnvxEgV5qlZNwNUxUMBffFlMS2p6psKQagkg9BHrU\" target=\"_blank\" rel=\"noreferrer noopener\" aria-label=\"http:\/\/vhfcontests.pk-ukf.pl\/?contest=801&amp;fbclid=IwAR00ikTlznIOoqILr2CnvxEgV5qlZNwNUxUMBffFlMS2p6psKQagkg9BHrU  (otwiera si\u0119 na nowej zak\u0142adce)\">http:\/\/vhfcontests.pk-ukf.pl\/?contest=801&amp;fbclid=IwAR00ikTlznIOoqILr2CnvxEgV5qlZNwNUxUMBffFlMS2p6psKQagkg9BHrU <\/a><\/p>\n\n\n\n<p>1 Pr\u00f3by Subregionalne kat. SO-LP &#8211; Marzec 2020 Zg\u0142oszone wyniki &#8211;\u00a0<a href=\"http:\/\/vhfcontests.pk-ukf.pl\/?document=Regulamin%20Pr%C3%B3b%20Subregiona\" target=\"_blank\" rel=\"noreferrer noopener\" aria-label=\"Regulamin (otwiera si\u0119 na nowej zak\u0142adce)\">Regulamin<\/a><br> <br> <\/p>\n\n\n\n<p><strong>145 MHZ<\/strong>&nbsp;&#8211; Sekcja C (mno\u017cnik: x1)<\/p>\n\n\n\n<figure class=\"wp-block-table\"><table class=\"\"><tbody><tr><td>\n  #\n  <\/td><td>\n  Znak\n  <\/td><td>\n  QSO\n  <\/td><td>\n  RM\n  <\/td><td>\n  Lokator\n  <\/td><td>\n  Punkty\n  <\/td><td>\n  ODX\n  <\/td><td>\n  Avg\n  <\/td><\/tr><tr><td>\n  1.\n  <\/td><td>\n  SP9KJM\n  <\/td><td>\n  69\n  <\/td><td>\n  &nbsp;\n  <\/td><td>\n  TBD\n  <\/td><td>\n  20 620\n  <\/td><td>\n  692 Km\n  <\/td><td>\n  298 Km\n  <\/td><\/tr><tr><td>\n  2.\n  <\/td><td>\n  SP1SR\n  <\/td><td>\n  55\n  <\/td><td>\n  &nbsp;\n  <\/td><td>\n  TBD\n  <\/td><td>\n  17 373\n  <\/td><td>\n  783 Km\n  <\/td><td>\n  316 Km\n  <\/td><\/tr><tr><td>\n  3.\n  <\/td><td>\n  SP9DEM\n  <\/td><td>\n  63\n  <\/td><td>\n  &nbsp;\n  <\/td><td>\n  TBD\n  <\/td><td>\n  17 291\n  <\/td><td>\n  949 Km\n  <\/td><td>\n  275 Km\n  <\/td><\/tr><tr><td>\n  4.\n  <\/td><td>\n  SP9EYX\n  <\/td><td>\n  63\n  <\/td><td>\n  &nbsp;\n  <\/td><td>\n  TBD\n  <\/td><td>\n  15 915\n  <\/td><td>\n  571 Km\n  <\/td><td>\n  253 Km\n  <\/td><\/tr><tr><td>\n  5.\n  <\/td><td>\n  SP6U\n  <\/td><td>\n  48\n  <\/td><td>\n  &nbsp;\n  <\/td><td>\n  TBD\n  <\/td><td>\n  13 399\n  <\/td><td>\n  656 Km\n  <\/td><td>\n  279 Km\n  <\/td><\/tr><tr><td>\n  6.\n  <\/td><td>\n  SP8WJW\n  <\/td><td>\n  33\n  <\/td><td>\n  &nbsp;\n  <\/td><td>\n  TBD\n  <\/td><td>\n  12 490\n  <\/td><td>\n  710 Km\n  <\/td><td>\n  379 Km\n  <\/td><\/tr><tr><td>\n  7.\n  <\/td><td>\n  SP6URZ\n  <\/td><td>\n  55\n  <\/td><td>\n  &nbsp;\n  <\/td><td>\n  TBD\n  <\/td><td>\n  12 094\n  <\/td><td>\n  617 Km\n  <\/td><td>\n  220 Km\n  <\/td><\/tr><tr><td>\n  8.\n  <\/td><td>\n  SP5BRD\n  <\/td><td>\n  26\n  <\/td><td>\n  <a href=\"http:\/\/ok2kjt.net\/edi\" target=\"_blank\" rel=\"noreferrer noopener\">L<\/a>\n  <\/td><td>\n  TBD\n  <\/td><td>\n  11 439\n  <\/td><td>\n  977 Km\n  <\/td><td>\n  440 Km\n  <\/td><\/tr><tr><td>\n  9.\n  <\/td><td>\n  SP6DHH\n  <\/td><td>\n  50\n  <\/td><td>\n  X\n  <\/td><td>\n  TBD\n  <\/td><td>\n  11 223\n  <\/td><td>\n  561 Km\n  <\/td><td>\n  225 Km\n  <\/td><\/tr><tr><td>\n  10.\n  <\/td><td>\n  SP9BNM\n  <\/td><td>\n  50\n  <\/td><td>\n  &nbsp;\n  <\/td><td>\n  TBD\n  <\/td><td>\n  8 818\n  <\/td><td>\n  546 Km\n  <\/td><td>\n  177 Km\n  <\/td><\/tr><tr><td>\n  11.\n  <\/td><td>\n  SP2HHX\n  <\/td><td>\n  18\n  <\/td><td>\n  &nbsp;\n  <\/td><td>\n  TBD\n  <\/td><td>\n  8 625\n  <\/td><td>\n  721 Km\n  <\/td><td>\n  479 Km\n  <\/td><\/tr><tr><td>\n  12.\n  <\/td><td>\n  SP9KLF\n  <\/td><td>\n  25\n  <\/td><td>\n  &nbsp;\n  <\/td><td>\n  TBD\n  <\/td><td>\n  8 151\n  <\/td><td>\n  949 Km\n  <\/td><td>\n  325 Km\n  <\/td><\/tr><tr><td>\n  13.\n  <\/td><td>\n  SQ7OFB\n  <\/td><td>\n  13\n  <\/td><td>\n  &nbsp;\n  <\/td><td>\n  TBD\n  <\/td><td>\n  3 499\n  <\/td><td>\n  596 Km\n  <\/td><td>\n  269 Km\n  <\/td><\/tr><tr><td>\n  14.\n  <\/td><td>\n  SP3JBI\n  <\/td><td>\n  10\n  <\/td><td>\n  <a href=\"http:\/\/ok2kjt.net\/edi\" target=\"_blank\" rel=\"noreferrer noopener\">L<\/a>\n  <\/td><td>\n  TBD\n  <\/td><td>\n  3 306\n  <\/td><td>\n  563 Km\n  <\/td><td>\n  331 Km\n  <\/td><\/tr><tr><td>\n  15.\n  <\/td><td>\n  SP3QDX\n  <\/td><td>\n  11\n  <\/td><td>\n  <a href=\"http:\/\/ok2kjt.net\/edi\" target=\"_blank\" rel=\"noreferrer noopener\">L<\/a>\n  <\/td><td>\n  TBD\n  <\/td><td>\n  3 094\n  <\/td><td>\n  495 Km\n  <\/td><td>\n  281 Km\n  <\/td><\/tr><tr><td>\n  16.\n  <\/td><td>\n  SQ6NDM\n  <\/td><td>\n  11\n  <\/td><td>\n  &nbsp;\n  <\/td><td>\n  TBD\n  <\/td><td>\n  2 549\n  <\/td><td>\n  571 Km\n  <\/td><td>\n  232 Km\n  <\/td><\/tr><tr><td>\n  17.\n  <\/td><td>\n  SP9WPR\n  <\/td><td>\n  18\n  <\/td><td>\n  &nbsp;\n  <\/td><td>\n  TBD\n  <\/td><td>\n  2 273\n  <\/td><td>\n  1007 Km\n  <\/td><td>\n  126 Km\n  <\/td><\/tr><\/tbody><\/table><\/figure>\n\n\n\n<p><br>\nZ wykazu tego jednoznacznie wynika, \u017ce Mateusz pod\nznakiem klubowym zaj\u0105\u0142 I miejsce w kraju \u2013 69 QSOs i 20.620 punkt\u00f3w. Takiego\nwyniku nigdy nie mieli\u015bmy na UKF. <strong>Mateusz:<\/strong>\n<strong>jeste\u015b WIELKI<\/strong>. <strong>Gratulacje. W klubie czeka Ci\u0119 nagroda specjalna.<\/strong><\/p>\n\n\n\n<p>To tyle informacji na dzi\u015b. Do czasu wznowienia dzia\u0142alno\u015bci klubowej podawa\u0107 b\u0119dziemy inne ciekawostki kr\u00f3tkofalarskie z kraju i ze \u015bwiata.<\/p>\n\n\n\n<p><strong>Info: Tadeusz SP9HQJ<\/strong><\/p>\n","protected":false},"excerpt":{"rendered":"<p>Nie tylko siemianowiccy kr\u00f3tkofalowcy prze\u017cywaj\u0105 trudne chwile zwi\u0105zane z nasileniem pandemii koronowirusa. Musimy stosowa\u0107 si\u0119 do zalece\u0144 s\u0142u\u017cb sanitarnych i organ\u00f3w administracji rz\u0105dowej i samorz\u0105dowej. Bardzo wszystkim nam doskwiera ta trudna sytuacja, kiedy to nie mo\u017cemy realizowa\u0107 zaplanowanych przedsi\u0119wzi\u0119\u0107 klubowych. &hellip; <a href=\"https:\/\/sp9kjm.com\/index.php\/2020\/03\/19\/klubowicze-w-obliczu-pandemii-korona-wirusa\/\">Czytaj dalej <span class=\"meta-nav\">&rarr;<\/span><\/a><\/p>\n","protected":false},"author":5,"featured_media":0,"comment_status":"closed","ping_status":"closed","sticky":false,"template":"","format":"standard","meta":{"c2c-post-author-ip":"","footnotes":""},"categories":[38,34],"tags":[],"class_list":["post-2296","post","type-post","status-publish","format-standard","hentry","category-latest-news","category-news"],"_links":{"self":[{"href":"https:\/\/sp9kjm.com\/index.php\/wp-json\/wp\/v2\/posts\/2296","targetHints":{"allow":["GET"]}}],"collection":[{"href":"https:\/\/sp9kjm.com\/index.php\/wp-json\/wp\/v2\/posts"}],"about":[{"href":"https:\/\/sp9kjm.com\/index.php\/wp-json\/wp\/v2\/types\/post"}],"author":[{"embeddable":true,"href":"https:\/\/sp9kjm.com\/index.php\/wp-json\/wp\/v2\/users\/5"}],"replies":[{"embeddable":true,"href":"https:\/\/sp9kjm.com\/index.php\/wp-json\/wp\/v2\/comments?post=2296"}],"version-history":[{"count":2,"href":"https:\/\/sp9kjm.com\/index.php\/wp-json\/wp\/v2\/posts\/2296\/revisions"}],"predecessor-version":[{"id":2309,"href":"https:\/\/sp9kjm.com\/index.php\/wp-json\/wp\/v2\/posts\/2296\/revisions\/2309"}],"wp:attachment":[{"href":"https:\/\/sp9kjm.com\/index.php\/wp-json\/wp\/v2\/media?parent=2296"}],"wp:term":[{"taxonomy":"category","embeddable":true,"href":"https:\/\/sp9kjm.com\/index.php\/wp-json\/wp\/v2\/categories?post=2296"},{"taxonomy":"post_tag","embeddable":true,"href":"https:\/\/sp9kjm.com\/index.php\/wp-json\/wp\/v2\/tags?post=2296"}],"curies":[{"name":"wp","href":"https:\/\/api.w.org\/{rel}","templated":true}]}}