{"id":2128,"date":"2020-01-26T08:05:06","date_gmt":"2020-01-26T07:05:06","guid":{"rendered":"https:\/\/sp9kjm.com\/?p=2128"},"modified":"2020-01-26T08:05:06","modified_gmt":"2020-01-26T07:05:06","slug":"czy-mozliwe-sa-gieldy-krotkofalarskie-w-siemianowicach-sl","status":"publish","type":"post","link":"https:\/\/sp9kjm.com\/index.php\/2020\/01\/26\/czy-mozliwe-sa-gieldy-krotkofalarskie-w-siemianowicach-sl\/","title":{"rendered":"Czy mo\u017cliwe s\u0105 gie\u0142dy kr\u00f3tkofalarskie w Siemianowicach \u015al. ?"},"content":{"rendered":"\n<p>Kilka dni temu na stronie klubowej ukaza\u0142 si\u0119\nm\u00f3j tekst w sprawie ewentualnego zorganizowania gie\u0142d kr\u00f3tkofalarskich w Domu\nKultury \u201eChemik\u201d w Siemianowicach \u015al. Informacj\u0119 t\u0119 zamie\u015bci\u0142em r\u00f3wnie\u017c na\nswoim profilu, a tak\u017ce na profilu klubowym Facebooka. Reakcja w tej sprawie\nby\u0142a natychmiastowa, bowiem w ci\u0105gu doby odezwa\u0142o si\u0119 wiele os\u00f3b\nzainteresowanych zorganizowaniem gie\u0142d. Poni\u017cej zaledwie cz\u0119\u015b\u0107 wypowiedzi\nniekt\u00f3rych \u015bl\u0105skich kr\u00f3tkofalowc\u00f3w \u2013 internaut\u00f3w. Z uwagi na przepisy RODO, nie\npodaj\u0119 imion i znak\u00f3w tych os\u00f3b. A oto niekt\u00f3re z wypowiedzi:<\/p>\n\n\n\n<p><em>TNX Tadeusz, bardzo\ndobry pomys\u0142 .Pozdrawiam. <\/em><em><\/em><\/p>\n\n\n\n<p><em>Oczywi\u015bcie \u0142apa w g\u00f3r\u0119.<\/em><em><\/em><\/p>\n\n\n\n<p><em>Doskona\u0142y pomys\u0142\njestem ZA.<\/em><em><\/em><\/p>\n\n\n\n<p><em>Witam, jestem jak\nnajbardziej za gie\u0142d\u0105 w Siemianowicach \u015al\u0105skich. Sam pochodz\u0119 z Micha\u0142kowic i\nby\u0142aby to zarazem okazja do odwiedzenia rodziny. Jestem za. Pozdrawiam. Z\nG\u00f3rniczym Ratowniczym Szcz\u0119\u015b\u0107 Bo\u017ce. <\/em><em><\/em><\/p>\n\n\n\n<p><em>Witam serdecznie, to\nbardzo dobry pomys\u0142 z t\u0105 gie\u0142d\u0105 kr\u00f3tkofalarsk\u0105. Trzymam kciuki, \u017ceby si\u0119 uda\u0142o\nzorganizowa\u0107 pozdrawiam 73.<\/em><em><\/em><\/p>\n\n\n\n<p><em>Tadek: a mo\u017ce by rozwa\u017cy\u0107 nie niedziel\u0119, ale sobot\u0119 np. pierwsza lub druga sobota miesi\u0105ca w godz. np. 8:00 do 12:00. Pozdrawiam.<\/em><\/p>\n\n\n\n<!--more-->\n\n\n\n<p><em>B\u0119d\u0119 na inauguracji. Mam\nwiele sprz\u0119t\u00f3w do sprzedania.<\/em><em><\/em><\/p>\n\n\n\n<p><em>Warto\u015bciowa inicjatywa.\nWalczcie. Z pewno\u015bci\u0105 si\u0119 przyjmie. Mam do sprzedania troch\u0119 sprz\u0119tu, hihihi.<\/em><em><\/em><\/p>\n\n\n\n<p><em>Pomys\u0142 bardzo dobry, jestem\nzainteresowany i nale\u017cy go wprowadzi\u0107 w \u017cycie pozdrawiam .73<\/em><em><\/em><\/p>\n\n\n\n<p><em>Jestem ZA..jak najbardziej.<\/em><em><\/em><\/p>\n\n\n\n<p>&nbsp;&nbsp;&nbsp;&nbsp; Niezale\u017cnie od tych wpis\u00f3w mia\u0142em kilka\ntelefon\u00f3w w tej sprawie i wszyscy dzwoni\u0105cy opowiadali si\u0119 za zorganizowaniem\ngie\u0142d. Informacja w tej sprawie uka\u017ce si\u0119 te\u017c na stronie OT 06 PZK. 1 lutego\nbr. tj. w czasie Zebrania Sprawozdawczego OT 06 PZK, kt\u00f3re b\u0119dzie mia\u0142o miejsce\nw Domu Kultury \u201eChemik\u201d w Siemianowicach \u015al. o fakcie tym powiadomimy reszt\u0119\ncz\u0142onk\u00f3w Oddzia\u0142u i by\u0107 mo\u017ce uda si\u0119 ustali\u0107 terminarz gie\u0142d.<\/p>\n\n\n\n<p><strong>Info: Tadeusz SP9HQJ <\/strong><\/p>\n","protected":false},"excerpt":{"rendered":"<p>Kilka dni temu na stronie klubowej ukaza\u0142 si\u0119 m\u00f3j tekst w sprawie ewentualnego zorganizowania gie\u0142d kr\u00f3tkofalarskich w Domu Kultury \u201eChemik\u201d w Siemianowicach \u015al. Informacj\u0119 t\u0119 zamie\u015bci\u0142em r\u00f3wnie\u017c na swoim profilu, a tak\u017ce na profilu klubowym Facebooka. Reakcja w tej sprawie &hellip; <a href=\"https:\/\/sp9kjm.com\/index.php\/2020\/01\/26\/czy-mozliwe-sa-gieldy-krotkofalarskie-w-siemianowicach-sl\/\">Czytaj dalej <span class=\"meta-nav\">&rarr;<\/span><\/a><\/p>\n","protected":false},"author":5,"featured_media":0,"comment_status":"closed","ping_status":"closed","sticky":false,"template":"","format":"standard","meta":{"c2c-post-author-ip":"","footnotes":""},"categories":[38,34],"tags":[],"class_list":["post-2128","post","type-post","status-publish","format-standard","hentry","category-latest-news","category-news"],"_links":{"self":[{"href":"https:\/\/sp9kjm.com\/index.php\/wp-json\/wp\/v2\/posts\/2128","targetHints":{"allow":["GET"]}}],"collection":[{"href":"https:\/\/sp9kjm.com\/index.php\/wp-json\/wp\/v2\/posts"}],"about":[{"href":"https:\/\/sp9kjm.com\/index.php\/wp-json\/wp\/v2\/types\/post"}],"author":[{"embeddable":true,"href":"https:\/\/sp9kjm.com\/index.php\/wp-json\/wp\/v2\/users\/5"}],"replies":[{"embeddable":true,"href":"https:\/\/sp9kjm.com\/index.php\/wp-json\/wp\/v2\/comments?post=2128"}],"version-history":[{"count":1,"href":"https:\/\/sp9kjm.com\/index.php\/wp-json\/wp\/v2\/posts\/2128\/revisions"}],"predecessor-version":[{"id":2129,"href":"https:\/\/sp9kjm.com\/index.php\/wp-json\/wp\/v2\/posts\/2128\/revisions\/2129"}],"wp:attachment":[{"href":"https:\/\/sp9kjm.com\/index.php\/wp-json\/wp\/v2\/media?parent=2128"}],"wp:term":[{"taxonomy":"category","embeddable":true,"href":"https:\/\/sp9kjm.com\/index.php\/wp-json\/wp\/v2\/categories?post=2128"},{"taxonomy":"post_tag","embeddable":true,"href":"https:\/\/sp9kjm.com\/index.php\/wp-json\/wp\/v2\/tags?post=2128"}],"curies":[{"name":"wp","href":"https:\/\/api.w.org\/{rel}","templated":true}]}}